{"id":65504,"date":"2017-08-01T17:26:21","date_gmt":"2017-08-01T20:26:21","guid":{"rendered":"http:\/\/www.hoymercedes.com.ar\/principal\/?p=65504"},"modified":"2017-08-01T20:21:24","modified_gmt":"2017-08-01T23:21:24","slug":"detienen-extranjeros-en-lujan-que-venian-de-cometer-un-robo-en-giles","status":"publish","type":"post","link":"https:\/\/www.hoymercedes.com.ar\/principal\/2017\/08\/01\/detienen-extranjeros-en-lujan-que-venian-de-cometer-un-robo-en-giles\/","title":{"rendered":"Detienen extranjeros en Luj\u00e1n que ven\u00edan de cometer un robo en Giles"},"content":{"rendered":"<p><img loading=\"lazy\" decoding=\"async\" data-attachment-id=\"65505\" data-permalink=\"https:\/\/www.hoymercedes.com.ar\/principal\/2017\/08\/01\/detienen-extranjeros-en-lujan-que-venian-de-cometer-un-robo-en-giles\/img-20170731-wa0046-1\/#main\" data-orig-file=\"https:\/\/www.hoymercedes.com.ar\/principal\/wp-content\/uploads\/2017\/08\/IMG-20170731-WA0046-1.jpg\" data-orig-size=\"1280,720\" data-comments-opened=\"0\" data-image-meta=\"{&quot;aperture&quot;:&quot;0&quot;,&quot;credit&quot;:&quot;&quot;,&quot;camera&quot;:&quot;&quot;,&quot;caption&quot;:&quot;&quot;,&quot;created_timestamp&quot;:&quot;0&quot;,&quot;copyright&quot;:&quot;&quot;,&quot;focal_length&quot;:&quot;0&quot;,&quot;iso&quot;:&quot;0&quot;,&quot;shutter_speed&quot;:&quot;0&quot;,&quot;title&quot;:&quot;&quot;,&quot;orientation&quot;:&quot;0&quot;}\" data-image-title=\"Detienen extranjeros\" data-image-description=\"\" data-image-caption=\"\" data-large-file=\"https:\/\/www.hoymercedes.com.ar\/principal\/wp-content\/uploads\/2017\/08\/IMG-20170731-WA0046-1-1024x576.jpg\" class=\"aligncenter size-medium wp-image-65505\" src=\"https:\/\/www.hoymercedes.com.ar\/principal\/wp-content\/uploads\/2017\/08\/IMG-20170731-WA0046-1-630x354.jpg\" alt=\"\" width=\"630\" height=\"354\" srcset=\"https:\/\/www.hoymercedes.com.ar\/principal\/wp-content\/uploads\/2017\/08\/IMG-20170731-WA0046-1-630x354.jpg 630w, https:\/\/www.hoymercedes.com.ar\/principal\/wp-content\/uploads\/2017\/08\/IMG-20170731-WA0046-1-150x84.jpg 150w, https:\/\/www.hoymercedes.com.ar\/principal\/wp-content\/uploads\/2017\/08\/IMG-20170731-WA0046-1-1024x576.jpg 1024w, https:\/\/www.hoymercedes.com.ar\/principal\/wp-content\/uploads\/2017\/08\/IMG-20170731-WA0046-1.jpg 1280w\" sizes=\"auto, (max-width: 630px) 100vw, 630px\" \/><\/p>\n<p>Si bien el hecho se sucedi\u00f3 en la vecina localidad se investiga si no son parte de atracos en otras de la regi\u00f3n. La detenci\u00f3n requiri\u00f3 la participaci\u00f3n de distintas fuerzas. Fue el hecho bajo jurisdicci\u00f3n de la justicia mercedina.<\/p>\n<p>La Polic\u00eda de Luj\u00e1n logr\u00f3 detener cerca del peaje de la mencionada localidad vecina a una banda que ven\u00eda de cometer un robo calificado en San Andr\u00e9s de Giles. Cuatro personas fueron atrapadas y se incautaron tel\u00e9fonos celulares y computadoras. Eran extranjeros.<\/p>\n<p>\u201cLos delincuentes habr\u00edan ingresado en una vivienda de la vecina ciudad que se encontraba deshabitada. Ante la llegada de un ni\u00f1o de 12 a\u00f1os, escaparon por los fondos de la casa ubicada en Hidalgo y Chacabuco, en Giles, tras sustraer un celular, dinero y alhajas. Al parecer, minutos antes hab\u00edan ingresado en otra casa donde se llevaron dos televisores y una computadora\u201d, inform\u00f3 el colega medio El Civismo.<\/p>\n<p>Los detenidos son de nacionalidad venezolana y colombiana, dos hombres y dos mujeres, todos mayores de edad. Se recuperaron los objetos de los il\u00edcitos.<\/p>\n<p>La acci\u00f3n requiri\u00f3 la intervenci\u00f3n de varias fuerzas dado que se concret\u00f3 por medio de un operativo cerrojo. Comisar\u00eda Luj\u00e1n Primera, Comando Patrulla Luj\u00e1n, Destacamento Brahma, Polic\u00eda Local y personal de San Andr\u00e9s de Giles, interceptaron a un veh\u00edculo Fiat negro patente GSH 425, que hab\u00eda sido utilizado para perpetrar robos bajo modalidad escruche en San Andres de Giles.<\/p>\n<p>De esta manera, una banda m\u00e1s, tras qued\u00f3 tras las rejas.<\/p>\n<p>&nbsp;<\/p>\n","protected":false},"excerpt":{"rendered":"<p>Si bien el hecho se sucedi\u00f3 en la vecina localidad se investiga si no son parte de atracos en otras &#8230; <a title=\"Detienen extranjeros en Luj\u00e1n que ven\u00edan de cometer un robo en Giles\" class=\"read-more\" href=\"https:\/\/www.hoymercedes.com.ar\/principal\/2017\/08\/01\/detienen-extranjeros-en-lujan-que-venian-de-cometer-un-robo-en-giles\/\" aria-label=\"Leer m\u00e1s sobre Detienen extranjeros en Luj\u00e1n que ven\u00edan de cometer un robo en Giles\">Leer m\u00e1s<\/a><\/p>\n","protected":false},"author":1,"featured_media":65505,"comment_status":"closed","ping_status":"open","sticky":false,"template":"","format":"standard","meta":{"_monsterinsights_skip_tracking":false,"_monsterinsights_sitenote_active":false,"_monsterinsights_sitenote_note":"","_monsterinsights_sitenote_category":0,"jetpack_post_was_ever_published":false,"_jetpack_newsletter_access":"","_jetpack_dont_email_post_to_subs":false,"_jetpack_newsletter_tier_id":0,"_jetpack_memberships_contains_paywalled_content":false,"_jetpack_memberships_contains_paid_content":false,"footnotes":"","jetpack_publicize_message":"","jetpack_publicize_feature_enabled":true,"jetpack_social_post_already_shared":true,"jetpack_social_options":{"image_generator_settings":{"template":"highway","default_image_id":0,"font":"","enabled":false},"version":2},"_wpas_customize_per_network":false},"categories":[11],"tags":[215,11630,86,96,2123],"class_list":["post-65504","post","type-post","status-publish","format-standard","has-post-thumbnail","hentry","category-ciudad","tag-detenciones","tag-detienen-extranjeros","tag-lujan","tag-policial-2","tag-san-andres-de-giles","generate-columns","tablet-grid-50","mobile-grid-100","grid-parent","grid-50"],"jetpack_publicize_connections":[],"jetpack_featured_media_url":"https:\/\/www.hoymercedes.com.ar\/principal\/wp-content\/uploads\/2017\/08\/IMG-20170731-WA0046-1.jpg","wps_subtitle":"Jurisdicci\u00f3n de Mercedes","jetpack_sharing_enabled":true,"_links":{"self":[{"href":"https:\/\/www.hoymercedes.com.ar\/principal\/wp-json\/wp\/v2\/posts\/65504","targetHints":{"allow":["GET"]}}],"collection":[{"href":"https:\/\/www.hoymercedes.com.ar\/principal\/wp-json\/wp\/v2\/posts"}],"about":[{"href":"https:\/\/www.hoymercedes.com.ar\/principal\/wp-json\/wp\/v2\/types\/post"}],"author":[{"embeddable":true,"href":"https:\/\/www.hoymercedes.com.ar\/principal\/wp-json\/wp\/v2\/users\/1"}],"replies":[{"embeddable":true,"href":"https:\/\/www.hoymercedes.com.ar\/principal\/wp-json\/wp\/v2\/comments?post=65504"}],"version-history":[{"count":0,"href":"https:\/\/www.hoymercedes.com.ar\/principal\/wp-json\/wp\/v2\/posts\/65504\/revisions"}],"wp:featuredmedia":[{"embeddable":true,"href":"https:\/\/www.hoymercedes.com.ar\/principal\/wp-json\/wp\/v2\/media\/65505"}],"wp:attachment":[{"href":"https:\/\/www.hoymercedes.com.ar\/principal\/wp-json\/wp\/v2\/media?parent=65504"}],"wp:term":[{"taxonomy":"category","embeddable":true,"href":"https:\/\/www.hoymercedes.com.ar\/principal\/wp-json\/wp\/v2\/categories?post=65504"},{"taxonomy":"post_tag","embeddable":true,"href":"https:\/\/www.hoymercedes.com.ar\/principal\/wp-json\/wp\/v2\/tags?post=65504"}],"curies":[{"name":"wp","href":"https:\/\/api.w.org\/{rel}","templated":true}]}}