{"id":6551,"date":"2011-08-18T21:03:51","date_gmt":"2011-08-18T21:03:51","guid":{"rendered":"http:\/\/www.hoymercedes.com.ar\/principal\/?p=6551"},"modified":"2011-08-18T21:03:51","modified_gmt":"2011-08-18T21:03:51","slug":"wi-fi-gratis-para-los-robles","status":"publish","type":"post","link":"https:\/\/www.hoymercedes.com.ar\/principal\/2011\/08\/18\/wi-fi-gratis-para-los-robles\/","title":{"rendered":"Wi-Fi gratis para Los Robles"},"content":{"rendered":"<p>Continuamos ampliando el servicio de Internet gratuito. El Barrio Los Robles ya cuenta con Wi-Fi para todos los vecinos. La Municipalidad de Mercedes puso a disposici\u00f3n de la gente del barrio el beneficio de Internet inal\u00e1mbrico y gratuito.<\/p>\n<p>Los Robles se suma as\u00ed a los barrios que ya tienen la posibilidad de estar conectados en la comodidad de sus casas y sin costo alguno.<\/p>\n<p>Para el fin de semana los vecinos cercanos al CIC, de calle 10 y 65, podr\u00e1n tener el mismo beneficio, ya que se est\u00e1 realizando la instalaci\u00f3n correspondiente para brindar el servicio de Wi-Fi gratuito para todos.<\/p>\n<p>&nbsp;<\/p>\n<p>La instalaci\u00f3n de Wi-Fi en toda la ciudad de Mercedes es un emprendimiento del Intendente Carlos Selva para complementar el Programa Nacional Conectar Igualdad y lograr as\u00ed que los chicos puedan darle un uso mas completo a las Netbooks que ya fueron entregadas.<\/p>\n<p>&nbsp;<\/p>\n","protected":false},"excerpt":{"rendered":"<p>Continuamos ampliando el servicio de Internet gratuito. El Barrio Los Robles ya cuenta con Wi-Fi para todos los vecinos. La &#8230; <a title=\"Wi-Fi gratis para Los Robles\" class=\"read-more\" href=\"https:\/\/www.hoymercedes.com.ar\/principal\/2011\/08\/18\/wi-fi-gratis-para-los-robles\/\" aria-label=\"Leer m\u00e1s sobre Wi-Fi gratis para Los Robles\">Leer m\u00e1s<\/a><\/p>\n","protected":false},"author":1,"featured_media":0,"comment_status":"open","ping_status":"open","sticky":false,"template":"","format":"standard","meta":{"_monsterinsights_skip_tracking":false,"_monsterinsights_sitenote_active":false,"_monsterinsights_sitenote_note":"","_monsterinsights_sitenote_category":0,"jetpack_post_was_ever_published":false,"_jetpack_newsletter_access":"","_jetpack_dont_email_post_to_subs":false,"_jetpack_newsletter_tier_id":0,"_jetpack_memberships_contains_paywalled_content":false,"_jetpack_memberships_contains_paid_content":false,"footnotes":"","jetpack_publicize_message":"","jetpack_publicize_feature_enabled":true,"jetpack_social_post_already_shared":false,"jetpack_social_options":{"image_generator_settings":{"template":"highway","default_image_id":0,"font":"","enabled":false},"version":2},"_wpas_customize_per_network":false},"categories":[30],"tags":[1167],"class_list":["post-6551","post","type-post","status-publish","format-standard","hentry","category-municipio","tag-wi-mercedes","generate-columns","tablet-grid-50","mobile-grid-100","grid-parent","grid-50"],"jetpack_publicize_connections":[],"jetpack_featured_media_url":"","wps_subtitle":"","jetpack_sharing_enabled":true,"_links":{"self":[{"href":"https:\/\/www.hoymercedes.com.ar\/principal\/wp-json\/wp\/v2\/posts\/6551","targetHints":{"allow":["GET"]}}],"collection":[{"href":"https:\/\/www.hoymercedes.com.ar\/principal\/wp-json\/wp\/v2\/posts"}],"about":[{"href":"https:\/\/www.hoymercedes.com.ar\/principal\/wp-json\/wp\/v2\/types\/post"}],"author":[{"embeddable":true,"href":"https:\/\/www.hoymercedes.com.ar\/principal\/wp-json\/wp\/v2\/users\/1"}],"replies":[{"embeddable":true,"href":"https:\/\/www.hoymercedes.com.ar\/principal\/wp-json\/wp\/v2\/comments?post=6551"}],"version-history":[{"count":0,"href":"https:\/\/www.hoymercedes.com.ar\/principal\/wp-json\/wp\/v2\/posts\/6551\/revisions"}],"wp:attachment":[{"href":"https:\/\/www.hoymercedes.com.ar\/principal\/wp-json\/wp\/v2\/media?parent=6551"}],"wp:term":[{"taxonomy":"category","embeddable":true,"href":"https:\/\/www.hoymercedes.com.ar\/principal\/wp-json\/wp\/v2\/categories?post=6551"},{"taxonomy":"post_tag","embeddable":true,"href":"https:\/\/www.hoymercedes.com.ar\/principal\/wp-json\/wp\/v2\/tags?post=6551"}],"curies":[{"name":"wp","href":"https:\/\/api.w.org\/{rel}","templated":true}]}}