{"id":65511,"date":"2017-08-07T10:22:25","date_gmt":"2017-08-07T13:22:25","guid":{"rendered":"http:\/\/www.hoymercedes.com.ar\/principal\/?p=65511"},"modified":"2017-08-04T22:43:57","modified_gmt":"2017-08-05T01:43:57","slug":"sade-mercedes-hara-suelta-de-poemas","status":"publish","type":"post","link":"https:\/\/www.hoymercedes.com.ar\/principal\/2017\/08\/07\/sade-mercedes-hara-suelta-de-poemas\/","title":{"rendered":"SADE Mercedes har\u00e1 suelta de poemas"},"content":{"rendered":"<p>La SADE Mercedes inform\u00f3 que el pr\u00f3ximo 24 de agosto &#8211; D\u00eda del Lector y aniversario del natalicio de Jorge Luis Borges &#8211; conjuntamente con las filiales de SADE de todo el pa\u00eds, efectuar\u00e1 en la ciudad una gran \u00abSuelta de Poemas\u00bb por las calles, bares, negocios y establecimientos escolares de la ciudad y en horarios de mayor concentraci\u00f3n de p\u00fablico.<\/p>\n<p>De acuerdo a la informaci\u00f3n brindada por la instituci\u00f3n, distribuir\u00e1n de manera gratuita tarjetas postales con las figuras y poemas de los escritores de Mercedes y de la literatura argentina.<\/p>\n<p>Asimismo, presentar\u00e1n ante e p\u00fablico la 5\u00b0 Gaceta Literaria de SADE Mercedes dirigida por Jorge Citr\u00e1ngolo Casal, con un homenaje al escritor mercedino Ra\u00fal Ortelli, quien obtuviera en 1967 la Faja de Honor de la SADE por su obra \u00abEl Otro Mart\u00edn Fierro\u00bb ilustrado por Octimio Landi.<\/p>\n<p>SADE Mercedes invita a todos los que quieran participar de estas actividades, se acerquen a esta entidad a la reuni\u00f3n abierta y gratuita que se llevar\u00e1 a cabo el d\u00eda 10 de agosto, a la hora 18 en la sede centro Av. 29 N\u00b0 691 de esta ciudad.<\/p>\n<p>Fuente: SADE Mercedes<\/p>\n<figure id=\"attachment_65512\" aria-describedby=\"caption-attachment-65512\" style=\"width: 425px\" class=\"wp-caption aligncenter\"><img loading=\"lazy\" decoding=\"async\" data-attachment-id=\"65512\" data-permalink=\"https:\/\/www.hoymercedes.com.ar\/principal\/2017\/08\/07\/sade-mercedes-hara-suelta-de-poemas\/03-sade-mercedes\/#main\" data-orig-file=\"https:\/\/www.hoymercedes.com.ar\/principal\/wp-content\/uploads\/2017\/08\/03-SADe-mercedes.jpg\" data-orig-size=\"480,684\" data-comments-opened=\"0\" data-image-meta=\"{&quot;aperture&quot;:&quot;0&quot;,&quot;credit&quot;:&quot;&quot;,&quot;camera&quot;:&quot;&quot;,&quot;caption&quot;:&quot;&quot;,&quot;created_timestamp&quot;:&quot;0&quot;,&quot;copyright&quot;:&quot;&quot;,&quot;focal_length&quot;:&quot;0&quot;,&quot;iso&quot;:&quot;0&quot;,&quot;shutter_speed&quot;:&quot;0&quot;,&quot;title&quot;:&quot;&quot;,&quot;orientation&quot;:&quot;0&quot;}\" data-image-title=\"03 SADe mercedes\" data-image-description=\"\" data-image-caption=\"&lt;p&gt;Tapa de la quinta edici\u00f3n de la Gaceta Literaria de SADE Mercedes&lt;\/p&gt;\n\" data-large-file=\"https:\/\/www.hoymercedes.com.ar\/principal\/wp-content\/uploads\/2017\/08\/03-SADe-mercedes.jpg\" class=\"size-medium wp-image-65512\" src=\"https:\/\/www.hoymercedes.com.ar\/principal\/wp-content\/uploads\/2017\/08\/03-SADe-mercedes-435x620.jpg\" alt=\"\" width=\"435\" height=\"620\" srcset=\"https:\/\/www.hoymercedes.com.ar\/principal\/wp-content\/uploads\/2017\/08\/03-SADe-mercedes-435x620.jpg 435w, https:\/\/www.hoymercedes.com.ar\/principal\/wp-content\/uploads\/2017\/08\/03-SADe-mercedes-105x150.jpg 105w, https:\/\/www.hoymercedes.com.ar\/principal\/wp-content\/uploads\/2017\/08\/03-SADe-mercedes.jpg 480w\" sizes=\"auto, (max-width: 435px) 100vw, 435px\" \/><figcaption id=\"caption-attachment-65512\" class=\"wp-caption-text\">Tapa de la quinta edici\u00f3n de la Gaceta Literaria de SADE Mercedes<\/figcaption><\/figure>\n","protected":false},"excerpt":{"rendered":"<p>La SADE Mercedes inform\u00f3 que el pr\u00f3ximo 24 de agosto &#8211; D\u00eda del Lector y aniversario del natalicio de Jorge &#8230; <a title=\"SADE Mercedes har\u00e1 suelta de poemas\" class=\"read-more\" href=\"https:\/\/www.hoymercedes.com.ar\/principal\/2017\/08\/07\/sade-mercedes-hara-suelta-de-poemas\/\" aria-label=\"Leer m\u00e1s sobre SADE Mercedes har\u00e1 suelta de poemas\">Leer m\u00e1s<\/a><\/p>\n","protected":false},"author":1,"featured_media":65512,"comment_status":"closed","ping_status":"open","sticky":false,"template":"","format":"standard","meta":{"_monsterinsights_skip_tracking":false,"_monsterinsights_sitenote_active":false,"_monsterinsights_sitenote_note":"","_monsterinsights_sitenote_category":0,"jetpack_post_was_ever_published":false,"_jetpack_newsletter_access":"","_jetpack_dont_email_post_to_subs":false,"_jetpack_newsletter_tier_id":0,"_jetpack_memberships_contains_paywalled_content":false,"_jetpack_memberships_contains_paid_content":false,"footnotes":"","jetpack_publicize_message":"","jetpack_publicize_feature_enabled":true,"jetpack_social_post_already_shared":true,"jetpack_social_options":{"image_generator_settings":{"template":"highway","default_image_id":0,"font":"","enabled":false},"version":2},"_wpas_customize_per_network":false},"categories":[104],"tags":[7805,10,5148,11632],"class_list":["post-65511","post","type-post","status-publish","format-standard","has-post-thumbnail","hentry","category-cultura","tag-cultura","tag-mercedes","tag-sade-mercedes","tag-suelta-de-poemas","generate-columns","tablet-grid-50","mobile-grid-100","grid-parent","grid-50"],"jetpack_publicize_connections":[],"jetpack_featured_media_url":"https:\/\/www.hoymercedes.com.ar\/principal\/wp-content\/uploads\/2017\/08\/03-SADe-mercedes.jpg","wps_subtitle":"El pr\u00f3ximo 24 de agosto","jetpack_sharing_enabled":true,"_links":{"self":[{"href":"https:\/\/www.hoymercedes.com.ar\/principal\/wp-json\/wp\/v2\/posts\/65511","targetHints":{"allow":["GET"]}}],"collection":[{"href":"https:\/\/www.hoymercedes.com.ar\/principal\/wp-json\/wp\/v2\/posts"}],"about":[{"href":"https:\/\/www.hoymercedes.com.ar\/principal\/wp-json\/wp\/v2\/types\/post"}],"author":[{"embeddable":true,"href":"https:\/\/www.hoymercedes.com.ar\/principal\/wp-json\/wp\/v2\/users\/1"}],"replies":[{"embeddable":true,"href":"https:\/\/www.hoymercedes.com.ar\/principal\/wp-json\/wp\/v2\/comments?post=65511"}],"version-history":[{"count":0,"href":"https:\/\/www.hoymercedes.com.ar\/principal\/wp-json\/wp\/v2\/posts\/65511\/revisions"}],"wp:featuredmedia":[{"embeddable":true,"href":"https:\/\/www.hoymercedes.com.ar\/principal\/wp-json\/wp\/v2\/media\/65512"}],"wp:attachment":[{"href":"https:\/\/www.hoymercedes.com.ar\/principal\/wp-json\/wp\/v2\/media?parent=65511"}],"wp:term":[{"taxonomy":"category","embeddable":true,"href":"https:\/\/www.hoymercedes.com.ar\/principal\/wp-json\/wp\/v2\/categories?post=65511"},{"taxonomy":"post_tag","embeddable":true,"href":"https:\/\/www.hoymercedes.com.ar\/principal\/wp-json\/wp\/v2\/tags?post=65511"}],"curies":[{"name":"wp","href":"https:\/\/api.w.org\/{rel}","templated":true}]}}