{"id":65545,"date":"2017-08-02T20:00:38","date_gmt":"2017-08-02T23:00:38","guid":{"rendered":"http:\/\/www.hoymercedes.com.ar\/principal\/?p=65545"},"modified":"2017-08-03T08:45:29","modified_gmt":"2017-08-03T11:45:29","slug":"encontraron-a-la-joven-de-17-anos-que-se-encontraba-desaparecida","status":"publish","type":"post","link":"https:\/\/www.hoymercedes.com.ar\/principal\/2017\/08\/02\/encontraron-a-la-joven-de-17-anos-que-se-encontraba-desaparecida\/","title":{"rendered":"Encontraron a la joven de 17 a\u00f1os que se encontraba desaparecida"},"content":{"rendered":"<p>Personal de la Polic\u00eda Comunal se dirigi\u00f3 durante la tarde de este mi\u00e9rcoles a la Capital Federal tras haber sido identificada en Plaza Misserere Carla Sauco de 17 a\u00f1os, quien era buscada desde hace quince d\u00edas.<\/p>\n<p>R\u00e1pidamente se dio intervenci\u00f3n a la fiscal\u00eda quien estaba aguardando el encuentro con la joven mercedina para poder realizar el procedimiento de rutina, como ver su estado de salud y tomarle declaraci\u00f3n.<\/p>\n<p>Se espera informaci\u00f3n oficial dado que todo est\u00e1 sucediendo en este momento.<\/p>\n<p>\u201cDespu\u00e9s de tanto buscarla despu\u00e9s de tantos d\u00edas dando todo para que aparezca mi hermana, hoy apareci\u00f3. Much\u00edsimas gracias a toda esa gente que nos ayud\u00f3, gente que nos brind\u00f3 su apoyo y estuvo con nosotros desde el primer d\u00eda. Gracias a Dios mi hermana esta nuevamente a nuestro lado y al lado de su hija. Apareci\u00f3 despu\u00e9s de 16 d\u00edas de esta b\u00fasqueda, de tristeza y dolor\u201d, expresaron desde la familia en las redes sociales donde se hab\u00eda iniciado la b\u00fasqueda de la joven.<\/p>\n<p>&nbsp;<\/p>\n<p>Ampliaremos<\/p>\n","protected":false},"excerpt":{"rendered":"<p>Personal de la Polic\u00eda Comunal se dirigi\u00f3 durante la tarde de este mi\u00e9rcoles a la Capital Federal tras haber sido &#8230; <a title=\"Encontraron a la joven de 17 a\u00f1os que se encontraba desaparecida\" class=\"read-more\" href=\"https:\/\/www.hoymercedes.com.ar\/principal\/2017\/08\/02\/encontraron-a-la-joven-de-17-anos-que-se-encontraba-desaparecida\/\" aria-label=\"Leer m\u00e1s sobre Encontraron a la joven de 17 a\u00f1os que se encontraba desaparecida\">Leer m\u00e1s<\/a><\/p>\n","protected":false},"author":1,"featured_media":62203,"comment_status":"closed","ping_status":"open","sticky":false,"template":"","format":"standard","meta":{"_monsterinsights_skip_tracking":false,"_monsterinsights_sitenote_active":false,"_monsterinsights_sitenote_note":"","_monsterinsights_sitenote_category":0,"jetpack_post_was_ever_published":false,"_jetpack_newsletter_access":"","_jetpack_dont_email_post_to_subs":false,"_jetpack_newsletter_tier_id":0,"_jetpack_memberships_contains_paywalled_content":false,"_jetpack_memberships_contains_paid_content":false,"footnotes":"","jetpack_publicize_message":"","jetpack_publicize_feature_enabled":true,"jetpack_social_post_already_shared":true,"jetpack_social_options":{"image_generator_settings":{"template":"highway","default_image_id":0,"font":"","enabled":false},"version":2},"_wpas_customize_per_network":false},"categories":[85],"tags":[11640,11642,11641,96],"class_list":["post-65545","post","type-post","status-publish","format-standard","has-post-thumbnail","hentry","category-policial","tag-adolescente","tag-aparecida","tag-desaparecida","tag-policial-2","generate-columns","tablet-grid-50","mobile-grid-100","grid-parent","grid-50"],"jetpack_publicize_connections":[],"jetpack_featured_media_url":"https:\/\/www.hoymercedes.com.ar\/principal\/wp-content\/uploads\/2017\/05\/01-Poli-Federal-1.jpg","wps_subtitle":"Tras una ardua b\u00fasqueda","jetpack_sharing_enabled":true,"_links":{"self":[{"href":"https:\/\/www.hoymercedes.com.ar\/principal\/wp-json\/wp\/v2\/posts\/65545","targetHints":{"allow":["GET"]}}],"collection":[{"href":"https:\/\/www.hoymercedes.com.ar\/principal\/wp-json\/wp\/v2\/posts"}],"about":[{"href":"https:\/\/www.hoymercedes.com.ar\/principal\/wp-json\/wp\/v2\/types\/post"}],"author":[{"embeddable":true,"href":"https:\/\/www.hoymercedes.com.ar\/principal\/wp-json\/wp\/v2\/users\/1"}],"replies":[{"embeddable":true,"href":"https:\/\/www.hoymercedes.com.ar\/principal\/wp-json\/wp\/v2\/comments?post=65545"}],"version-history":[{"count":0,"href":"https:\/\/www.hoymercedes.com.ar\/principal\/wp-json\/wp\/v2\/posts\/65545\/revisions"}],"wp:featuredmedia":[{"embeddable":true,"href":"https:\/\/www.hoymercedes.com.ar\/principal\/wp-json\/wp\/v2\/media\/62203"}],"wp:attachment":[{"href":"https:\/\/www.hoymercedes.com.ar\/principal\/wp-json\/wp\/v2\/media?parent=65545"}],"wp:term":[{"taxonomy":"category","embeddable":true,"href":"https:\/\/www.hoymercedes.com.ar\/principal\/wp-json\/wp\/v2\/categories?post=65545"},{"taxonomy":"post_tag","embeddable":true,"href":"https:\/\/www.hoymercedes.com.ar\/principal\/wp-json\/wp\/v2\/tags?post=65545"}],"curies":[{"name":"wp","href":"https:\/\/api.w.org\/{rel}","templated":true}]}}