{"id":65629,"date":"2017-08-04T23:00:53","date_gmt":"2017-08-05T02:00:53","guid":{"rendered":"http:\/\/www.hoymercedes.com.ar\/principal\/?p=65629"},"modified":"2018-03-28T17:14:34","modified_gmt":"2018-03-28T20:14:34","slug":"una-joven-de-22-anos-fue-victima-de-siniestro-vial","status":"publish","type":"post","link":"https:\/\/www.hoymercedes.com.ar\/principal\/2017\/08\/04\/una-joven-de-22-anos-fue-victima-de-siniestro-vial\/","title":{"rendered":"Una joven de 24 a\u00f1os fue v\u00edctima de siniestro vial"},"content":{"rendered":"<p>Como se adelantara, en el mediod\u00eda de hoy se produjo un fatal accidente en avenidas 29 y 40 a causa del cual falleci\u00f3 una joven de 24 a\u00f1os que fue identificada como Agustina Garc\u00eda Olgu\u00edn.<\/p>\n<p>El siniestro se produjo en momentos en que la joven conduc\u00eda su bicicleta por avenida 29 de 42 hacia 40. En ese momento, un cami\u00f3n Fiat Iveco, conducido por Sergio Riso, iba por la misma arteria y en la misma direcci\u00f3n.<\/p>\n<p>Ambos conductores frenaron en el sem\u00e1foro y cuando se reanud\u00f3 la marcha, al parecer el camionero no se percat\u00f3 de la presencia de la joven \u2013 al igual que la v\u00edctima no se habr\u00eda percatado de la maniobra del veh\u00edculo de mayor porte \u2013. El conductor dobl\u00f3 por avenida 40 provocando la tragedia.<\/p>\n<p>La joven era madre de una beba de meses.<\/p>\n<p>Sus restos son velados en calle 19 N\u00b0571 hasta ma\u00f1ana s\u00e1bado a las 10 horas, cuando sus restos recibir\u00e1n sepultura previo responso oficiado en Iglesia San Luis.<\/p>\n<p>Toda la comunidad qued\u00f3 impactada por el hecho y lamenta la p\u00e9rdida de la joven.<\/p>\n","protected":false},"excerpt":{"rendered":"<p>Como se adelantara, en el mediod\u00eda de hoy se produjo un fatal accidente en avenidas 29 y 40 a causa &#8230; <a title=\"Una joven de 24 a\u00f1os fue v\u00edctima de siniestro vial\" class=\"read-more\" href=\"https:\/\/www.hoymercedes.com.ar\/principal\/2017\/08\/04\/una-joven-de-22-anos-fue-victima-de-siniestro-vial\/\" aria-label=\"Leer m\u00e1s sobre Una joven de 24 a\u00f1os fue v\u00edctima de siniestro vial\">Leer m\u00e1s<\/a><\/p>\n","protected":false},"author":1,"featured_media":65602,"comment_status":"closed","ping_status":"open","sticky":false,"template":"","format":"standard","meta":{"_monsterinsights_skip_tracking":false,"_monsterinsights_sitenote_active":false,"_monsterinsights_sitenote_note":"","_monsterinsights_sitenote_category":0,"jetpack_post_was_ever_published":false,"_jetpack_newsletter_access":"","_jetpack_dont_email_post_to_subs":false,"_jetpack_newsletter_tier_id":0,"_jetpack_memberships_contains_paywalled_content":false,"_jetpack_memberships_contains_paid_content":false,"footnotes":"","jetpack_publicize_message":"","jetpack_publicize_feature_enabled":true,"jetpack_social_post_already_shared":true,"jetpack_social_options":{"image_generator_settings":{"template":"highway","default_image_id":0,"font":"","enabled":false},"version":2},"_wpas_customize_per_network":false},"categories":[85],"tags":[10511,832,10,96,10395],"class_list":["post-65629","post","type-post","status-publish","format-standard","has-post-thumbnail","hentry","category-policial","tag-29-y-40","tag-accidente","tag-mercedes","tag-policial-2","tag-siniestro-vial","generate-columns","tablet-grid-50","mobile-grid-100","grid-parent","grid-50"],"jetpack_publicize_connections":[],"jetpack_featured_media_url":"https:\/\/www.hoymercedes.com.ar\/principal\/wp-content\/uploads\/2017\/08\/acci-1.jpeg","wps_subtitle":"Ocurri\u00f3 este mediod\u00eda","jetpack_sharing_enabled":true,"_links":{"self":[{"href":"https:\/\/www.hoymercedes.com.ar\/principal\/wp-json\/wp\/v2\/posts\/65629","targetHints":{"allow":["GET"]}}],"collection":[{"href":"https:\/\/www.hoymercedes.com.ar\/principal\/wp-json\/wp\/v2\/posts"}],"about":[{"href":"https:\/\/www.hoymercedes.com.ar\/principal\/wp-json\/wp\/v2\/types\/post"}],"author":[{"embeddable":true,"href":"https:\/\/www.hoymercedes.com.ar\/principal\/wp-json\/wp\/v2\/users\/1"}],"replies":[{"embeddable":true,"href":"https:\/\/www.hoymercedes.com.ar\/principal\/wp-json\/wp\/v2\/comments?post=65629"}],"version-history":[{"count":0,"href":"https:\/\/www.hoymercedes.com.ar\/principal\/wp-json\/wp\/v2\/posts\/65629\/revisions"}],"wp:featuredmedia":[{"embeddable":true,"href":"https:\/\/www.hoymercedes.com.ar\/principal\/wp-json\/wp\/v2\/media\/65602"}],"wp:attachment":[{"href":"https:\/\/www.hoymercedes.com.ar\/principal\/wp-json\/wp\/v2\/media?parent=65629"}],"wp:term":[{"taxonomy":"category","embeddable":true,"href":"https:\/\/www.hoymercedes.com.ar\/principal\/wp-json\/wp\/v2\/categories?post=65629"},{"taxonomy":"post_tag","embeddable":true,"href":"https:\/\/www.hoymercedes.com.ar\/principal\/wp-json\/wp\/v2\/tags?post=65629"}],"curies":[{"name":"wp","href":"https:\/\/api.w.org\/{rel}","templated":true}]}}