{"id":65632,"date":"2017-08-05T10:00:01","date_gmt":"2017-08-05T13:00:01","guid":{"rendered":"http:\/\/www.hoymercedes.com.ar\/principal\/?p=65632"},"modified":"2017-08-05T09:49:36","modified_gmt":"2017-08-05T12:49:36","slug":"dos-vehiculos-involucrados-en-accidente-en-la-r5","status":"publish","type":"post","link":"https:\/\/www.hoymercedes.com.ar\/principal\/2017\/08\/05\/dos-vehiculos-involucrados-en-accidente-en-la-r5\/","title":{"rendered":"Dos veh\u00edculos involucrados en accidente en la R5"},"content":{"rendered":"<p><img loading=\"lazy\" decoding=\"async\" data-attachment-id=\"65633\" data-permalink=\"https:\/\/www.hoymercedes.com.ar\/principal\/2017\/08\/05\/dos-vehiculos-involucrados-en-accidente-en-la-r5\/accisab1\/#main\" data-orig-file=\"https:\/\/www.hoymercedes.com.ar\/principal\/wp-content\/uploads\/2017\/08\/accisab1.jpeg\" data-orig-size=\"640,480\" data-comments-opened=\"0\" data-image-meta=\"{&quot;aperture&quot;:&quot;0&quot;,&quot;credit&quot;:&quot;&quot;,&quot;camera&quot;:&quot;&quot;,&quot;caption&quot;:&quot;&quot;,&quot;created_timestamp&quot;:&quot;0&quot;,&quot;copyright&quot;:&quot;&quot;,&quot;focal_length&quot;:&quot;0&quot;,&quot;iso&quot;:&quot;0&quot;,&quot;shutter_speed&quot;:&quot;0&quot;,&quot;title&quot;:&quot;&quot;,&quot;orientation&quot;:&quot;0&quot;}\" data-image-title=\"accisab1\" data-image-description=\"\" data-image-caption=\"\" data-large-file=\"https:\/\/www.hoymercedes.com.ar\/principal\/wp-content\/uploads\/2017\/08\/accisab1.jpeg\" class=\"aligncenter size-medium wp-image-65633\" src=\"https:\/\/www.hoymercedes.com.ar\/principal\/wp-content\/uploads\/2017\/08\/accisab1-630x473.jpeg\" alt=\"\" width=\"630\" height=\"473\" srcset=\"https:\/\/www.hoymercedes.com.ar\/principal\/wp-content\/uploads\/2017\/08\/accisab1-630x473.jpeg 630w, https:\/\/www.hoymercedes.com.ar\/principal\/wp-content\/uploads\/2017\/08\/accisab1-150x113.jpeg 150w, https:\/\/www.hoymercedes.com.ar\/principal\/wp-content\/uploads\/2017\/08\/accisab1.jpeg 640w\" sizes=\"auto, (max-width: 630px) 100vw, 630px\" \/>Esta ma\u00f1ana se produjo un accidente en la ruta nacional N\u00b0 5, a la altura del kil\u00f3metro 92,500 aproximadamente. All\u00ed una camioneta Chevrolet S10, en la que viajaba una pareja oriunda de Corrientes en sentido Lujan \u2013 Mercedes, por causas que son materia de investigaci\u00f3n impact\u00f3 contra un autom\u00f3vil Peugeot 207 bord\u00f3. Aparentemente el impacto habr\u00eda sido desde detr\u00e1s al auto y ambos veh\u00edculos salieron dando tumbos hasta quedar la camioneta en la zanja entre la banquina lindante a la colectora y el otro autom\u00f3vil sobre la cinta asf\u00e1ltica, en sentido contrario al que ven\u00eda circulando.<\/p>\n<p>Hubo una r\u00e1pida intervenci\u00f3n policial y acudieron ambulancias que en principio habr\u00edan trasladado a dos personas al nosocomio local para su atenci\u00f3n. De momento se desconoce la cantidad de personas que iban en cada veh\u00edculo y si su salud reviste gravedad tras el siniestro.<\/p>\n","protected":false},"excerpt":{"rendered":"<p>Esta ma\u00f1ana se produjo un accidente en la ruta nacional N\u00b0 5, a la altura del kil\u00f3metro 92,500 aproximadamente. All\u00ed &#8230; <a title=\"Dos veh\u00edculos involucrados en accidente en la R5\" class=\"read-more\" href=\"https:\/\/www.hoymercedes.com.ar\/principal\/2017\/08\/05\/dos-vehiculos-involucrados-en-accidente-en-la-r5\/\" aria-label=\"Leer m\u00e1s sobre Dos veh\u00edculos involucrados en accidente en la R5\">Leer m\u00e1s<\/a><\/p>\n","protected":false},"author":1,"featured_media":65633,"comment_status":"closed","ping_status":"open","sticky":false,"template":"","format":"standard","meta":{"_monsterinsights_skip_tracking":false,"_monsterinsights_sitenote_active":false,"_monsterinsights_sitenote_note":"","_monsterinsights_sitenote_category":0,"jetpack_post_was_ever_published":false,"_jetpack_newsletter_access":"","_jetpack_dont_email_post_to_subs":false,"_jetpack_newsletter_tier_id":0,"_jetpack_memberships_contains_paywalled_content":false,"_jetpack_memberships_contains_paid_content":false,"footnotes":"","jetpack_publicize_message":"","jetpack_publicize_feature_enabled":true,"jetpack_social_post_already_shared":true,"jetpack_social_options":{"image_generator_settings":{"template":"highway","default_image_id":0,"font":"","enabled":false},"version":2},"_wpas_customize_per_network":false},"categories":[85],"tags":[],"class_list":["post-65632","post","type-post","status-publish","format-standard","has-post-thumbnail","hentry","category-policial","generate-columns","tablet-grid-50","mobile-grid-100","grid-parent","grid-50"],"jetpack_publicize_connections":[],"jetpack_featured_media_url":"https:\/\/www.hoymercedes.com.ar\/principal\/wp-content\/uploads\/2017\/08\/accisab1.jpeg","wps_subtitle":"Esta ma\u00f1ana","jetpack_sharing_enabled":true,"_links":{"self":[{"href":"https:\/\/www.hoymercedes.com.ar\/principal\/wp-json\/wp\/v2\/posts\/65632","targetHints":{"allow":["GET"]}}],"collection":[{"href":"https:\/\/www.hoymercedes.com.ar\/principal\/wp-json\/wp\/v2\/posts"}],"about":[{"href":"https:\/\/www.hoymercedes.com.ar\/principal\/wp-json\/wp\/v2\/types\/post"}],"author":[{"embeddable":true,"href":"https:\/\/www.hoymercedes.com.ar\/principal\/wp-json\/wp\/v2\/users\/1"}],"replies":[{"embeddable":true,"href":"https:\/\/www.hoymercedes.com.ar\/principal\/wp-json\/wp\/v2\/comments?post=65632"}],"version-history":[{"count":0,"href":"https:\/\/www.hoymercedes.com.ar\/principal\/wp-json\/wp\/v2\/posts\/65632\/revisions"}],"wp:featuredmedia":[{"embeddable":true,"href":"https:\/\/www.hoymercedes.com.ar\/principal\/wp-json\/wp\/v2\/media\/65633"}],"wp:attachment":[{"href":"https:\/\/www.hoymercedes.com.ar\/principal\/wp-json\/wp\/v2\/media?parent=65632"}],"wp:term":[{"taxonomy":"category","embeddable":true,"href":"https:\/\/www.hoymercedes.com.ar\/principal\/wp-json\/wp\/v2\/categories?post=65632"},{"taxonomy":"post_tag","embeddable":true,"href":"https:\/\/www.hoymercedes.com.ar\/principal\/wp-json\/wp\/v2\/tags?post=65632"}],"curies":[{"name":"wp","href":"https:\/\/api.w.org\/{rel}","templated":true}]}}