{"id":65638,"date":"2017-08-06T01:48:28","date_gmt":"2017-08-06T04:48:28","guid":{"rendered":"http:\/\/www.hoymercedes.com.ar\/principal\/?p=65638"},"modified":"2017-08-06T12:50:39","modified_gmt":"2017-08-06T15:50:39","slug":"estudiantes-goleo-y-se-sube-al-lote-de-lideres-en-primera","status":"publish","type":"post","link":"https:\/\/www.hoymercedes.com.ar\/principal\/2017\/08\/06\/estudiantes-goleo-y-se-sube-al-lote-de-lideres-en-primera\/","title":{"rendered":"Estudiantes gole\u00f3 y se sube al lote de l\u00edderes en Primera"},"content":{"rendered":"<p><strong><em>En cancha de la Liga Mercedina comenz\u00f3 a jugarse este s\u00e1bado la tercera fecha del torneo Clausura con tres partidos sobre seis posibles. Estudiantes gole\u00f3 a Costa Brava por 5 a 2 y con este resultado se meti\u00f3 en el lote de equipos que tiene cuatro puntos y que hasta el momento lideran el torneo. Lo mismo ocurri\u00f3 con El Front\u00f3n, que tras ganar en la primera fecha y perder en la segunda, ahora empat\u00f3 con Mercedes 1 a 1 como local y tambi\u00e9n es parte de los l\u00edderes.<\/em><\/strong><\/p>\n<p>&nbsp;<\/p>\n<p>El otro partido que se jug\u00f3 en Mercedes fue el de la victoria de Trocha por 3 a 1 ante Quilmes, en lo que fue el primer triunfo para la Carbonilla tras la derrota en el debut y una nueva ca\u00edda para el Cervecero, que tras derrotar a Defensores en la primera fecha, acumul\u00f3 dos ca\u00eddas al hilo.<\/p>\n<p>Con tres partidos en Mercedes y otro en Marcos Paz, se completa hoy la jornada, mientras que el torneo quedar\u00e1 sin asteriscos durante la semana cuando cumplan lo que deben Costa Brava y Pabell\u00f3n.<\/p>\n<table width=\"423\">\n<tbody>\n<tr>\n<td width=\"108\"><strong>Fecha 3<\/strong><\/td>\n<td width=\"14\"><\/td>\n<td width=\"301\"><\/td>\n<\/tr>\n<tr>\n<td><strong>Estudiantes<\/strong><\/td>\n<td>5<\/td>\n<td>Dami\u00e1n Mansilla (3), Gustavo Serio y Juan Gatti<\/td>\n<\/tr>\n<tr>\n<td><strong>Costa Brava<\/strong><\/td>\n<td>2<\/td>\n<td>Rodrigo Cabrera (2)<\/td>\n<\/tr>\n<tr>\n<td><\/td>\n<td><\/td>\n<td><\/td>\n<\/tr>\n<tr>\n<td><strong>El Front\u00f3n<\/strong><\/td>\n<td>1<\/td>\n<td>Santiago Gaynor<\/td>\n<\/tr>\n<tr>\n<td><strong>Mercedes<\/strong><\/td>\n<td>1<\/td>\n<td>Franco Gatti<\/td>\n<\/tr>\n<tr>\n<td><\/td>\n<td><\/td>\n<td><\/td>\n<\/tr>\n<tr>\n<td><strong>Trocha<\/strong><\/td>\n<td>3<\/td>\n<td>Gustavo Miranda y Axel Reyne (2)<\/td>\n<\/tr>\n<tr>\n<td><strong>Quilmes<\/strong><\/td>\n<td>1<\/td>\n<td>Enzo Romero<\/td>\n<\/tr>\n<\/tbody>\n<\/table>\n<p>&nbsp;<\/p>\n<p><strong>Domingo 6 de agosto<br \/>\nCancha: Liga Mercedina<\/strong>.<br \/>\nA las 13 V\u00e9lez vs. Atl\u00e9tico Marcos Paz.<br \/>\nA las 15 Defensores vs. Ateneo.<br \/>\nA las 17 Comunicaciones vs. AMEFIP-San Mart\u00edn.<\/p>\n<p><strong>Cancha:<\/strong>\u00a0<strong>Pabell\u00f3n.<\/strong><br \/>\nA las 15.00 Pabell\u00f3n Argentino vs. Los Palometas.<\/p>\n<p>&nbsp;<\/p>\n<p><em><strong>Mi\u00e9rcoles 9 de agosto, cancha Municipal de Suipacha<\/strong><\/em><strong><br \/>\nCosta Brava VsPabell\u00f3n Argentino de Marcos Paz<\/strong><\/p>\n<p>19:30 hs. -RESERVA-<br \/>\n21:15 hs. -PRIMERA-<\/p>\n<p><img loading=\"lazy\" decoding=\"async\" data-attachment-id=\"65639\" data-permalink=\"https:\/\/www.hoymercedes.com.ar\/principal\/2017\/08\/06\/estudiantes-goleo-y-se-sube-al-lote-de-lideres-en-primera\/primera-74\/#main\" data-orig-file=\"https:\/\/www.hoymercedes.com.ar\/principal\/wp-content\/uploads\/2017\/08\/Primera-1.png\" data-orig-size=\"488,404\" data-comments-opened=\"0\" data-image-meta=\"{&quot;aperture&quot;:&quot;0&quot;,&quot;credit&quot;:&quot;&quot;,&quot;camera&quot;:&quot;&quot;,&quot;caption&quot;:&quot;&quot;,&quot;created_timestamp&quot;:&quot;0&quot;,&quot;copyright&quot;:&quot;&quot;,&quot;focal_length&quot;:&quot;0&quot;,&quot;iso&quot;:&quot;0&quot;,&quot;shutter_speed&quot;:&quot;0&quot;,&quot;title&quot;:&quot;&quot;,&quot;orientation&quot;:&quot;0&quot;}\" data-image-title=\"Primera\" data-image-description=\"\" data-image-caption=\"\" data-large-file=\"https:\/\/www.hoymercedes.com.ar\/principal\/wp-content\/uploads\/2017\/08\/Primera-1.png\" class=\"aligncenter size-full wp-image-65639\" src=\"https:\/\/www.hoymercedes.com.ar\/principal\/wp-content\/uploads\/2017\/08\/Primera-1.png\" alt=\"\" width=\"488\" height=\"404\" srcset=\"https:\/\/www.hoymercedes.com.ar\/principal\/wp-content\/uploads\/2017\/08\/Primera-1.png 488w, https:\/\/www.hoymercedes.com.ar\/principal\/wp-content\/uploads\/2017\/08\/Primera-1-150x124.png 150w\" sizes=\"auto, (max-width: 488px) 100vw, 488px\" \/> <img loading=\"lazy\" decoding=\"async\" data-attachment-id=\"65640\" data-permalink=\"https:\/\/www.hoymercedes.com.ar\/principal\/2017\/08\/06\/estudiantes-goleo-y-se-sube-al-lote-de-lideres-en-primera\/goleadores-primera-31\/#main\" data-orig-file=\"https:\/\/www.hoymercedes.com.ar\/principal\/wp-content\/uploads\/2017\/08\/Goleadores-Primera-1.png\" data-orig-size=\"325,425\" data-comments-opened=\"0\" data-image-meta=\"{&quot;aperture&quot;:&quot;0&quot;,&quot;credit&quot;:&quot;&quot;,&quot;camera&quot;:&quot;&quot;,&quot;caption&quot;:&quot;&quot;,&quot;created_timestamp&quot;:&quot;0&quot;,&quot;copyright&quot;:&quot;&quot;,&quot;focal_length&quot;:&quot;0&quot;,&quot;iso&quot;:&quot;0&quot;,&quot;shutter_speed&quot;:&quot;0&quot;,&quot;title&quot;:&quot;&quot;,&quot;orientation&quot;:&quot;0&quot;}\" data-image-title=\"Goleadores Primera\" data-image-description=\"\" data-image-caption=\"\" data-large-file=\"https:\/\/www.hoymercedes.com.ar\/principal\/wp-content\/uploads\/2017\/08\/Goleadores-Primera-1.png\" class=\"aligncenter size-medium wp-image-65640\" src=\"https:\/\/www.hoymercedes.com.ar\/principal\/wp-content\/uploads\/2017\/08\/Goleadores-Primera-1.png\" alt=\"\" width=\"325\" height=\"425\" srcset=\"https:\/\/www.hoymercedes.com.ar\/principal\/wp-content\/uploads\/2017\/08\/Goleadores-Primera-1.png 325w, https:\/\/www.hoymercedes.com.ar\/principal\/wp-content\/uploads\/2017\/08\/Goleadores-Primera-1-115x150.png 115w\" sizes=\"auto, (max-width: 325px) 100vw, 325px\" \/><\/p>\n","protected":false},"excerpt":{"rendered":"<p>En cancha de la Liga Mercedina comenz\u00f3 a jugarse este s\u00e1bado la tercera fecha del torneo Clausura con tres partidos &#8230; <a title=\"Estudiantes gole\u00f3 y se sube al lote de l\u00edderes en Primera\" class=\"read-more\" href=\"https:\/\/www.hoymercedes.com.ar\/principal\/2017\/08\/06\/estudiantes-goleo-y-se-sube-al-lote-de-lideres-en-primera\/\" aria-label=\"Leer m\u00e1s sobre Estudiantes gole\u00f3 y se sube al lote de l\u00edderes en Primera\">Leer m\u00e1s<\/a><\/p>\n","protected":false},"author":1,"featured_media":65639,"comment_status":"closed","ping_status":"open","sticky":false,"template":"","format":"standard","meta":{"_monsterinsights_skip_tracking":false,"_monsterinsights_sitenote_active":false,"_monsterinsights_sitenote_note":"","_monsterinsights_sitenote_category":0,"jetpack_post_was_ever_published":false,"_jetpack_newsletter_access":"","_jetpack_dont_email_post_to_subs":false,"_jetpack_newsletter_tier_id":0,"_jetpack_memberships_contains_paywalled_content":false,"_jetpack_memberships_contains_paid_content":false,"footnotes":"","jetpack_publicize_message":"","jetpack_publicize_feature_enabled":true,"jetpack_social_post_already_shared":true,"jetpack_social_options":{"image_generator_settings":{"template":"highway","default_image_id":0,"font":"","enabled":false},"version":2},"_wpas_customize_per_network":false},"categories":[21],"tags":[204,829,1003,1901,10,8982],"class_list":["post-65638","post","type-post","status-publish","format-standard","has-post-thumbnail","hentry","category-deportes","tag-deportes-2","tag-estudiantes","tag-futbol","tag-liga-mercedina","tag-mercedes","tag-primera","generate-columns","tablet-grid-50","mobile-grid-100","grid-parent","grid-50"],"jetpack_publicize_connections":[],"jetpack_featured_media_url":"https:\/\/www.hoymercedes.com.ar\/principal\/wp-content\/uploads\/2017\/08\/Primera-1.png","wps_subtitle":"Liga Mercedina","jetpack_sharing_enabled":true,"_links":{"self":[{"href":"https:\/\/www.hoymercedes.com.ar\/principal\/wp-json\/wp\/v2\/posts\/65638","targetHints":{"allow":["GET"]}}],"collection":[{"href":"https:\/\/www.hoymercedes.com.ar\/principal\/wp-json\/wp\/v2\/posts"}],"about":[{"href":"https:\/\/www.hoymercedes.com.ar\/principal\/wp-json\/wp\/v2\/types\/post"}],"author":[{"embeddable":true,"href":"https:\/\/www.hoymercedes.com.ar\/principal\/wp-json\/wp\/v2\/users\/1"}],"replies":[{"embeddable":true,"href":"https:\/\/www.hoymercedes.com.ar\/principal\/wp-json\/wp\/v2\/comments?post=65638"}],"version-history":[{"count":0,"href":"https:\/\/www.hoymercedes.com.ar\/principal\/wp-json\/wp\/v2\/posts\/65638\/revisions"}],"wp:featuredmedia":[{"embeddable":true,"href":"https:\/\/www.hoymercedes.com.ar\/principal\/wp-json\/wp\/v2\/media\/65639"}],"wp:attachment":[{"href":"https:\/\/www.hoymercedes.com.ar\/principal\/wp-json\/wp\/v2\/media?parent=65638"}],"wp:term":[{"taxonomy":"category","embeddable":true,"href":"https:\/\/www.hoymercedes.com.ar\/principal\/wp-json\/wp\/v2\/categories?post=65638"},{"taxonomy":"post_tag","embeddable":true,"href":"https:\/\/www.hoymercedes.com.ar\/principal\/wp-json\/wp\/v2\/tags?post=65638"}],"curies":[{"name":"wp","href":"https:\/\/api.w.org\/{rel}","templated":true}]}}