{"id":65688,"date":"2017-08-06T23:59:18","date_gmt":"2017-08-07T02:59:18","guid":{"rendered":"http:\/\/www.hoymercedes.com.ar\/principal\/?p=65688"},"modified":"2017-08-07T13:24:19","modified_gmt":"2017-08-07T16:24:19","slug":"club-mercedes-piso-fuerte-en-la-plata-y-se-trajo-un-valioso-triunfo","status":"publish","type":"post","link":"https:\/\/www.hoymercedes.com.ar\/principal\/2017\/08\/06\/club-mercedes-piso-fuerte-en-la-plata-y-se-trajo-un-valioso-triunfo\/","title":{"rendered":"Club Mercedes pis\u00f3 fuerte en La Plata y se trajo un valioso triunfo"},"content":{"rendered":"<p><strong>Foto: Juan Dagnino.<\/strong><em><strong> En el campo de deportes de la Asociaci\u00f3n Coronel Brandsen, de La Plata, Club Mercedes consigui\u00f3 otros tres puntos de importancia ante Everton, equipo que sigue sin poder sumar de a tres y se complica con el descenso. Con dos goles de Esteban Rodr\u00edguez, uno de Hern\u00e1n Bruno y el cuarto de Nicol\u00e1s Minetti, los de Walter D\u00edaz cerraron un partido que tras estar 2 a 0 arriba, en pocos minutos se lo empataron y luego, con buen juego y superando al rival, en el segundo tiempo lo liquid\u00f3.<\/strong><\/em><\/p>\n<p><img loading=\"lazy\" decoding=\"async\" data-attachment-id=\"65707\" data-permalink=\"https:\/\/www.hoymercedes.com.ar\/principal\/2017\/08\/06\/club-mercedes-piso-fuerte-en-la-plata-y-se-trajo-un-valioso-triunfo\/img_1214\/#main\" data-orig-file=\"https:\/\/www.hoymercedes.com.ar\/principal\/wp-content\/uploads\/2017\/08\/IMG_1214.jpg\" data-orig-size=\"650,433\" data-comments-opened=\"0\" data-image-meta=\"{&quot;aperture&quot;:&quot;5.6&quot;,&quot;credit&quot;:&quot;&quot;,&quot;camera&quot;:&quot;Canon EOS DIGITAL REBEL XSi&quot;,&quot;caption&quot;:&quot;&quot;,&quot;created_timestamp&quot;:&quot;1502037371&quot;,&quot;copyright&quot;:&quot;&quot;,&quot;focal_length&quot;:&quot;135&quot;,&quot;iso&quot;:&quot;400&quot;,&quot;shutter_speed&quot;:&quot;0.001&quot;,&quot;title&quot;:&quot;&quot;,&quot;orientation&quot;:&quot;1&quot;}\" data-image-title=\"IMG_1214\" data-image-description=\"\" data-image-caption=\"\" data-large-file=\"https:\/\/www.hoymercedes.com.ar\/principal\/wp-content\/uploads\/2017\/08\/IMG_1214.jpg\" class=\"aligncenter size-medium wp-image-65707\" src=\"https:\/\/www.hoymercedes.com.ar\/principal\/wp-content\/uploads\/2017\/08\/IMG_1214-630x420.jpg\" alt=\"\" width=\"630\" height=\"420\" srcset=\"https:\/\/www.hoymercedes.com.ar\/principal\/wp-content\/uploads\/2017\/08\/IMG_1214-630x420.jpg 630w, https:\/\/www.hoymercedes.com.ar\/principal\/wp-content\/uploads\/2017\/08\/IMG_1214-150x100.jpg 150w, https:\/\/www.hoymercedes.com.ar\/principal\/wp-content\/uploads\/2017\/08\/IMG_1214-300x200.jpg 300w, https:\/\/www.hoymercedes.com.ar\/principal\/wp-content\/uploads\/2017\/08\/IMG_1214.jpg 650w\" sizes=\"auto, (max-width: 630px) 100vw, 630px\" \/><\/p>\n<p>Fue un partido en el que hubo dos equipos. Uno en ataque, con Ivan Arbello con un primer tiempo muy bueno, a quien se le sumaron como siempre el inquieto Esteban Rodr\u00edguez, Joaqu\u00edn Parra (con mejor participaci\u00f3n que en los partidos anteriores), y Juli\u00e1n Alarc\u00f3n, quien si bien no lleg\u00f3 a tener una situaci\u00f3n neta de gol, molest\u00f3 a la defensa rival en todo momento.<\/p>\n<p>El otro equipo fue en defensa. En el primer tiempo no brind\u00f3 ninguna seguridad, en especial los centrales, con el punto m\u00e1s flojo en Walter Mendoza, quien est\u00e1 muy lejos del nivel de Juan Pedro Gatti y que no logr\u00f3 encontrarse con Cristian Biglia. Eso, sumado a que Ruben G\u00f3mez no tuvo el mejor encuentro en defensa y que Hern\u00e1n Bruno no era bien relevado cuando sub\u00eda, hac\u00edan que Mercedes sea una invitaci\u00f3n al contragolpe para agarrarlo mal parado y lento en todo momento.<\/p>\n<p>Everton fue un equipo muy flojo, que con muy poco complic\u00f3 a Mercedes. En los primeros cinco minutos asust\u00f3 bastante, con dos situaciones claras de gol que Kardasinski no pudo meter dentro del arco y otra de Netto, quien de cabeza la dejo contra el palo de un Rosse que hab\u00eda salido mal. Luego, supo aprovechar un penal inventado por el \u00e1rbitro Lieve, y una distracci\u00f3n de la defensa de Mercedes, en la que se qued\u00f3 esperando que le cobraran posici\u00f3n adelantada a Kardasinski, mientras Garc\u00eda tomaba la pelota y la pon\u00eda en el segundo palo de Rose.<\/p>\n<p>Mercedes comenz\u00f3 ganando con un magistral tiro libre de Esteban Rodr\u00edguez a los 15 minutos y luego, a los 22, ampliaba el marcador con un cabezazo del propio \u00abChinchu\u00bb, tras un corner de Arbello. Despu\u00e9s, a los 23 Kardasinski se deja caer en el \u00e1rea cuando Rose sali\u00f3 a cortar y el \u00e1rbitro compr\u00f3 el penal que Ferreti cambi\u00f3 por gol y a los 31 llegaba el empate que preocupaba al centenar de hinchas que viaj\u00f3 a La Plata.<\/p>\n<p>En el segundo tiempo, Everton se par\u00f3 de contra, Mercedes monopoliz\u00f3 el juego y si bien tuvo pocas chances de gol, las materializ\u00f3 de la mejor manera. Primer con un corner a los 16 minutos. Arbello la jug\u00f3 al primer palo para que la peine Cristian Biglia y Hern\u00e1n Bruno aparezca por el segundo para poner el 3 a 2. Los minutos se iban consumiento, el local no ofrec\u00eda mucho para ir a buscar el empate y las dos veces que lleg\u00f3, choc\u00f3 con Rose. Tras un corner a favor de Everton, la pelota qued\u00f3 boyando en la medialuna y Parra la tir\u00f3 larga para la corrida de Nicol\u00e1s Minetti, quien primero super\u00f3 la marca de quien qued\u00f3 como \u00faltimo hombre y luego al arquero, para rematar a un arco vac\u00edo y poner el 4 a 2 final a un minuto del tiempo reglamentario.<\/p>\n<p>Mercedes sum\u00f3 tres puntos por segunda vez en el torneo y se aleja de lo que m\u00e1s preocupa, que es el puesto de descenso y sue\u00f1a con seguir sumando, la pr\u00f3xima fecha, tras elecciones, ante Jorge Newbery, que no sum\u00f3 hasta el momento, para empezar a meterle presi\u00f3n a los tres de arriba, sabiendo que entre los tres se medir\u00e1n en las pr\u00f3ximas semanas y dejar\u00e1n puntos en el camino.<\/p>\n<p><strong>Everton 2:<\/strong>\u00a0Rodrigo Ben\u00edtez, Mauricio Netto, Nicol\u00e1s Grasso, Lucas Pezza, Mat\u00edas Chapeta, Andr\u00e9s Gesualdo, Felipe Rocuzzo, Emanuel Avalos, Alan Kardasinski, Pablo Ferreti y Andr\u00e9s Garc\u00eda. DT: Gustavo Bianco. Suplentes: Maximiliano Marenco, Mat\u00edas Mazzacane, Gast\u00f3n Garc\u00eda y Juan Garc\u00eda.\u00a0\u00a0<strong><br \/>\nClub Mercedes 4:\u00a0<\/strong>Emilio Rose, Cristian Biglia, R\u00faben G\u00f3mez, Hern\u00e1n Bruno, Nicol\u00e1s Contardi, Walter Mendoza, Esteban Rodr\u00edguez, Joaqu\u00edn Parra, Juli\u00e1n Alarc\u00f3n, Iv\u00e1n Arbello y Thom\u00e1s Schenone. DT: Walter D\u00edaz. Suplentes: Juan Bidone, Daniel Ojeda, Agust\u00edn Juanicotena y Tiago Portesi.<\/p>\n<p>Goles en el PT:\u00a0A los 14\u2019 y 21\u2019 Esteben Rodr\u00edguez para Club Mercedes, 22\u2019 de penal Pablo Ferreti y a los 30\u2019 Juan Garc\u00eda para Everton.<br \/>\nGoles en el ST: A los 16\u2019 Hern\u00e1n Bruno y a los 44\u2019 Nicol\u00e1s Minetti para Club Mercedes.<br \/>\n<strong>Cambios en el PT:<\/strong>\u00a0Luis Lawler por Juli\u00e1n Alarc\u00f3n en Mercedes.\u00a0<strong>ST:<\/strong>\u00a0Cristian Barrientos por Walter Mendoza y Nicol\u00e1s Minetti por Esteban Rodr\u00edguez en Club Mercedes. Gast\u00f3n Iba\u00f1ez por Pablo Ferreti, Carlos Cimino por Lucas Pezza y Guillermo Veloz por Emanuel Avalos en Everton.<br \/>\n<strong>\u00c1rbitro:<\/strong>\u00a0Mariano Lieve (Lobos).<br \/>\n<strong><br \/>\nResultados<br \/>\n<\/strong><strong>Viamonte FC (Los Toldos) 2:<\/strong>\u00a0Nicol\u00e1s Castillo de penal y Jorge Fern\u00e1ndez.<br \/>\n<strong>CRIBA (La Plata) 1:\u00a0<\/strong>Dami\u00e1n Silva.<\/p>\n<p><strong>ADIP (Gonet) 1:<\/strong>\u00a0Jer\u00f3nimo Casas.<br \/>\n<strong>El Linque\u00f1o 0<\/strong>.<br \/>\n<strong><br \/>\n<\/strong><strong>Independiente (Chivilcoy) 0<\/strong>.<br \/>\n<strong>Camioneros 0<\/strong>.<\/p>\n<p><strong>Jorge Newbery (Jun\u00edn) 1:<\/strong>\u00a0Luciano Giulio.<br \/>\n<strong>Bragado Club 2:<\/strong>\u00a0Dardo Sosa y Lizarraga.<\/p>\n<p><strong>Pr\u00f3xima fecha<\/strong><br \/>\nEverton (La Plata) vs. Viamonte FC (Los Toldos).<br \/>\nClub Mercedes vs. Jorge Newbery (Jun\u00edn).<br \/>\nBragado Club vs. ADIP (Gonet).<br \/>\nEl Linque\u00f1o (Lincoln) vs. Independiente (Chivilcoy).<br \/>\nCamioneros vs. CRIBA (La Plata).<\/p>\n<p><img loading=\"lazy\" decoding=\"async\" data-attachment-id=\"65710\" data-permalink=\"https:\/\/www.hoymercedes.com.ar\/principal\/2017\/08\/06\/club-mercedes-piso-fuerte-en-la-plata-y-se-trajo-un-valioso-triunfo\/zona-a-3\/#main\" data-orig-file=\"https:\/\/www.hoymercedes.com.ar\/principal\/wp-content\/uploads\/2017\/08\/Zona-A.png\" data-orig-size=\"503,259\" data-comments-opened=\"0\" data-image-meta=\"{&quot;aperture&quot;:&quot;0&quot;,&quot;credit&quot;:&quot;&quot;,&quot;camera&quot;:&quot;&quot;,&quot;caption&quot;:&quot;&quot;,&quot;created_timestamp&quot;:&quot;0&quot;,&quot;copyright&quot;:&quot;&quot;,&quot;focal_length&quot;:&quot;0&quot;,&quot;iso&quot;:&quot;0&quot;,&quot;shutter_speed&quot;:&quot;0&quot;,&quot;title&quot;:&quot;&quot;,&quot;orientation&quot;:&quot;0&quot;}\" data-image-title=\"Zona A\" data-image-description=\"\" data-image-caption=\"\" data-large-file=\"https:\/\/www.hoymercedes.com.ar\/principal\/wp-content\/uploads\/2017\/08\/Zona-A.png\" class=\"aligncenter size-full wp-image-65710\" src=\"https:\/\/www.hoymercedes.com.ar\/principal\/wp-content\/uploads\/2017\/08\/Zona-A.png\" alt=\"\" width=\"503\" height=\"259\" srcset=\"https:\/\/www.hoymercedes.com.ar\/principal\/wp-content\/uploads\/2017\/08\/Zona-A.png 503w, https:\/\/www.hoymercedes.com.ar\/principal\/wp-content\/uploads\/2017\/08\/Zona-A-150x77.png 150w\" sizes=\"auto, (max-width: 503px) 100vw, 503px\" \/> <img loading=\"lazy\" decoding=\"async\" data-attachment-id=\"65711\" data-permalink=\"https:\/\/www.hoymercedes.com.ar\/principal\/2017\/08\/06\/club-mercedes-piso-fuerte-en-la-plata-y-se-trajo-un-valioso-triunfo\/goles-zona-a-4\/#main\" data-orig-file=\"https:\/\/www.hoymercedes.com.ar\/principal\/wp-content\/uploads\/2017\/08\/Goles-Zona-A.png\" data-orig-size=\"272,321\" data-comments-opened=\"0\" data-image-meta=\"{&quot;aperture&quot;:&quot;0&quot;,&quot;credit&quot;:&quot;&quot;,&quot;camera&quot;:&quot;&quot;,&quot;caption&quot;:&quot;&quot;,&quot;created_timestamp&quot;:&quot;0&quot;,&quot;copyright&quot;:&quot;&quot;,&quot;focal_length&quot;:&quot;0&quot;,&quot;iso&quot;:&quot;0&quot;,&quot;shutter_speed&quot;:&quot;0&quot;,&quot;title&quot;:&quot;&quot;,&quot;orientation&quot;:&quot;0&quot;}\" data-image-title=\"Goles Zona A\" data-image-description=\"\" data-image-caption=\"\" data-large-file=\"https:\/\/www.hoymercedes.com.ar\/principal\/wp-content\/uploads\/2017\/08\/Goles-Zona-A.png\" class=\"aligncenter size-medium wp-image-65711\" src=\"https:\/\/www.hoymercedes.com.ar\/principal\/wp-content\/uploads\/2017\/08\/Goles-Zona-A.png\" alt=\"\" width=\"272\" height=\"321\" srcset=\"https:\/\/www.hoymercedes.com.ar\/principal\/wp-content\/uploads\/2017\/08\/Goles-Zona-A.png 272w, https:\/\/www.hoymercedes.com.ar\/principal\/wp-content\/uploads\/2017\/08\/Goles-Zona-A-127x150.png 127w\" sizes=\"auto, (max-width: 272px) 100vw, 272px\" \/><\/p>\n","protected":false},"excerpt":{"rendered":"<p>Foto: Juan Dagnino. En el campo de deportes de la Asociaci\u00f3n Coronel Brandsen, de La Plata, Club Mercedes consigui\u00f3 otros &#8230; <a title=\"Club Mercedes pis\u00f3 fuerte en La Plata y se trajo un valioso triunfo\" class=\"read-more\" href=\"https:\/\/www.hoymercedes.com.ar\/principal\/2017\/08\/06\/club-mercedes-piso-fuerte-en-la-plata-y-se-trajo-un-valioso-triunfo\/\" aria-label=\"Leer m\u00e1s sobre Club Mercedes pis\u00f3 fuerte en La Plata y se trajo un valioso triunfo\">Leer m\u00e1s<\/a><\/p>\n","protected":false},"author":1,"featured_media":65707,"comment_status":"closed","ping_status":"open","sticky":false,"template":"","format":"standard","meta":{"_monsterinsights_skip_tracking":false,"_monsterinsights_sitenote_active":false,"_monsterinsights_sitenote_note":"","_monsterinsights_sitenote_category":0,"jetpack_post_was_ever_published":false,"_jetpack_newsletter_access":"","_jetpack_dont_email_post_to_subs":false,"_jetpack_newsletter_tier_id":0,"_jetpack_memberships_contains_paywalled_content":false,"_jetpack_memberships_contains_paid_content":false,"footnotes":"","jetpack_publicize_message":"","jetpack_publicize_feature_enabled":true,"jetpack_social_post_already_shared":true,"jetpack_social_options":{"image_generator_settings":{"template":"highway","default_image_id":0,"font":"","enabled":false},"version":2},"_wpas_customize_per_network":false},"categories":[21],"tags":[122,204,9674,1003,7985,10],"class_list":["post-65688","post","type-post","status-publish","format-standard","has-post-thumbnail","hentry","category-deportes","tag-club-mercedes","tag-deportes-2","tag-federal-b","tag-futbol","tag-la-plata","tag-mercedes","generate-columns","tablet-grid-50","mobile-grid-100","grid-parent","grid-50"],"jetpack_publicize_connections":[],"jetpack_featured_media_url":"https:\/\/www.hoymercedes.com.ar\/principal\/wp-content\/uploads\/2017\/08\/IMG_1214.jpg","wps_subtitle":"Federal B","jetpack_sharing_enabled":true,"_links":{"self":[{"href":"https:\/\/www.hoymercedes.com.ar\/principal\/wp-json\/wp\/v2\/posts\/65688","targetHints":{"allow":["GET"]}}],"collection":[{"href":"https:\/\/www.hoymercedes.com.ar\/principal\/wp-json\/wp\/v2\/posts"}],"about":[{"href":"https:\/\/www.hoymercedes.com.ar\/principal\/wp-json\/wp\/v2\/types\/post"}],"author":[{"embeddable":true,"href":"https:\/\/www.hoymercedes.com.ar\/principal\/wp-json\/wp\/v2\/users\/1"}],"replies":[{"embeddable":true,"href":"https:\/\/www.hoymercedes.com.ar\/principal\/wp-json\/wp\/v2\/comments?post=65688"}],"version-history":[{"count":0,"href":"https:\/\/www.hoymercedes.com.ar\/principal\/wp-json\/wp\/v2\/posts\/65688\/revisions"}],"wp:featuredmedia":[{"embeddable":true,"href":"https:\/\/www.hoymercedes.com.ar\/principal\/wp-json\/wp\/v2\/media\/65707"}],"wp:attachment":[{"href":"https:\/\/www.hoymercedes.com.ar\/principal\/wp-json\/wp\/v2\/media?parent=65688"}],"wp:term":[{"taxonomy":"category","embeddable":true,"href":"https:\/\/www.hoymercedes.com.ar\/principal\/wp-json\/wp\/v2\/categories?post=65688"},{"taxonomy":"post_tag","embeddable":true,"href":"https:\/\/www.hoymercedes.com.ar\/principal\/wp-json\/wp\/v2\/tags?post=65688"}],"curies":[{"name":"wp","href":"https:\/\/api.w.org\/{rel}","templated":true}]}}