{"id":65725,"date":"2017-08-07T10:28:27","date_gmt":"2017-08-07T13:28:27","guid":{"rendered":"http:\/\/www.hoymercedes.com.ar\/principal\/?p=65725"},"modified":"2017-08-07T13:21:14","modified_gmt":"2017-08-07T16:21:14","slug":"judiciales-realizaran-una-nueva-jornada-de-paro","status":"publish","type":"post","link":"https:\/\/www.hoymercedes.com.ar\/principal\/2017\/08\/07\/judiciales-realizaran-una-nueva-jornada-de-paro\/","title":{"rendered":"Judiciales realizar\u00e1n una nueva jornada de paro"},"content":{"rendered":"<p>La semana que pas\u00f3, los judiciales retomaron tras la feria una jornada de paro el 31 de julio. Fue en el marco provincial de 7 de julio la decisi\u00f3n atentos a que el gobierno provincial no volvi\u00f3 a convocarlos. \u00abEl gobierno provincial sigue sin atendernos\u00bb, resalt\u00f3 Alberto \u00a0Igoldi, secretario gremial de la AJB Mercedes.<\/p>\n<p>Tras efectuar asambleas departamentales durante la semana pasada, con distintas modalidades en cada uno, se defini\u00f3 un nuevo paro para esta semana a realizarse entre martes y mi\u00e9rcoles. En esta \u00faltima jornada se efectuar\u00e1 adem\u00e1s una movilizaci\u00f3n a La Plata \u00aba fin de que el gobierno nos convoque a paritarias definitivas, cuesti\u00f3n que no ocurre desde junio cuando les vimos las caras a las segundas l\u00edneas del gobierno\u00bb, remarc\u00f3 Igoldi.<\/p>\n","protected":false},"excerpt":{"rendered":"<p>La semana que pas\u00f3, los judiciales retomaron tras la feria una jornada de paro el 31 de julio. Fue en &#8230; <a title=\"Judiciales realizar\u00e1n una nueva jornada de paro\" class=\"read-more\" href=\"https:\/\/www.hoymercedes.com.ar\/principal\/2017\/08\/07\/judiciales-realizaran-una-nueva-jornada-de-paro\/\" aria-label=\"Leer m\u00e1s sobre Judiciales realizar\u00e1n una nueva jornada de paro\">Leer m\u00e1s<\/a><\/p>\n","protected":false},"author":1,"featured_media":0,"comment_status":"closed","ping_status":"open","sticky":false,"template":"","format":"standard","meta":{"_monsterinsights_skip_tracking":false,"_monsterinsights_sitenote_active":false,"_monsterinsights_sitenote_note":"","_monsterinsights_sitenote_category":0,"jetpack_post_was_ever_published":false,"_jetpack_newsletter_access":"","_jetpack_dont_email_post_to_subs":false,"_jetpack_newsletter_tier_id":0,"_jetpack_memberships_contains_paywalled_content":false,"_jetpack_memberships_contains_paid_content":false,"footnotes":"","jetpack_publicize_message":"","jetpack_publicize_feature_enabled":true,"jetpack_social_post_already_shared":true,"jetpack_social_options":{"image_generator_settings":{"template":"highway","default_image_id":0,"font":"","enabled":false},"version":2},"_wpas_customize_per_network":false},"categories":[11],"tags":[1734,11626,523,524],"class_list":["post-65725","post","type-post","status-publish","format-standard","hentry","category-ciudad","tag-ciudad-2","tag-gremios-sindicatos","tag-judiciales","tag-paro","generate-columns","tablet-grid-50","mobile-grid-100","grid-parent","grid-50"],"jetpack_publicize_connections":[],"jetpack_featured_media_url":"","wps_subtitle":"Por 48 horas","jetpack_sharing_enabled":true,"_links":{"self":[{"href":"https:\/\/www.hoymercedes.com.ar\/principal\/wp-json\/wp\/v2\/posts\/65725","targetHints":{"allow":["GET"]}}],"collection":[{"href":"https:\/\/www.hoymercedes.com.ar\/principal\/wp-json\/wp\/v2\/posts"}],"about":[{"href":"https:\/\/www.hoymercedes.com.ar\/principal\/wp-json\/wp\/v2\/types\/post"}],"author":[{"embeddable":true,"href":"https:\/\/www.hoymercedes.com.ar\/principal\/wp-json\/wp\/v2\/users\/1"}],"replies":[{"embeddable":true,"href":"https:\/\/www.hoymercedes.com.ar\/principal\/wp-json\/wp\/v2\/comments?post=65725"}],"version-history":[{"count":0,"href":"https:\/\/www.hoymercedes.com.ar\/principal\/wp-json\/wp\/v2\/posts\/65725\/revisions"}],"wp:attachment":[{"href":"https:\/\/www.hoymercedes.com.ar\/principal\/wp-json\/wp\/v2\/media?parent=65725"}],"wp:term":[{"taxonomy":"category","embeddable":true,"href":"https:\/\/www.hoymercedes.com.ar\/principal\/wp-json\/wp\/v2\/categories?post=65725"},{"taxonomy":"post_tag","embeddable":true,"href":"https:\/\/www.hoymercedes.com.ar\/principal\/wp-json\/wp\/v2\/tags?post=65725"}],"curies":[{"name":"wp","href":"https:\/\/api.w.org\/{rel}","templated":true}]}}