{"id":65799,"date":"2017-08-09T09:10:33","date_gmt":"2017-08-09T12:10:33","guid":{"rendered":"http:\/\/www.hoymercedes.com.ar\/principal\/?p=65799"},"modified":"2017-08-09T09:51:21","modified_gmt":"2017-08-09T12:51:21","slug":"exitoso-inicio-del-curso-el-arte-de-cuidar-entre-unlu-municipio-y-fundacion-osde","status":"publish","type":"post","link":"https:\/\/www.hoymercedes.com.ar\/principal\/2017\/08\/09\/exitoso-inicio-del-curso-el-arte-de-cuidar-entre-unlu-municipio-y-fundacion-osde\/","title":{"rendered":"Exitoso inicio del curso  \u00abEl Arte de Cuidar\u00bb  entre UNLu, Municipio y Fundaci\u00f3n OSDE"},"content":{"rendered":"<p>Con gran asistencia el pasado lunes dio inicio al curso destinado a los cuidadores de Adultos Mayores en el \u201cCentro Universitario Regional\u201d brindado por la Municipalidad de Mercedes junto a la Fundaci\u00f3n OSDE con el acompa\u00f1amiento de la Universidad Nacional de Luj\u00e1n.<\/p>\n<p>En este primer llamado se anotaron 65 vecinos, algunos de ellos que actualmente trabajan en el cuidado de Adultos Mayores y otros que est\u00e1n buscando una nueva salida laboral.<\/p>\n<p>Uno de sus organizadores, el Secretario de Salud, Pablo Cassiani, afirm\u00f3 \u00abSoy un convencido de que el conocimiento y la posibilidad de estudiar aporta un enriquecimiento a uno, mas all\u00e1 de que despu\u00e9s no se trabaje de eso. Esta es una herramienta m\u00e1s ante una situaci\u00f3n econ\u00f3mica dif\u00edcil y una falta de empleo importante, en donde cada vez m\u00e1s personas necesitan trabajo y tener una herramienta m\u00e1s que este curso les va a brindar puede ayudar a la hora de marcar la diferencia\u00bb manifest\u00f3 \u00a0Cassiani<\/p>\n<p>Quien tambi\u00e9n estuvo presente fue la Directora de Adultos Mayores manifestando su conformidad con el curso y agreg\u00f3 que \u00abhemos tenido una gran convocatoria en este primer llamado, tenemos m\u00e1s de sesenta personas inscriptas en este curso al que llamamos \u00abEl Arte de Cuidar\u00bb, destinado a aquellos adultos que se dedican o que desean trabajar en el cuidado de adultos mayores. Desde la Municipalidad nos pareci\u00f3 fundamental, desde la Secretar\u00eda de Salud junto al Centro Regional Universitario Mercedes el generar esta propuesta pensada en los Adultos Mayores, y en esta oportunidad hacemos un curso de capacitaci\u00f3n para aquellos que los cuidan, en definitiva estamos pensando en una calidad de atenci\u00f3n a aquellos Adultos Mayores que m\u00e1s lo necesitan\u00bb dijo Victoria O\u00b4Dell y finaliz\u00f3 agregando que \u00abeste curso es tanto para aquellas persona que ya est\u00e1n trabajando o para aquellos que quieren comenzar a ejercer esa profesi\u00f3n, que siente su vocaci\u00f3n en el arte de cuidar, sienten deseos de trabajar con los Adultos Mayores. La posibilidad de curso es brindar las herramientas suficientes para que su hacer sea el correcto, es ah\u00ed donde apuntamos, a todas aquellas personas que vienen trabajando fortalecer su trabajo y a los que quieren empezar brindarle todo lo necesario para tal fin.\u00bb<\/p>\n<p>&nbsp;<\/p>\n<p><strong>El Curso<\/strong><\/p>\n<p>El curso tiene una duraci\u00f3n de cuatro meses, es totalmente gratuito y se dicta dos veces por semana con una jornada de cuatro horas, y el material de estudio est\u00e1 totalmente incluido.<\/p>\n<p>Uno de los ejes m\u00e1s importantes de la gesti\u00f3n es la Salud de los mercedinos, por eso la creaci\u00f3n de nuevos CAPS en la ciudad, y la implementaci\u00f3n de programas como Mercedes Sonr\u00ede, 1000 d\u00edas y tambi\u00e9n, como en este caso la capacitaci\u00f3n a todas las personas que quieran brindar un servicio de salud al otro.<\/p>\n<p>&nbsp;<\/p>\n<p><strong>Integral y articulando<\/strong><\/p>\n<p>\u00abEsta manera abierta y articulada de gestionar del intendente Ustarroz, en este caso de la mano de la Fundaci\u00f3n OSDE y articulando con la UNLu, demuestra que creemos fervientemente en la articulaci\u00f3n entre lo privado y lo p\u00fablico, desde los hechos concretos, siendo el municipio un actor activo en la educaci\u00f3n\u201d coment\u00f3 Mariana San Mart\u00edn, quien ha acompa\u00f1ado la nutrida agenda de salud desde su rol en el espacio legislativo.<\/p>\n<p>\u201cPor un lado celebrando este tipo de medidas y por otro lado preocupada por la cantidad de personas que est\u00e1 buscando una salida laboral o una herramienta para perfeccionarse y eso significa que estamos pasando por un momento delicado en cuanto a lo que es el empleo\u201d sostuvo y remarc\u00f3 que \u201cdesde el Municipio constantemente hacemos este tipo de gestiones que en un futuro puede dar trabajo a tanta gente que hoy en d\u00eda est\u00e1 necesitando\u00bb manifest\u00f3 la Concejal Mariana San Mart\u00edn.<\/p>\n<p>Por su parte, el intendente Juan Ignacio Ustarroz, remarc\u00f3 que \u201ces parte de nuestra pol\u00edtica de Estado. Actuamos en la ampliaci\u00f3n de derechos en manera integral. Con el CETIM; Primeros Mil D\u00edas, Mercedes Sonr\u00eda, Con los CAPS y Espacios de Primera Infancia, pero tambi\u00e9n desde lo formativo, desde la transmisi\u00f3n de saberes que son claves para la cada d\u00eda mejor prestaci\u00f3n de servicios\u201d.<\/p>\n<p>(Prensa municipal)<\/p>\n","protected":false},"excerpt":{"rendered":"<p>Con gran asistencia el pasado lunes dio inicio al curso destinado a los cuidadores de Adultos Mayores en el \u201cCentro &#8230; <a title=\"Exitoso inicio del curso  \u00abEl Arte de Cuidar\u00bb  entre UNLu, Municipio y Fundaci\u00f3n OSDE\" class=\"read-more\" href=\"https:\/\/www.hoymercedes.com.ar\/principal\/2017\/08\/09\/exitoso-inicio-del-curso-el-arte-de-cuidar-entre-unlu-municipio-y-fundacion-osde\/\" aria-label=\"Leer m\u00e1s sobre Exitoso inicio del curso  \u00abEl Arte de Cuidar\u00bb  entre UNLu, Municipio y Fundaci\u00f3n OSDE\">Leer m\u00e1s<\/a><\/p>\n","protected":false},"author":1,"featured_media":65800,"comment_status":"closed","ping_status":"open","sticky":false,"template":"","format":"standard","meta":{"_monsterinsights_skip_tracking":false,"_monsterinsights_sitenote_active":false,"_monsterinsights_sitenote_note":"","_monsterinsights_sitenote_category":0,"jetpack_post_was_ever_published":false,"_jetpack_newsletter_access":"","_jetpack_dont_email_post_to_subs":false,"_jetpack_newsletter_tier_id":0,"_jetpack_memberships_contains_paywalled_content":false,"_jetpack_memberships_contains_paid_content":false,"footnotes":"","jetpack_publicize_message":"","jetpack_publicize_feature_enabled":true,"jetpack_social_post_already_shared":true,"jetpack_social_options":{"image_generator_settings":{"template":"highway","default_image_id":0,"font":"","enabled":false},"version":2},"_wpas_customize_per_network":false},"categories":[30],"tags":[1550,7805,10,244,54],"class_list":["post-65799","post","type-post","status-publish","format-standard","has-post-thumbnail","hentry","category-municipio","tag-arte","tag-cultura","tag-mercedes","tag-municipio-2","tag-unlu","generate-columns","tablet-grid-50","mobile-grid-100","grid-parent","grid-50"],"jetpack_publicize_connections":[],"jetpack_featured_media_url":"https:\/\/www.hoymercedes.com.ar\/principal\/wp-content\/uploads\/2017\/08\/osde.jpg","wps_subtitle":"65 mercedinos presentes","jetpack_sharing_enabled":true,"_links":{"self":[{"href":"https:\/\/www.hoymercedes.com.ar\/principal\/wp-json\/wp\/v2\/posts\/65799","targetHints":{"allow":["GET"]}}],"collection":[{"href":"https:\/\/www.hoymercedes.com.ar\/principal\/wp-json\/wp\/v2\/posts"}],"about":[{"href":"https:\/\/www.hoymercedes.com.ar\/principal\/wp-json\/wp\/v2\/types\/post"}],"author":[{"embeddable":true,"href":"https:\/\/www.hoymercedes.com.ar\/principal\/wp-json\/wp\/v2\/users\/1"}],"replies":[{"embeddable":true,"href":"https:\/\/www.hoymercedes.com.ar\/principal\/wp-json\/wp\/v2\/comments?post=65799"}],"version-history":[{"count":0,"href":"https:\/\/www.hoymercedes.com.ar\/principal\/wp-json\/wp\/v2\/posts\/65799\/revisions"}],"wp:featuredmedia":[{"embeddable":true,"href":"https:\/\/www.hoymercedes.com.ar\/principal\/wp-json\/wp\/v2\/media\/65800"}],"wp:attachment":[{"href":"https:\/\/www.hoymercedes.com.ar\/principal\/wp-json\/wp\/v2\/media?parent=65799"}],"wp:term":[{"taxonomy":"category","embeddable":true,"href":"https:\/\/www.hoymercedes.com.ar\/principal\/wp-json\/wp\/v2\/categories?post=65799"},{"taxonomy":"post_tag","embeddable":true,"href":"https:\/\/www.hoymercedes.com.ar\/principal\/wp-json\/wp\/v2\/tags?post=65799"}],"curies":[{"name":"wp","href":"https:\/\/api.w.org\/{rel}","templated":true}]}}