{"id":65823,"date":"2017-08-10T17:59:43","date_gmt":"2017-08-10T20:59:43","guid":{"rendered":"http:\/\/www.hoymercedes.com.ar\/principal\/?p=65823"},"modified":"2017-08-09T23:55:03","modified_gmt":"2017-08-10T02:55:03","slug":"juan-martinez-debuta-por-tyc-este-viernes-en-cordoba","status":"publish","type":"post","link":"https:\/\/www.hoymercedes.com.ar\/principal\/2017\/08\/10\/juan-martinez-debuta-por-tyc-este-viernes-en-cordoba\/","title":{"rendered":"Juan Martinez debuta, por TyC, este viernes en C\u00f3rdoba"},"content":{"rendered":"<div><strong>Por Ivan Alday<\/strong><em><strong>. Luego de 43 combates como pugilista amateur, llegar\u00e1 el tan ansiado estreno en el campo rentado para el mercedino Juan Martinez (25), el pupilo de Ricardo Montes que, logr\u00f3 dos campeonatos junto a \u00abLa Roca Boxing Club\u00bb en el Amateurismo, campe\u00f3n de la Liga Bonaerense en San Andr\u00e9s de Giles, obtuvo tambi\u00e9n en la ciudad de Tigre el Campeonato de Las Estrellas.<\/strong><\/em><\/div>\n<div><img loading=\"lazy\" decoding=\"async\" data-attachment-id=\"65825\" data-permalink=\"https:\/\/www.hoymercedes.com.ar\/principal\/2017\/08\/10\/juan-martinez-debuta-por-tyc-este-viernes-en-cordoba\/20621928_2319811151576852_524789740542990513_n-2\/#main\" data-orig-file=\"https:\/\/www.hoymercedes.com.ar\/principal\/wp-content\/uploads\/2017\/08\/20621928_2319811151576852_524789740542990513_n-1.jpg\" data-orig-size=\"670,559\" data-comments-opened=\"0\" data-image-meta=\"{&quot;aperture&quot;:&quot;0&quot;,&quot;credit&quot;:&quot;&quot;,&quot;camera&quot;:&quot;&quot;,&quot;caption&quot;:&quot;&quot;,&quot;created_timestamp&quot;:&quot;0&quot;,&quot;copyright&quot;:&quot;&quot;,&quot;focal_length&quot;:&quot;0&quot;,&quot;iso&quot;:&quot;0&quot;,&quot;shutter_speed&quot;:&quot;0&quot;,&quot;title&quot;:&quot;&quot;,&quot;orientation&quot;:&quot;1&quot;}\" data-image-title=\"20621928_2319811151576852_524789740542990513_n\" data-image-description=\"\" data-image-caption=\"\" data-large-file=\"https:\/\/www.hoymercedes.com.ar\/principal\/wp-content\/uploads\/2017\/08\/20621928_2319811151576852_524789740542990513_n-1.jpg\" class=\"aligncenter size-medium wp-image-65825\" src=\"https:\/\/www.hoymercedes.com.ar\/principal\/wp-content\/uploads\/2017\/08\/20621928_2319811151576852_524789740542990513_n-1-630x526.jpg\" alt=\"\" width=\"630\" height=\"526\" srcset=\"https:\/\/www.hoymercedes.com.ar\/principal\/wp-content\/uploads\/2017\/08\/20621928_2319811151576852_524789740542990513_n-1-630x526.jpg 630w, https:\/\/www.hoymercedes.com.ar\/principal\/wp-content\/uploads\/2017\/08\/20621928_2319811151576852_524789740542990513_n-1-150x125.jpg 150w, https:\/\/www.hoymercedes.com.ar\/principal\/wp-content\/uploads\/2017\/08\/20621928_2319811151576852_524789740542990513_n-1.jpg 670w\" sizes=\"auto, (max-width: 630px) 100vw, 630px\" \/><\/div>\n<div><\/div>\n<div>Con motivo del debut, el programa Autobox, que se emite por FM La Tribuna los martes y jueves de 14 a 15, tom\u00f3 contacto con el entrenador y manager Ricardo Montes, quien coment\u00f3 que el evento box\u00edstico se llevar\u00e1 a cabo en la \u00abSociedad General Belgrano\u00bb de la provincia de C\u00f3rdoba. El combate esta pautado a 4 asaltos y estar\u00e1 enmarcado en la Categoria \u00abSuper Welter (69, 850 \u00a0Kg.) donde se medir\u00e1 ante Maximiliano Coronel (Cba) de 31 a\u00f1os, quien registra dos presentaciones con saldo positivo .<\/div>\n<div><\/div>\n<div>\u00abConfiados en el trabajo realizado, esperamos una buena performance de nuestros p\u00fagiles Rivas y Martinez queremos realizar un buen combate\u00bb.<\/div>\n<div><\/div>\n<div>La \u00a0Roca Boxing Club tiene como sede en nuestra ciudad el Club Velez Sarfield (calle 15 y 4) y los d\u00edas de entrnamiento son los lunes, mi\u00e9rcoles y viernes de 16 a 19.30.<\/div>\n<div><\/div>\n<div>Se planifica sobre el final del 2017, el debut como profesional de la mercedina \u00darsula Pardo, adem\u00e1s de una presentaci\u00f3n en Uruguay del Campe\u00f3n Latino Sebastian Papeschi.<\/div>\n","protected":false},"excerpt":{"rendered":"<p>Por Ivan Alday. Luego de 43 combates como pugilista amateur, llegar\u00e1 el tan ansiado estreno en el campo rentado para &#8230; <a title=\"Juan Martinez debuta, por TyC, este viernes en C\u00f3rdoba\" class=\"read-more\" href=\"https:\/\/www.hoymercedes.com.ar\/principal\/2017\/08\/10\/juan-martinez-debuta-por-tyc-este-viernes-en-cordoba\/\" aria-label=\"Leer m\u00e1s sobre Juan Martinez debuta, por TyC, este viernes en C\u00f3rdoba\">Leer m\u00e1s<\/a><\/p>\n","protected":false},"author":1,"featured_media":65825,"comment_status":"closed","ping_status":"open","sticky":false,"template":"","format":"standard","meta":{"_monsterinsights_skip_tracking":false,"_monsterinsights_sitenote_active":false,"_monsterinsights_sitenote_note":"","_monsterinsights_sitenote_category":0,"jetpack_post_was_ever_published":false,"_jetpack_newsletter_access":"","_jetpack_dont_email_post_to_subs":false,"_jetpack_newsletter_tier_id":0,"_jetpack_memberships_contains_paywalled_content":false,"_jetpack_memberships_contains_paid_content":false,"footnotes":"","jetpack_publicize_message":"","jetpack_publicize_feature_enabled":true,"jetpack_social_post_already_shared":true,"jetpack_social_options":{"image_generator_settings":{"template":"highway","default_image_id":0,"font":"","enabled":false},"version":2},"_wpas_customize_per_network":false},"categories":[21],"tags":[1279,9549,204,11687,11688],"class_list":["post-65823","post","type-post","status-publish","format-standard","has-post-thumbnail","hentry","category-deportes","tag-boxeo","tag-cordoba","tag-deportes-2","tag-juan-martinez","tag-tyc","generate-columns","tablet-grid-50","mobile-grid-100","grid-parent","grid-50"],"jetpack_publicize_connections":[],"jetpack_featured_media_url":"https:\/\/www.hoymercedes.com.ar\/principal\/wp-content\/uploads\/2017\/08\/20621928_2319811151576852_524789740542990513_n-1.jpg","wps_subtitle":"Boxeo","jetpack_sharing_enabled":true,"_links":{"self":[{"href":"https:\/\/www.hoymercedes.com.ar\/principal\/wp-json\/wp\/v2\/posts\/65823","targetHints":{"allow":["GET"]}}],"collection":[{"href":"https:\/\/www.hoymercedes.com.ar\/principal\/wp-json\/wp\/v2\/posts"}],"about":[{"href":"https:\/\/www.hoymercedes.com.ar\/principal\/wp-json\/wp\/v2\/types\/post"}],"author":[{"embeddable":true,"href":"https:\/\/www.hoymercedes.com.ar\/principal\/wp-json\/wp\/v2\/users\/1"}],"replies":[{"embeddable":true,"href":"https:\/\/www.hoymercedes.com.ar\/principal\/wp-json\/wp\/v2\/comments?post=65823"}],"version-history":[{"count":0,"href":"https:\/\/www.hoymercedes.com.ar\/principal\/wp-json\/wp\/v2\/posts\/65823\/revisions"}],"wp:featuredmedia":[{"embeddable":true,"href":"https:\/\/www.hoymercedes.com.ar\/principal\/wp-json\/wp\/v2\/media\/65825"}],"wp:attachment":[{"href":"https:\/\/www.hoymercedes.com.ar\/principal\/wp-json\/wp\/v2\/media?parent=65823"}],"wp:term":[{"taxonomy":"category","embeddable":true,"href":"https:\/\/www.hoymercedes.com.ar\/principal\/wp-json\/wp\/v2\/categories?post=65823"},{"taxonomy":"post_tag","embeddable":true,"href":"https:\/\/www.hoymercedes.com.ar\/principal\/wp-json\/wp\/v2\/tags?post=65823"}],"curies":[{"name":"wp","href":"https:\/\/api.w.org\/{rel}","templated":true}]}}