{"id":65861,"date":"2017-08-10T19:00:23","date_gmt":"2017-08-10T22:00:23","guid":{"rendered":"http:\/\/www.hoymercedes.com.ar\/principal\/?p=65861"},"modified":"2017-08-10T21:34:36","modified_gmt":"2017-08-11T00:34:36","slug":"caps-trocha-sera-puesto-en-valor-tras-haber-ampliado-sus-prestaciones-medicas","status":"publish","type":"post","link":"https:\/\/www.hoymercedes.com.ar\/principal\/2017\/08\/10\/caps-trocha-sera-puesto-en-valor-tras-haber-ampliado-sus-prestaciones-medicas\/","title":{"rendered":"CAPS Trocha ser\u00e1 puesto en valor tras haber ampliado sus prestaciones m\u00e9dicas"},"content":{"rendered":"<p><span class=\"embed-youtube\" style=\"text-align:center; display: block;\"><iframe loading=\"lazy\" class=\"youtube-player\" width=\"1200\" height=\"675\" src=\"https:\/\/www.youtube.com\/embed\/awv0K4bf3Ns?version=3&#038;rel=1&#038;showsearch=0&#038;showinfo=1&#038;iv_load_policy=1&#038;fs=1&#038;hl=es-ES&#038;autohide=2&#038;wmode=transparent\" allowfullscreen=\"true\" style=\"border:0;\" sandbox=\"allow-scripts allow-same-origin allow-popups allow-presentation allow-popups-to-escape-sandbox\"><\/iframe><\/span><\/p>\n<p>La pol\u00edtica de salud de la Municipalidad de Mercedes contin\u00faa dando respuestas a los vecinos con una decisi\u00f3n de mejora constantes. Se conoci\u00f3 la noticia de que el CAPS Trocha ser\u00e1 renovado en sus instalaciones, tal como confirm\u00f3 el Jefe de Gabinete, Ger\u00f3nimo Ustarroz. El mencionado CAPS est\u00e1 abierto de lunes a s\u00e1bado y recibe una gran cantidad de vecinos, cubriendo la zona de Esperanza, Trocha, Pe\u00f1aloza, Eva Duarte, Calvillo y tambi\u00e9n San Jos\u00e9, dado los profesionales que all\u00ed se encuentran, contando incluso con guardia pedi\u00e1trica los s\u00e1bados.<\/p>\n<p>Una de las trabajadoras, Ver\u00f3nica Torres, que conoce a fondo el lugar y el funcionamiento del Centro de Atenci\u00f3n Primaria a la Salud, narr\u00f3 ante las c\u00e1maras que \u201clos d\u00edas s\u00e1bados hay guardia pedi\u00e1trica desde las 9.00hs hasta las 14.00hs y se atiende tambi\u00e9n a los adultos. Si bien es guardia pedi\u00e1trica los vecinos del barrio que necesitan alguna atenci\u00f3n acercan y por supuesto son recibidos\u201d cont\u00f3 y narr\u00f3 que \u201cnos han hecho creer que en el sector p\u00fablico generalmente la atenci\u00f3n es diferente al privado, ac\u00e1 eso no pasa, la gente viene y se va contenta porque tiene la misma atenci\u00f3n que en el privado, atendemos con mucho respeto a las personas\u201d, destac\u00f3 Ver\u00f3nica mostrando como la infancia es una prioridad, sin dejar de cuidar a cada vecino.<\/p>\n<figure id=\"attachment_65862\" aria-describedby=\"caption-attachment-65862\" style=\"width: 620px\" class=\"wp-caption aligncenter\"><img loading=\"lazy\" decoding=\"async\" data-attachment-id=\"65862\" data-permalink=\"https:\/\/www.hoymercedes.com.ar\/principal\/2017\/08\/10\/caps-trocha-sera-puesto-en-valor-tras-haber-ampliado-sus-prestaciones-medicas\/geronimo-ustarroz\/#main\" data-orig-file=\"https:\/\/www.hoymercedes.com.ar\/principal\/wp-content\/uploads\/2017\/08\/Geronimo-Ustarroz.jpg\" data-orig-size=\"4898,3265\" data-comments-opened=\"0\" data-image-meta=\"{&quot;aperture&quot;:&quot;4&quot;,&quot;credit&quot;:&quot;&quot;,&quot;camera&quot;:&quot;Canon EOS 60D&quot;,&quot;caption&quot;:&quot;&quot;,&quot;created_timestamp&quot;:&quot;1502199744&quot;,&quot;copyright&quot;:&quot;&quot;,&quot;focal_length&quot;:&quot;18&quot;,&quot;iso&quot;:&quot;100&quot;,&quot;shutter_speed&quot;:&quot;0.02&quot;,&quot;title&quot;:&quot;&quot;,&quot;orientation&quot;:&quot;1&quot;}\" data-image-title=\"Geronimo-Ustarroz\" data-image-description=\"\" data-image-caption=\"&lt;p&gt;CAPS Trocha&lt;\/p&gt;\n\" data-large-file=\"https:\/\/www.hoymercedes.com.ar\/principal\/wp-content\/uploads\/2017\/08\/Geronimo-Ustarroz-1024x683.jpg\" class=\"size-medium wp-image-65862\" src=\"https:\/\/www.hoymercedes.com.ar\/principal\/wp-content\/uploads\/2017\/08\/Geronimo-Ustarroz-630x420.jpg\" alt=\"\" width=\"630\" height=\"420\" srcset=\"https:\/\/www.hoymercedes.com.ar\/principal\/wp-content\/uploads\/2017\/08\/Geronimo-Ustarroz-630x420.jpg 630w, https:\/\/www.hoymercedes.com.ar\/principal\/wp-content\/uploads\/2017\/08\/Geronimo-Ustarroz-150x100.jpg 150w, https:\/\/www.hoymercedes.com.ar\/principal\/wp-content\/uploads\/2017\/08\/Geronimo-Ustarroz-1024x683.jpg 1024w, https:\/\/www.hoymercedes.com.ar\/principal\/wp-content\/uploads\/2017\/08\/Geronimo-Ustarroz-300x200.jpg 300w\" sizes=\"auto, (max-width: 630px) 100vw, 630px\" \/><figcaption id=\"caption-attachment-65862\" class=\"wp-caption-text\">CAPS Trocha<\/figcaption><\/figure>\n<p>Quien acompa\u00f1a en el d\u00eda a d\u00eda es Ruth Newell quien tambi\u00e9n cont\u00f3 que \u201cson muchas las especialidades que tenemos con excelentes profesionales. Psicolog\u00eda, M\u00e9dico Generalista, colocaci\u00f3n de diu, Pediatr\u00eda, realizaci\u00f3n de ecograf\u00eda, ginecolog\u00eda, nutrici\u00f3n, trabajadora social, promotora de salud, enfermer\u00eda\u201d, sostuvo Newell.<\/p>\n<p>El Jefe de Gabinete, Ger\u00f3nimo Ustarroz, en otra de sus habituales recorridas realiz\u00f3 un fluido intercambio con el personal \u00a0remarc\u00f3 que \u201cesto es fruto del trabajo y de la nueva decisi\u00f3n pol\u00edtica de optimizar la asignaci\u00f3n de recursos, la salud es una prioridad desde el inicio de la gesti\u00f3n. El intendente decidi\u00f3 categorizar al \u00e1rea de salud, se cre\u00f3 una Secretaria y los Centros de atenci\u00f3n Primarias que hay en distintos barrios de la ciudad, y el del Trocha es un ejemplo claro de ello, y se est\u00e1n volcando recursos para atender algo tan prioritario para la salud\u201d, sostuvo ante los medios.<\/p>\n<p>M\u00e1s adelante \u201cZaza\u201d Ustarroz coment\u00f3 que \u201cLos vecinos se acercan a la salita del barrio y cuando la encuentran cada vez m\u00e1s organizada, limpia, con los profesionales trabajando y abierta la cantidad de horas que tiene que estar, y ven que en la infraestructura y en el equipamiento nuevo se hace una inversi\u00f3n lo reconocen, eso es una alegr\u00eda para todos\u201d, para m\u00e1s adelante destacar que \u201cestamos priorizando la calidad de vida de los vecinos\u201d.<\/p>\n<p>Antes de finalizar destac\u00f3 que \u201cHemos podido bajar la taza de mortalidad infantil y eso es un logro y esto tiene que ver con la articulaci\u00f3n con el Hospital y con todos los CAPS. Es un gran trabajo que est\u00e1n haciendo tanto los trabajadores municipales como los profesionales y nosotros estamos para acompa\u00f1ar y potenciar la labor que hacen todos los d\u00edas\u00bb sostuvo el Jefe de Gabinete.<\/p>\n<p>Respecto a la infraestructura vale destacar que tras las gestiones del Dr. Cassiani se logr\u00f3 su habilitaci\u00f3n y a partir de all\u00ed el intendente Ustarroz decidi\u00f3 que se invierta en su puesta en valor, para dar mayores y mejores condiciones de atenci\u00f3n a los vecinos.<\/p>\n<p>&nbsp;<\/p>\n<p>Fuente: Prensa Municipal<\/p>\n","protected":false},"excerpt":{"rendered":"<p>La pol\u00edtica de salud de la Municipalidad de Mercedes contin\u00faa dando respuestas a los vecinos con una decisi\u00f3n de mejora &#8230; <a title=\"CAPS Trocha ser\u00e1 puesto en valor tras haber ampliado sus prestaciones m\u00e9dicas\" class=\"read-more\" href=\"https:\/\/www.hoymercedes.com.ar\/principal\/2017\/08\/10\/caps-trocha-sera-puesto-en-valor-tras-haber-ampliado-sus-prestaciones-medicas\/\" aria-label=\"Leer m\u00e1s sobre CAPS Trocha ser\u00e1 puesto en valor tras haber ampliado sus prestaciones m\u00e9dicas\">Leer m\u00e1s<\/a><\/p>\n","protected":false},"author":1,"featured_media":65862,"comment_status":"closed","ping_status":"open","sticky":false,"template":"","format":"standard","meta":{"_monsterinsights_skip_tracking":false,"_monsterinsights_sitenote_active":false,"_monsterinsights_sitenote_note":"","_monsterinsights_sitenote_category":0,"jetpack_post_was_ever_published":false,"_jetpack_newsletter_access":"","_jetpack_dont_email_post_to_subs":false,"_jetpack_newsletter_tier_id":0,"_jetpack_memberships_contains_paywalled_content":false,"_jetpack_memberships_contains_paid_content":false,"footnotes":"","jetpack_publicize_message":"","jetpack_publicize_feature_enabled":true,"jetpack_social_post_already_shared":true,"jetpack_social_options":{"image_generator_settings":{"template":"highway","default_image_id":0,"font":"","enabled":false},"version":2},"_wpas_customize_per_network":false},"categories":[30],"tags":[1078,11691,10,244,134,8530,1379,11681],"class_list":["post-65861","post","type-post","status-publish","format-standard","has-post-thumbnail","hentry","category-municipio","tag-caps","tag-caps-trocha","tag-mercedes","tag-municipio-2","tag-salud","tag-salud-en-mercedes","tag-trocha","tag-zaza-ustarroz","generate-columns","tablet-grid-50","mobile-grid-100","grid-parent","grid-50"],"jetpack_publicize_connections":[],"jetpack_featured_media_url":"https:\/\/www.hoymercedes.com.ar\/principal\/wp-content\/uploads\/2017\/08\/Geronimo-Ustarroz.jpg","wps_subtitle":"Salud de los mercedinos","jetpack_sharing_enabled":true,"_links":{"self":[{"href":"https:\/\/www.hoymercedes.com.ar\/principal\/wp-json\/wp\/v2\/posts\/65861","targetHints":{"allow":["GET"]}}],"collection":[{"href":"https:\/\/www.hoymercedes.com.ar\/principal\/wp-json\/wp\/v2\/posts"}],"about":[{"href":"https:\/\/www.hoymercedes.com.ar\/principal\/wp-json\/wp\/v2\/types\/post"}],"author":[{"embeddable":true,"href":"https:\/\/www.hoymercedes.com.ar\/principal\/wp-json\/wp\/v2\/users\/1"}],"replies":[{"embeddable":true,"href":"https:\/\/www.hoymercedes.com.ar\/principal\/wp-json\/wp\/v2\/comments?post=65861"}],"version-history":[{"count":0,"href":"https:\/\/www.hoymercedes.com.ar\/principal\/wp-json\/wp\/v2\/posts\/65861\/revisions"}],"wp:featuredmedia":[{"embeddable":true,"href":"https:\/\/www.hoymercedes.com.ar\/principal\/wp-json\/wp\/v2\/media\/65862"}],"wp:attachment":[{"href":"https:\/\/www.hoymercedes.com.ar\/principal\/wp-json\/wp\/v2\/media?parent=65861"}],"wp:term":[{"taxonomy":"category","embeddable":true,"href":"https:\/\/www.hoymercedes.com.ar\/principal\/wp-json\/wp\/v2\/categories?post=65861"},{"taxonomy":"post_tag","embeddable":true,"href":"https:\/\/www.hoymercedes.com.ar\/principal\/wp-json\/wp\/v2\/tags?post=65861"}],"curies":[{"name":"wp","href":"https:\/\/api.w.org\/{rel}","templated":true}]}}