{"id":65880,"date":"2017-08-11T11:49:02","date_gmt":"2017-08-11T14:49:02","guid":{"rendered":"http:\/\/www.hoymercedes.com.ar\/principal\/?p=65880"},"modified":"2017-08-10T23:55:22","modified_gmt":"2017-08-11T02:55:22","slug":"tremendo-dano-ambiental-en-la-palangana","status":"publish","type":"post","link":"https:\/\/www.hoymercedes.com.ar\/principal\/2017\/08\/11\/tremendo-dano-ambiental-en-la-palangana\/","title":{"rendered":"Tremendo da\u00f1o ambiental en \u00abLa Palangana\u00bb"},"content":{"rendered":"<p>Por Javier Moleres* &#8211;\u00a0Son muchos los mercedinos que recuerdan con nostalgia los mates compartidos en familia o con amigos, bajo la sombra de los inmensos y a\u00f1osos eucaliptos del\u00a0paraje \u201cLa Palangana\u201d, situado entre la Ruta Prov. 41 y el R\u00edo Luj\u00e1n.<\/p>\n<p>T\u00edpico lugar de descanso y esparcimiento, hasta hace una d\u00e9cada, supl\u00eda la falta de quintas de fin de semana para la gran mayor\u00eda que no contaba con ellas.<\/p>\n<p><img loading=\"lazy\" decoding=\"async\" data-attachment-id=\"65882\" data-permalink=\"https:\/\/www.hoymercedes.com.ar\/principal\/2017\/08\/11\/tremendo-dano-ambiental-en-la-palangana\/11-sos-habitat-1\/#main\" data-orig-file=\"https:\/\/www.hoymercedes.com.ar\/principal\/wp-content\/uploads\/2017\/08\/11-SOS-Habitat-1.jpg\" data-orig-size=\"630,447\" data-comments-opened=\"0\" data-image-meta=\"{&quot;aperture&quot;:&quot;0&quot;,&quot;credit&quot;:&quot;&quot;,&quot;camera&quot;:&quot;&quot;,&quot;caption&quot;:&quot;&quot;,&quot;created_timestamp&quot;:&quot;0&quot;,&quot;copyright&quot;:&quot;&quot;,&quot;focal_length&quot;:&quot;0&quot;,&quot;iso&quot;:&quot;0&quot;,&quot;shutter_speed&quot;:&quot;0&quot;,&quot;title&quot;:&quot;&quot;,&quot;orientation&quot;:&quot;0&quot;}\" data-image-title=\"11 SOS Habitat 1\" data-image-description=\"\" data-image-caption=\"\" data-large-file=\"https:\/\/www.hoymercedes.com.ar\/principal\/wp-content\/uploads\/2017\/08\/11-SOS-Habitat-1.jpg\" class=\"aligncenter size-medium wp-image-65882\" src=\"https:\/\/www.hoymercedes.com.ar\/principal\/wp-content\/uploads\/2017\/08\/11-SOS-Habitat-1-630x447.jpg\" alt=\"\" width=\"630\" height=\"447\" srcset=\"https:\/\/www.hoymercedes.com.ar\/principal\/wp-content\/uploads\/2017\/08\/11-SOS-Habitat-1.jpg 630w, https:\/\/www.hoymercedes.com.ar\/principal\/wp-content\/uploads\/2017\/08\/11-SOS-Habitat-1-150x106.jpg 150w, https:\/\/www.hoymercedes.com.ar\/principal\/wp-content\/uploads\/2017\/08\/11-SOS-Habitat-1-140x100.jpg 140w\" sizes=\"auto, (max-width: 630px) 100vw, 630px\" \/><\/p>\n<p>Hoy el sector solo provoca una mezcla de\u00a0preocupaci\u00f3n, bronca y tristeza. Los caminos para acceder a \u00e9l, se convirtieron en asquerosos mega-basurales\u2026 y alg\u00fan vivo, de los que nunca faltan, est\u00e1 talando la arboleda a ras del suelo para lucrar con las toneladas de le\u00f1a que extrae.<\/p>\n<p>As\u00ed cuidan algunos inadaptados el\u00a0arbolado p\u00fablico, el r\u00edo, la naturaleza en general y la salud de todos en particular. As\u00ed estamos\u2026 y no hay miras de que esto alg\u00fan d\u00eda cambie.<\/p>\n<p>*Javier Moleres &#8211; Integrante de la Asociaci\u00f3n Civil S.O.S H\u00c1BITAT<\/p>\n<p><img loading=\"lazy\" decoding=\"async\" data-attachment-id=\"65883\" data-permalink=\"https:\/\/www.hoymercedes.com.ar\/principal\/2017\/08\/11\/tremendo-dano-ambiental-en-la-palangana\/11-sos-habitat-2\/#main\" data-orig-file=\"https:\/\/www.hoymercedes.com.ar\/principal\/wp-content\/uploads\/2017\/08\/11-SOS-Habitat-2.jpg\" data-orig-size=\"630,447\" data-comments-opened=\"0\" data-image-meta=\"{&quot;aperture&quot;:&quot;0&quot;,&quot;credit&quot;:&quot;&quot;,&quot;camera&quot;:&quot;&quot;,&quot;caption&quot;:&quot;&quot;,&quot;created_timestamp&quot;:&quot;0&quot;,&quot;copyright&quot;:&quot;&quot;,&quot;focal_length&quot;:&quot;0&quot;,&quot;iso&quot;:&quot;0&quot;,&quot;shutter_speed&quot;:&quot;0&quot;,&quot;title&quot;:&quot;&quot;,&quot;orientation&quot;:&quot;0&quot;}\" data-image-title=\"11 SOS Habitat 2\" data-image-description=\"\" data-image-caption=\"\" data-large-file=\"https:\/\/www.hoymercedes.com.ar\/principal\/wp-content\/uploads\/2017\/08\/11-SOS-Habitat-2.jpg\" class=\"aligncenter size-medium wp-image-65883\" src=\"https:\/\/www.hoymercedes.com.ar\/principal\/wp-content\/uploads\/2017\/08\/11-SOS-Habitat-2-630x447.jpg\" alt=\"\" width=\"630\" height=\"447\" srcset=\"https:\/\/www.hoymercedes.com.ar\/principal\/wp-content\/uploads\/2017\/08\/11-SOS-Habitat-2.jpg 630w, https:\/\/www.hoymercedes.com.ar\/principal\/wp-content\/uploads\/2017\/08\/11-SOS-Habitat-2-150x106.jpg 150w, https:\/\/www.hoymercedes.com.ar\/principal\/wp-content\/uploads\/2017\/08\/11-SOS-Habitat-2-140x100.jpg 140w\" sizes=\"auto, (max-width: 630px) 100vw, 630px\" \/><\/p>\n","protected":false},"excerpt":{"rendered":"<p>Por Javier Moleres* &#8211;\u00a0Son muchos los mercedinos que recuerdan con nostalgia los mates compartidos en familia o con amigos, bajo &#8230; <a title=\"Tremendo da\u00f1o ambiental en \u00abLa Palangana\u00bb\" class=\"read-more\" href=\"https:\/\/www.hoymercedes.com.ar\/principal\/2017\/08\/11\/tremendo-dano-ambiental-en-la-palangana\/\" aria-label=\"Leer m\u00e1s sobre Tremendo da\u00f1o ambiental en \u00abLa Palangana\u00bb\">Leer m\u00e1s<\/a><\/p>\n","protected":false},"author":1,"featured_media":65883,"comment_status":"closed","ping_status":"open","sticky":false,"template":"","format":"standard","meta":{"_monsterinsights_skip_tracking":false,"_monsterinsights_sitenote_active":false,"_monsterinsights_sitenote_note":"","_monsterinsights_sitenote_category":0,"jetpack_post_was_ever_published":false,"_jetpack_newsletter_access":"","_jetpack_dont_email_post_to_subs":false,"_jetpack_newsletter_tier_id":0,"_jetpack_memberships_contains_paywalled_content":false,"_jetpack_memberships_contains_paid_content":false,"footnotes":"","jetpack_publicize_message":"","jetpack_publicize_feature_enabled":true,"jetpack_social_post_already_shared":true,"jetpack_social_options":{"image_generator_settings":{"template":"highway","default_image_id":0,"font":"","enabled":false},"version":2},"_wpas_customize_per_network":false},"categories":[1],"tags":[9367,11693,11199,8748,887],"class_list":["post-65880","post","type-post","status-publish","format-standard","has-post-thumbnail","hentry","category-opinion","tag-javier-moleres","tag-la-palangana","tag-medio-ambientes","tag-opinion","tag-sos-habitat","generate-columns","tablet-grid-50","mobile-grid-100","grid-parent","grid-50"],"jetpack_publicize_connections":[],"jetpack_featured_media_url":"https:\/\/www.hoymercedes.com.ar\/principal\/wp-content\/uploads\/2017\/08\/11-SOS-Habitat-2.jpg","wps_subtitle":"Desde S.O.S. H\u00e1bitat","jetpack_sharing_enabled":true,"_links":{"self":[{"href":"https:\/\/www.hoymercedes.com.ar\/principal\/wp-json\/wp\/v2\/posts\/65880","targetHints":{"allow":["GET"]}}],"collection":[{"href":"https:\/\/www.hoymercedes.com.ar\/principal\/wp-json\/wp\/v2\/posts"}],"about":[{"href":"https:\/\/www.hoymercedes.com.ar\/principal\/wp-json\/wp\/v2\/types\/post"}],"author":[{"embeddable":true,"href":"https:\/\/www.hoymercedes.com.ar\/principal\/wp-json\/wp\/v2\/users\/1"}],"replies":[{"embeddable":true,"href":"https:\/\/www.hoymercedes.com.ar\/principal\/wp-json\/wp\/v2\/comments?post=65880"}],"version-history":[{"count":0,"href":"https:\/\/www.hoymercedes.com.ar\/principal\/wp-json\/wp\/v2\/posts\/65880\/revisions"}],"wp:featuredmedia":[{"embeddable":true,"href":"https:\/\/www.hoymercedes.com.ar\/principal\/wp-json\/wp\/v2\/media\/65883"}],"wp:attachment":[{"href":"https:\/\/www.hoymercedes.com.ar\/principal\/wp-json\/wp\/v2\/media?parent=65880"}],"wp:term":[{"taxonomy":"category","embeddable":true,"href":"https:\/\/www.hoymercedes.com.ar\/principal\/wp-json\/wp\/v2\/categories?post=65880"},{"taxonomy":"post_tag","embeddable":true,"href":"https:\/\/www.hoymercedes.com.ar\/principal\/wp-json\/wp\/v2\/tags?post=65880"}],"curies":[{"name":"wp","href":"https:\/\/api.w.org\/{rel}","templated":true}]}}