{"id":65936,"date":"2017-08-12T13:11:53","date_gmt":"2017-08-12T16:11:53","guid":{"rendered":"http:\/\/www.hoymercedes.com.ar\/principal\/?p=65936"},"modified":"2017-08-12T14:47:56","modified_gmt":"2017-08-12T17:47:56","slug":"omic-abren-linea-whatss-app-para-consultar-por-aumento-de-servicios","status":"publish","type":"post","link":"https:\/\/www.hoymercedes.com.ar\/principal\/2017\/08\/12\/omic-abren-linea-whatss-app-para-consultar-por-aumento-de-servicios\/","title":{"rendered":"OMIC: Abren l\u00ednea whatssapp para consultar por aumento de servicios"},"content":{"rendered":"<p>La Oficina de Defensa del Consumidor que conduce Mart\u00edn Boragno puso a disposici\u00f3n de los vecinos la modalidad de consulta por medio de mensaje de texto o imagen. \u201cLa idea es evacuar las dudas r\u00e1pidamente\u201d coment\u00f3 su responsable.<\/p>\n<p>Desde hace unos d\u00edas los mercedinos vienen recibiendo facturas de Gas natural con grandes aumentos. Sumas que arriban hasta los 8.000 pesos en alguno barrios y de $3000 en zonas c\u00e9ntricas e incluso algunos vecinos con tarifa social han llevado a recibir con aumentos que registran facturas de hasta $5.000.<\/p>\n<p>\u201cHa sido una herramienta \u00e1gil y de r\u00e1pida y gran respuesta de los vecinos\u201d, cont\u00f3 Boragno sin olvidar que en las im\u00e1genes enviadas se detect\u00f3 que algunos usuarios desde tarifa social no fueron automaticamente incorporados, tal como se anunci\u00f3 desde el Ministerio de Energia a la hora de implementar el tarifazo.<\/p>\n<p>La forma es simple. La OMIC Mercedes habilit\u00f3 una l\u00ednea con Whatss App donde el vecino manda una foto de su factura. Una vez recibida le hacen un an\u00e1lisis pormenorizado y a fondo y desde ah\u00ed se le explica si el aumento est\u00e1 bien o mal aplicado.<\/p>\n<p>\u201cHemos recibido en pocas horas muchas consultas, todas ellas con aumentos grandes, productos de las medidas que se aplicaron que hoy afectan el bolsillo del vecino\u201d, coment\u00f3 quien conduce la oficina que se encuentra en calle 23 entre 16 y 18.<\/p>\n<p>El tel\u00e9fono es el siguiente, para mandar Whatss App: <strong>02324 &#8211; 15582396<\/strong><\/p>\n","protected":false},"excerpt":{"rendered":"<p>La Oficina de Defensa del Consumidor que conduce Mart\u00edn Boragno puso a disposici\u00f3n de los vecinos la modalidad de consulta &#8230; <a title=\"OMIC: Abren l\u00ednea whatssapp para consultar por aumento de servicios\" class=\"read-more\" href=\"https:\/\/www.hoymercedes.com.ar\/principal\/2017\/08\/12\/omic-abren-linea-whatss-app-para-consultar-por-aumento-de-servicios\/\" aria-label=\"Leer m\u00e1s sobre OMIC: Abren l\u00ednea whatssapp para consultar por aumento de servicios\">Leer m\u00e1s<\/a><\/p>\n","protected":false},"author":1,"featured_media":42940,"comment_status":"closed","ping_status":"open","sticky":false,"template":"","format":"standard","meta":{"_monsterinsights_skip_tracking":false,"_monsterinsights_sitenote_active":false,"_monsterinsights_sitenote_note":"","_monsterinsights_sitenote_category":0,"jetpack_post_was_ever_published":false,"_jetpack_newsletter_access":"","_jetpack_dont_email_post_to_subs":false,"_jetpack_newsletter_tier_id":0,"_jetpack_memberships_contains_paywalled_content":false,"_jetpack_memberships_contains_paid_content":false,"footnotes":"","jetpack_publicize_message":"","jetpack_publicize_feature_enabled":true,"jetpack_social_post_already_shared":true,"jetpack_social_options":{"image_generator_settings":{"template":"highway","default_image_id":0,"font":"","enabled":false},"version":2},"_wpas_customize_per_network":false},"categories":[8],"tags":[11703,10,244,341,9490],"class_list":["post-65936","post","type-post","status-publish","format-standard","has-post-thumbnail","hentry","category-sociedad","tag-atencion-al-consumidor","tag-mercedes","tag-municipio-2","tag-omic","tag-tarifazo","generate-columns","tablet-grid-50","mobile-grid-100","grid-parent","grid-50"],"jetpack_publicize_connections":[],"jetpack_featured_media_url":"https:\/\/www.hoymercedes.com.ar\/principal\/wp-content\/uploads\/2015\/07\/martin-boragno.jpg","wps_subtitle":"Servicio al vecino","jetpack_sharing_enabled":true,"_links":{"self":[{"href":"https:\/\/www.hoymercedes.com.ar\/principal\/wp-json\/wp\/v2\/posts\/65936","targetHints":{"allow":["GET"]}}],"collection":[{"href":"https:\/\/www.hoymercedes.com.ar\/principal\/wp-json\/wp\/v2\/posts"}],"about":[{"href":"https:\/\/www.hoymercedes.com.ar\/principal\/wp-json\/wp\/v2\/types\/post"}],"author":[{"embeddable":true,"href":"https:\/\/www.hoymercedes.com.ar\/principal\/wp-json\/wp\/v2\/users\/1"}],"replies":[{"embeddable":true,"href":"https:\/\/www.hoymercedes.com.ar\/principal\/wp-json\/wp\/v2\/comments?post=65936"}],"version-history":[{"count":0,"href":"https:\/\/www.hoymercedes.com.ar\/principal\/wp-json\/wp\/v2\/posts\/65936\/revisions"}],"wp:featuredmedia":[{"embeddable":true,"href":"https:\/\/www.hoymercedes.com.ar\/principal\/wp-json\/wp\/v2\/media\/42940"}],"wp:attachment":[{"href":"https:\/\/www.hoymercedes.com.ar\/principal\/wp-json\/wp\/v2\/media?parent=65936"}],"wp:term":[{"taxonomy":"category","embeddable":true,"href":"https:\/\/www.hoymercedes.com.ar\/principal\/wp-json\/wp\/v2\/categories?post=65936"},{"taxonomy":"post_tag","embeddable":true,"href":"https:\/\/www.hoymercedes.com.ar\/principal\/wp-json\/wp\/v2\/tags?post=65936"}],"curies":[{"name":"wp","href":"https:\/\/api.w.org\/{rel}","templated":true}]}}