{"id":65953,"date":"2017-08-12T15:35:54","date_gmt":"2017-08-12T18:35:54","guid":{"rendered":"http:\/\/www.hoymercedes.com.ar\/principal\/?p=65953"},"modified":"2017-08-12T12:48:34","modified_gmt":"2017-08-12T15:48:34","slug":"tango-en-el-anden-la-orquesta-tipica-de-la-unlu-actuo-en-la-trocha","status":"publish","type":"post","link":"https:\/\/www.hoymercedes.com.ar\/principal\/2017\/08\/12\/tango-en-el-anden-la-orquesta-tipica-de-la-unlu-actuo-en-la-trocha\/","title":{"rendered":"Tango en el And\u00e9n: La Orquesta T\u00edpica de la UNLu actu\u00f3 en La Trocha"},"content":{"rendered":"<p><strong><em>En la edici\u00f3n de agosto se present\u00f3 la Orquesta T\u00edpica de la UNLu. Hubo tangos cl\u00e1sicos para escuchar y bailar. Sigue creciendo la apuesta musical de la Direcci\u00f3n de Cultura con fuerte apoyo del p\u00fablico.<\/em><\/strong><\/p>\n<p><img loading=\"lazy\" decoding=\"async\" data-attachment-id=\"65956\" data-permalink=\"https:\/\/www.hoymercedes.com.ar\/principal\/2017\/08\/12\/tango-en-el-anden-la-orquesta-tipica-de-la-unlu-actuo-en-la-trocha\/12-tango-03\/#main\" data-orig-file=\"https:\/\/www.hoymercedes.com.ar\/principal\/wp-content\/uploads\/2017\/08\/12-Tango-03.jpg\" data-orig-size=\"630,420\" data-comments-opened=\"0\" data-image-meta=\"{&quot;aperture&quot;:&quot;0&quot;,&quot;credit&quot;:&quot;&quot;,&quot;camera&quot;:&quot;&quot;,&quot;caption&quot;:&quot;&quot;,&quot;created_timestamp&quot;:&quot;0&quot;,&quot;copyright&quot;:&quot;&quot;,&quot;focal_length&quot;:&quot;0&quot;,&quot;iso&quot;:&quot;0&quot;,&quot;shutter_speed&quot;:&quot;0&quot;,&quot;title&quot;:&quot;&quot;,&quot;orientation&quot;:&quot;1&quot;}\" data-image-title=\"12 Tango 03\" data-image-description=\"\" data-image-caption=\"\" data-large-file=\"https:\/\/www.hoymercedes.com.ar\/principal\/wp-content\/uploads\/2017\/08\/12-Tango-03.jpg\" class=\"aligncenter size-medium wp-image-65956\" src=\"https:\/\/www.hoymercedes.com.ar\/principal\/wp-content\/uploads\/2017\/08\/12-Tango-03-630x420.jpg\" alt=\"\" width=\"630\" height=\"420\" srcset=\"https:\/\/www.hoymercedes.com.ar\/principal\/wp-content\/uploads\/2017\/08\/12-Tango-03.jpg 630w, https:\/\/www.hoymercedes.com.ar\/principal\/wp-content\/uploads\/2017\/08\/12-Tango-03-150x100.jpg 150w, https:\/\/www.hoymercedes.com.ar\/principal\/wp-content\/uploads\/2017\/08\/12-Tango-03-300x200.jpg 300w\" sizes=\"auto, (max-width: 630px) 100vw, 630px\" \/><\/p>\n<p>El jueves pasado por la noche se realiz\u00f3 una nueva edici\u00f3n de Tango en el And\u00e9n, el proyecto en el que, desde principio de a\u00f1o, la Direcci\u00f3n de Cultura trabaja sin descanso para promocionar orquestas y cantantes del 2 x 4 en nuestra ciudad.<\/p>\n<p>En esta oportunidad, luego de la clase abierta de baile que se brinda gratuitamente antes de cada espect\u00e1culo de tango, se present\u00f3 la Orquesta T\u00edpica de la Universidad Nacional de Luj\u00e1n, un proyecto que surgi\u00f3 en el a\u00f1o 2015 por iniciativa de quien hoy es su Director, el m\u00fasico mercedino Eduardo Cirillo, cuando, luego de su viaje como m\u00fasico de orquesta a Emiratos \u00c1rabes, present\u00f3 el proyecto al departamento de Cultura de la Universidad y, de com\u00fan acuerdo, decidieron darle forma.<\/p>\n<p>Con el tiempo se fueron sumando m\u00fasicos e instrumentos, hasta que se lleg\u00f3 a formar lo que hoy es una orquesta con diez artistas en escena.<\/p>\n<p>\u201cMi idea como Director \u2013 cuenta Cirillo \u2013 es que podamos brindar un servicio a la comunidad cada vez que nos necesiten. Nosotros no cobramos por nuestras actuaciones ya que estamos representando a una instituci\u00f3n p\u00fablica y queremos, de esta manera, trabajar con ese esp\u00edritu social que hoy en d\u00eda es tan necesario\u201d. Adem\u00e1s, el m\u00fasico que en sus comienzos integr\u00f3 destacadas bandas de rock como \u201cLocal\u00a012\u201d, \u201cModificados\u201d y \u201cCifr\u00e1golo y la Doncella\u201d en Mercedes, resalt\u00f3 la importancia de tener una orquesta en esta zona, donde no se ven con frecuencia en el oeste bonaerense.<\/p>\n<p>La noche comenz\u00f3 con un gran marco de p\u00fablico que a pesar de la lluvia se hizo presente en el galp\u00f3n del C.C. La Trocha, espacio que reemplaza en este per\u00edodo invernal al original y veraniego and\u00e9n, y as\u00ed se mantuvo hasta el final, observando con atenci\u00f3n, algunos y bailando al ritmo de bandoneones, violines y piano, otros.<\/p>\n<p>En el escenario tanguero de cada mes, estuvieron Luis D\u00b4angelo (Luj\u00e1n) y Antonio Scordamaglia (Gral. Rodr\u00edguez) en bandone\u00f3n; Mario Tierno y Luciano Bustos (Luj\u00e1n), en gjuitarras; contrabajo, Nacho Ferreyra (Luj\u00e1n), Gerardo Mart\u00ednez (L\u00faj\u00e1n) y Mariana Vera (Gral. Ropdr\u00edguez); Maximiliano Deus (Piano); Manuel Maturo en teclados (Mercedes) y Eduardo Cirillo como bandoneonista y Director (Mercedes), con un repertorio de tangos cl\u00e1sicos con arreglos de la orquesta de An\u00edbal Troilo, Osvaldo Pugliese y Juli\u00e1n Plaza que conjuga el tango de sal\u00f3n de baile m\u00e1s la poes\u00eda arrabalera con obras como \u201cSur\u201d de Troilo o \u201cLos Cosos de al lao\u201d de Canet-Larrosa en la voz del cantor Adolfo Huesca (Gral. Rodr\u00edguez) y hasta del mism\u00edsimo Pablito Aschero, productor del evento como invitado sorpresa. Arreglos de sutil presencia manteniendo la m\u00fasica de concierto y la invitaci\u00f3n constante al baile.<\/p>\n<p>&nbsp;<\/p>\n<p>&nbsp;<\/p>\n<p>Fuente: Prensa Municipal<\/p>\n","protected":false},"excerpt":{"rendered":"<p>En la edici\u00f3n de agosto se present\u00f3 la Orquesta T\u00edpica de la UNLu. Hubo tangos cl\u00e1sicos para escuchar y bailar. &#8230; <a title=\"Tango en el And\u00e9n: La Orquesta T\u00edpica de la UNLu actu\u00f3 en La Trocha\" class=\"read-more\" href=\"https:\/\/www.hoymercedes.com.ar\/principal\/2017\/08\/12\/tango-en-el-anden-la-orquesta-tipica-de-la-unlu-actuo-en-la-trocha\/\" aria-label=\"Leer m\u00e1s sobre Tango en el And\u00e9n: La Orquesta T\u00edpica de la UNLu actu\u00f3 en La Trocha\">Leer m\u00e1s<\/a><\/p>\n","protected":false},"author":1,"featured_media":65956,"comment_status":"closed","ping_status":"open","sticky":false,"template":"","format":"standard","meta":{"_monsterinsights_skip_tracking":false,"_monsterinsights_sitenote_active":false,"_monsterinsights_sitenote_note":"","_monsterinsights_sitenote_category":0,"jetpack_post_was_ever_published":false,"_jetpack_newsletter_access":"","_jetpack_dont_email_post_to_subs":false,"_jetpack_newsletter_tier_id":0,"_jetpack_memberships_contains_paywalled_content":false,"_jetpack_memberships_contains_paid_content":false,"footnotes":"","jetpack_publicize_message":"","jetpack_publicize_feature_enabled":true,"jetpack_social_post_already_shared":true,"jetpack_social_options":{"image_generator_settings":{"template":"highway","default_image_id":0,"font":"","enabled":false},"version":2},"_wpas_customize_per_network":false},"categories":[104],"tags":[7805,3959,10,10843],"class_list":["post-65953","post","type-post","status-publish","format-standard","has-post-thumbnail","hentry","category-cultura","tag-cultura","tag-la-trocha","tag-mercedes","tag-tango-en-el-anden","generate-columns","tablet-grid-50","mobile-grid-100","grid-parent","grid-50"],"jetpack_publicize_connections":[],"jetpack_featured_media_url":"https:\/\/www.hoymercedes.com.ar\/principal\/wp-content\/uploads\/2017\/08\/12-Tango-03.jpg","wps_subtitle":"El jueves pasado","jetpack_sharing_enabled":true,"_links":{"self":[{"href":"https:\/\/www.hoymercedes.com.ar\/principal\/wp-json\/wp\/v2\/posts\/65953","targetHints":{"allow":["GET"]}}],"collection":[{"href":"https:\/\/www.hoymercedes.com.ar\/principal\/wp-json\/wp\/v2\/posts"}],"about":[{"href":"https:\/\/www.hoymercedes.com.ar\/principal\/wp-json\/wp\/v2\/types\/post"}],"author":[{"embeddable":true,"href":"https:\/\/www.hoymercedes.com.ar\/principal\/wp-json\/wp\/v2\/users\/1"}],"replies":[{"embeddable":true,"href":"https:\/\/www.hoymercedes.com.ar\/principal\/wp-json\/wp\/v2\/comments?post=65953"}],"version-history":[{"count":0,"href":"https:\/\/www.hoymercedes.com.ar\/principal\/wp-json\/wp\/v2\/posts\/65953\/revisions"}],"wp:featuredmedia":[{"embeddable":true,"href":"https:\/\/www.hoymercedes.com.ar\/principal\/wp-json\/wp\/v2\/media\/65956"}],"wp:attachment":[{"href":"https:\/\/www.hoymercedes.com.ar\/principal\/wp-json\/wp\/v2\/media?parent=65953"}],"wp:term":[{"taxonomy":"category","embeddable":true,"href":"https:\/\/www.hoymercedes.com.ar\/principal\/wp-json\/wp\/v2\/categories?post=65953"},{"taxonomy":"post_tag","embeddable":true,"href":"https:\/\/www.hoymercedes.com.ar\/principal\/wp-json\/wp\/v2\/tags?post=65953"}],"curies":[{"name":"wp","href":"https:\/\/api.w.org\/{rel}","templated":true}]}}