{"id":66063,"date":"2017-08-14T17:05:17","date_gmt":"2017-08-14T20:05:17","guid":{"rendered":"http:\/\/www.hoymercedes.com.ar\/principal\/?p=66063"},"modified":"2017-08-14T17:09:02","modified_gmt":"2017-08-14T20:09:02","slug":"ardua-investigacion-de-fuerzas-locales-desbarata-banda-de-distribucion-de-sustancias-prohibidas","status":"publish","type":"post","link":"https:\/\/www.hoymercedes.com.ar\/principal\/2017\/08\/14\/ardua-investigacion-de-fuerzas-locales-desbarata-banda-de-distribucion-de-sustancias-prohibidas\/","title":{"rendered":"Ardua  investigaci\u00f3n de\u00a0fuerzas locales desbarata banda de distribuci\u00f3n de sustancias prohibidas"},"content":{"rendered":"<figure id=\"attachment_66064\" aria-describedby=\"caption-attachment-66064\" style=\"width: 620px\" class=\"wp-caption aligncenter\"><img loading=\"lazy\" decoding=\"async\" data-attachment-id=\"66064\" data-permalink=\"https:\/\/www.hoymercedes.com.ar\/principal\/2017\/08\/14\/ardua-investigacion-de-fuerzas-locales-desbarata-banda-de-distribucion-de-sustancias-prohibidas\/operativooperativos-6\/#main\" data-orig-file=\"https:\/\/www.hoymercedes.com.ar\/principal\/wp-content\/uploads\/2017\/08\/operativoOperativos-6.jpeg\" data-orig-size=\"630,473\" data-comments-opened=\"0\" data-image-meta=\"{&quot;aperture&quot;:&quot;0&quot;,&quot;credit&quot;:&quot;&quot;,&quot;camera&quot;:&quot;&quot;,&quot;caption&quot;:&quot;&quot;,&quot;created_timestamp&quot;:&quot;0&quot;,&quot;copyright&quot;:&quot;&quot;,&quot;focal_length&quot;:&quot;0&quot;,&quot;iso&quot;:&quot;0&quot;,&quot;shutter_speed&quot;:&quot;0&quot;,&quot;title&quot;:&quot;&quot;,&quot;orientation&quot;:&quot;0&quot;}\" data-image-title=\"operativoOperativos (6)\" data-image-description=\"\" data-image-caption=\"\" data-large-file=\"https:\/\/www.hoymercedes.com.ar\/principal\/wp-content\/uploads\/2017\/08\/operativoOperativos-6.jpeg\" class=\"wp-image-66064 size-medium\" src=\"https:\/\/www.hoymercedes.com.ar\/principal\/wp-content\/uploads\/2017\/08\/operativoOperativos-6-630x473.jpeg\" alt=\"\" width=\"630\" height=\"473\" srcset=\"https:\/\/www.hoymercedes.com.ar\/principal\/wp-content\/uploads\/2017\/08\/operativoOperativos-6.jpeg 630w, https:\/\/www.hoymercedes.com.ar\/principal\/wp-content\/uploads\/2017\/08\/operativoOperativos-6-150x113.jpeg 150w\" sizes=\"auto, (max-width: 630px) 100vw, 630px\" \/><figcaption id=\"caption-attachment-66064\" class=\"wp-caption-text\">Multiples detenidos<\/figcaption><\/figure>\n<p>Tras una gran investigaci\u00f3n, con un fino procedimiento se logr\u00f3 por parte de la Polic\u00eda Comunal de Mercedes desbaratar una banda de distribuci\u00f3n de estupefacciones. Actu\u00f3 tambi\u00e9n el Departamento de Investigaci\u00f3n de tr\u00e1fico de drogas y crimen organizado. Fueron varios allanamientos en distintos d\u00edas, con personal\u00a0 encubierto. En espacio p\u00fablico, en zona c\u00e9ntrica, sub urbana y en el peaje. Tambi\u00e9n se logr\u00f3 capturar al abastecedor, adem\u00e1s de la red de distribuci\u00f3n. Los dirigidos por el Comisario Sergio Macedo volvieron a dar un fuerte golpe al delito y a aquellos que da\u00f1an a la sociedad.<\/p>\n<p><strong>Intenso<\/strong><\/p>\n<p>La gran actuaci\u00f3n de la cuadrilla de calle, que fue la que m\u00e1s actu\u00f3, permiti\u00f3 secuestran la no menor cifra de un kilo de marihuana y 150g de coca\u00edna, valuado el contenido en alrededor de $200.000 y m\u00e1s tambi\u00e9n dependiendo el punto de venta. De las 7 los mercedinos efectuaron ellos solos 10 de importante val\u00eda para la justicia y la ciudadan\u00eda.<\/p>\n<figure id=\"attachment_66072\" aria-describedby=\"caption-attachment-66072\" style=\"width: 620px\" class=\"wp-caption aligncenter\"><img loading=\"lazy\" decoding=\"async\" data-attachment-id=\"66072\" data-permalink=\"https:\/\/www.hoymercedes.com.ar\/principal\/2017\/08\/14\/ardua-investigacion-de-fuerzas-locales-desbarata-banda-de-distribucion-de-sustancias-prohibidas\/operativooperativos-9\/#main\" data-orig-file=\"https:\/\/www.hoymercedes.com.ar\/principal\/wp-content\/uploads\/2017\/08\/operativoOperativos-9.jpeg\" data-orig-size=\"630,840\" data-comments-opened=\"0\" data-image-meta=\"{&quot;aperture&quot;:&quot;0&quot;,&quot;credit&quot;:&quot;&quot;,&quot;camera&quot;:&quot;&quot;,&quot;caption&quot;:&quot;&quot;,&quot;created_timestamp&quot;:&quot;0&quot;,&quot;copyright&quot;:&quot;&quot;,&quot;focal_length&quot;:&quot;0&quot;,&quot;iso&quot;:&quot;0&quot;,&quot;shutter_speed&quot;:&quot;0&quot;,&quot;title&quot;:&quot;&quot;,&quot;orientation&quot;:&quot;0&quot;}\" data-image-title=\"operativoOperativos (9)\" data-image-description=\"\" data-image-caption=\"\" data-large-file=\"https:\/\/www.hoymercedes.com.ar\/principal\/wp-content\/uploads\/2017\/08\/operativoOperativos-9.jpeg\" class=\"wp-image-66072 size-full\" src=\"https:\/\/www.hoymercedes.com.ar\/principal\/wp-content\/uploads\/2017\/08\/operativoOperativos-9.jpeg\" alt=\"\" width=\"630\" height=\"840\" srcset=\"https:\/\/www.hoymercedes.com.ar\/principal\/wp-content\/uploads\/2017\/08\/operativoOperativos-9.jpeg 630w, https:\/\/www.hoymercedes.com.ar\/principal\/wp-content\/uploads\/2017\/08\/operativoOperativos-9-113x150.jpeg 113w, https:\/\/www.hoymercedes.com.ar\/principal\/wp-content\/uploads\/2017\/08\/operativoOperativos-9-465x620.jpeg 465w\" sizes=\"auto, (max-width: 630px) 100vw, 630px\" \/><figcaption id=\"caption-attachment-66072\" class=\"wp-caption-text\">Dinero y elementos secuestrados<\/figcaption><\/figure>\n<p><strong>A trav\u00e9s del tiempo<\/strong><\/p>\n<p>Personal de calle de la Polic\u00eda Comunal y el Gabinete Criminol\u00f3gico lograron tras m\u00e1s de dos semanas de fuerte y s\u00f3lida investigaci\u00f3n, desbaratar una banda de distribuci\u00f3n de sustancias prohibidas en Mercedes, pero tambi\u00e9n Luj\u00e1n.<\/p>\n<p>Desde el 28 del mes pasado vienen actuando sin pausa, con vigilancias, encubiertos y siguiendo sigilosamente los pasos de los ahora tras las rejas.<\/p>\n<figure id=\"attachment_66073\" aria-describedby=\"caption-attachment-66073\" style=\"width: 337px\" class=\"wp-caption alignleft\"><img loading=\"lazy\" decoding=\"async\" data-attachment-id=\"66073\" data-permalink=\"https:\/\/www.hoymercedes.com.ar\/principal\/2017\/08\/14\/ardua-investigacion-de-fuerzas-locales-desbarata-banda-de-distribucion-de-sustancias-prohibidas\/operativooperativos-4\/#main\" data-orig-file=\"https:\/\/www.hoymercedes.com.ar\/principal\/wp-content\/uploads\/2017\/08\/operativoOperativos-4.jpeg\" data-orig-size=\"630,1125\" data-comments-opened=\"0\" data-image-meta=\"{&quot;aperture&quot;:&quot;0&quot;,&quot;credit&quot;:&quot;&quot;,&quot;camera&quot;:&quot;&quot;,&quot;caption&quot;:&quot;&quot;,&quot;created_timestamp&quot;:&quot;0&quot;,&quot;copyright&quot;:&quot;&quot;,&quot;focal_length&quot;:&quot;0&quot;,&quot;iso&quot;:&quot;0&quot;,&quot;shutter_speed&quot;:&quot;0&quot;,&quot;title&quot;:&quot;&quot;,&quot;orientation&quot;:&quot;0&quot;}\" data-image-title=\"operativoOperativos (4)\" data-image-description=\"\" data-image-caption=\"&lt;p&gt;Envoltorios de drogas&lt;\/p&gt;\n\" data-large-file=\"https:\/\/www.hoymercedes.com.ar\/principal\/wp-content\/uploads\/2017\/08\/operativoOperativos-4-573x1024.jpeg\" class=\"wp-image-66073 size-medium\" src=\"https:\/\/www.hoymercedes.com.ar\/principal\/wp-content\/uploads\/2017\/08\/operativoOperativos-4-347x620.jpeg\" alt=\"\" width=\"347\" height=\"620\" srcset=\"https:\/\/www.hoymercedes.com.ar\/principal\/wp-content\/uploads\/2017\/08\/operativoOperativos-4-347x620.jpeg 347w, https:\/\/www.hoymercedes.com.ar\/principal\/wp-content\/uploads\/2017\/08\/operativoOperativos-4-84x150.jpeg 84w, https:\/\/www.hoymercedes.com.ar\/principal\/wp-content\/uploads\/2017\/08\/operativoOperativos-4-573x1024.jpeg 573w, https:\/\/www.hoymercedes.com.ar\/principal\/wp-content\/uploads\/2017\/08\/operativoOperativos-4.jpeg 630w\" sizes=\"auto, (max-width: 347px) 100vw, 347px\" \/><figcaption id=\"caption-attachment-66073\" class=\"wp-caption-text\">Envoltorios de drogas<\/figcaption><\/figure>\n<p><strong>El inicio<\/strong><\/p>\n<p>Todo comenz\u00f3 cuando lograron detectar que se estaba por proceder con el ingreso de sustancias prohibidas a la ciudad. La investigaci\u00f3n policial, logr\u00f3 saber que en un auto Duna gris iban a tratar de \u201cmeter\u201d en Mercedes las sustancias. Fue as\u00ed que se apostaron en los accesos y en el peaje identificaron un veh\u00edculo similar al buscado logrando en el km 86 de la ruta N\u00b05, detener a dos mercedinos mayores de edad. A los sujetos se les retuvo cinco envoltorios pl\u00e1sticos con clorhidrato de coca\u00edna y dinero en efectivo. Se puso inmediatamente la actuaci\u00f3n a disposici\u00f3n del fiscal de turno Pedro Illanes de nuestro departamento judicial.<\/p>\n<p><strong>Continuidad<\/strong><\/p>\n<p>La investigaci\u00f3n, que ya hab\u00eda permitido impedir acceso de coca\u00edna a la ciudad, continu\u00f3. En calle 6 y 35 lograron detener a otro mercedino, el tercero, que tambi\u00e9n oficiaba de distribuidor. El personal del gabinete criminol\u00f3gico de la Polic\u00eda Comunal ven\u00eda sigui\u00e9ndolo y logr\u00f3 su detenci\u00f3n en plena acci\u00f3n delictiva. El sujeto se apost\u00f3 en una plaza en la direcci\u00f3n mencionada y cerca, con identidad encubierta, verifica que, tras mandar algunos mensajes por su tel\u00e9fono m\u00f3vil, empezaba a preparar\u00a0 la transferencia de los estupefacientes. El polic\u00eda, al ver que \u00e9ste realiza la transacci\u00f3n, se moviliz\u00f3 y a la voz de \u201calto\u201d detubo al investigado, siendo un mercedino de 50 a\u00f1os de edad que ahora est\u00e1 tras las rejas. Ten\u00eda en su poder marihuana y coca\u00edna, sustancias que ante el reactivo cient\u00edfico dieron positivo. Qued\u00f3 bajo acci\u00f3n judicial de \u00a0Illanes.<\/p>\n<p><strong>M\u00e1s detenidos\u00a0<\/strong><\/p>\n<p>En esta ocasi\u00f3n fueron tres lugares y siete detenidos que se suman a los que ya hab\u00edan sido puestos a disposici\u00f3n de la justicia. En 11 y 134, en 106 entre 75 y 77 y en 30 bis entre 1 y 3 los efectivos intervinieron, efectuando la detenci\u00f3n de cuatro masculinos y tres femeninos. Dos mercedinos, dos peruanos, dos de Capital Federal y un santiague\u00f1o.<\/p>\n<p>En esta ocasi\u00f3n se actu\u00f3 en conjunto con Personal de Drogas Il\u00edcitas del Departamento Judicial Mercedes. La acci\u00f3n fue en funci\u00f3n de que se ten\u00eda identificado el accionar denominado tipo \u201cdelivery\u201d. Interceptaron un autom\u00f3vil, tambi\u00e9n trabajando de manera encubierta, que sal\u00eda de una de las locaciones con clorhidrato de coca\u00edna, tel\u00e9fonos m\u00f3viles y dinero en efectivo. En otra de las locaciones vigiladas identifican la modalidad \u201cpasa manos\u201d quedando tambi\u00e9n detenido el \u201cdistribuidor\u201d que estaba acompa\u00f1ado con un sujeto que se da a la fuga, pero, lo siguen y terminan atrapado tambi\u00e9n, secuestrando nuevamente envoltorios, tel\u00e9fonos y dinero en efectivo. Una tercera locaci\u00f3n permiti\u00f3 detener un \u201cdelivery\u201d peruano con estupefacientes, dinero y tel\u00e9fono m\u00f3vil.<\/p>\n<p><strong>Secuestro y detenci\u00f3n<\/strong><\/p>\n<p>Nuevamente personal de calle de la Polic\u00eda Comunal, en conjunto con personal de Delegaci\u00f3n Departamental de Investigaciones de Trafico de Drogas il\u00edcitas y Crimen Organizado Mercedes, procedi\u00f3 tras intervenci\u00f3n del Juzgado de Garant\u00edas N\u00b01 y la UFI N\u00b02 con el secuestro de estupefacientes. En esta ocasi\u00f3n con la detenci\u00f3n de un masculino y un femenino, mayores de edad y domiciliados en nuestra localidad.<\/p>\n<p>Las actuaciones de se dieron en 39 entre 110 y 112 y en 110 y 43. Se logr\u00f3 el secuestro de varias dosis de coca\u00edna y un trozo de compacto de marihuana, como as\u00ed tambi\u00e9n dinero en efectivo y tel\u00e9fonos m\u00f3viles. Todo qued\u00f3 a disposici\u00f3n de la justicia que aval\u00f3 el excelente proceder de los uniformados bajo la conducci\u00f3n de Macedo en el caso de la Comunal.<\/p>\n<p><img loading=\"lazy\" decoding=\"async\" data-attachment-id=\"66074\" data-permalink=\"https:\/\/www.hoymercedes.com.ar\/principal\/2017\/08\/14\/ardua-investigacion-de-fuerzas-locales-desbarata-banda-de-distribucion-de-sustancias-prohibidas\/operativooperativos-7\/#main\" data-orig-file=\"https:\/\/www.hoymercedes.com.ar\/principal\/wp-content\/uploads\/2017\/08\/operativoOperativos-7.jpeg\" data-orig-size=\"630,473\" data-comments-opened=\"0\" data-image-meta=\"{&quot;aperture&quot;:&quot;0&quot;,&quot;credit&quot;:&quot;&quot;,&quot;camera&quot;:&quot;&quot;,&quot;caption&quot;:&quot;&quot;,&quot;created_timestamp&quot;:&quot;0&quot;,&quot;copyright&quot;:&quot;&quot;,&quot;focal_length&quot;:&quot;0&quot;,&quot;iso&quot;:&quot;0&quot;,&quot;shutter_speed&quot;:&quot;0&quot;,&quot;title&quot;:&quot;&quot;,&quot;orientation&quot;:&quot;0&quot;}\" data-image-title=\"operativoOperativos (7)\" data-image-description=\"\" data-image-caption=\"\" data-large-file=\"https:\/\/www.hoymercedes.com.ar\/principal\/wp-content\/uploads\/2017\/08\/operativoOperativos-7.jpeg\" class=\"aligncenter size-medium wp-image-66074\" src=\"https:\/\/www.hoymercedes.com.ar\/principal\/wp-content\/uploads\/2017\/08\/operativoOperativos-7-630x473.jpeg\" alt=\"\" width=\"630\" height=\"473\" srcset=\"https:\/\/www.hoymercedes.com.ar\/principal\/wp-content\/uploads\/2017\/08\/operativoOperativos-7.jpeg 630w, https:\/\/www.hoymercedes.com.ar\/principal\/wp-content\/uploads\/2017\/08\/operativoOperativos-7-150x113.jpeg 150w\" sizes=\"auto, (max-width: 630px) 100vw, 630px\" \/><\/p>\n<p><strong>Entre Mercedes y Luj\u00e1n<\/strong><\/p>\n<p>Otras seis personas de distinto sexo fueron detenidas entre las vecinas localidades de Mercedes y Luj\u00e1n. Cuatro masculinos, un femenino y un transexual (mercedino). Dos de los detenidos tienen domicilio en Capital Federal mientras que el resto en nuestra ciudad.<\/p>\n<p>Gracias a la fuerte y s\u00f3lida investigaci\u00f3n se logra \u201cseguir\u201d la pista desde Mercedes a Luj\u00e1n y es all\u00ed donde en la v\u00eda p\u00fablica se concreta una de las detenciones de un peruano, que estaba tratando de vender estupefacientes, siendo atrapado en pleno acto de comercializaci\u00f3n.<\/p>\n<p>Otro de los ahora a disposici\u00f3n de la justicia fue interceptado cuando iba a comprar a su \u201cproveedor\u201d para luego traer a nuestra ciudad, en este caso, es un vecino de Mercedes\u00a0 que fue tambi\u00e9n detenido.<\/p>\n<p>A su vez, \u00a0se identific\u00f3 y retuvo un veh\u00edculo en el cual se desplazaban algunos de los detenidos y que fueron demorados cenca del R\u00edo Luj\u00e1n, altura Bas\u00edlica, \u00a0donde estaban a punto de hacer la transacci\u00f3n de comercio il\u00edcito. Uno de los sujetos intenta escapar pero ante la voz de \u201calto\u201d fu\u00e9 detenido. Otro de los casos fue similar, con apenas unas calles de diferencia, donde los uniformados investigadores logran resolver el caso positivamente para todos los vecinos, desarticulando la comercializaci\u00f3n de estupefacientes.<\/p>\n<p>A \u00e9stos detenidos se les secuestra tel\u00e9fonos m\u00f3viles, las drogas que eran su \u201cmercanc\u00eda\u201d y lo recaudado en las ventas del d\u00eda y por las cuales eran vigilados.<\/p>\n<p><strong>El cabecilla<\/strong><\/p>\n<p>Seg\u00fan se supo, y es un dato sumamente valioso, logr\u00f3 tambi\u00e9n la Polic\u00eda Comunal, con apoyo de su par de Luj\u00e1n, la detenci\u00f3n de quien era el eslab\u00f3n clave en la cadena de distribuci\u00f3n, como se suele decir, el \u201cabastecedor\u201d o \u201cCabeza\u201d de la organizaci\u00f3n delictiva.<\/p>\n<p>Con Personal de la Delegaci\u00f3n Departamental de Investigaciones del Tr\u00e1fico de Drogas Il\u00edcitas y Crimen Organizado Mercedes se concret\u00f3 el allanamiento donde se logr\u00f3 la detenci\u00f3n de un ciudadano de nacionalidad peruana de apellido Calder\u00f3n. Hab\u00edan ya existido acciones en esta l\u00ednea con detenciones de paraguayos, peruanos y argentinos.<\/p>\n<p>Se logr\u00f3, se pudo saber,\u00a0 dar con el paradero y el domicilio del posible proveedor de las sustancias secuestradas oportunamente, el cual fue identificado en la investigaci\u00f3n como Calder\u00f3n Luis \u00c1ngel alias \u201cCucho\u201d o \u201cChucho\u201d. Hubo vigilancia, investigaci\u00f3n y un fino seguimiento por parte de los uniformados.\u00a0 En este caso qued\u00f3 la car\u00e1tula como\u00a0<em>\u201cCalder\u00f3n, Luis Angel s\/ comercio de estupefacientes fraccionados en dosis destinadas directamente a los consumidores agravado por la intervenci\u00f3n de tres o m\u00e1s personas en forma organizada para cometerlo\u201d<\/em><\/p>\n<p>En los operativos adem\u00e1s se cuenta con el actuar de la UFI N\u00b03 y ayudant\u00eda de la fiscal\u00eda especializada en drogas a cargo del Dr Gabriel Courtade.<\/p>\n<p><strong>Cient\u00edficamente<\/strong><\/p>\n<p>En todos los casos se procedi\u00f3 a la constataci\u00f3n cient\u00edfica y los reactivos protocolares, con testigos y con el respeto a todas las medidas judiciales que avalaron plenamente lo actuado dado que el operativo fue destacado en todos los aspectos, seg\u00fan las fuentes judiciales.<\/p>\n<p><strong>El mejor de los resultados<\/strong><\/p>\n<p>Si bien no hubo declaraciones directas por parte del Comisario Sergio Macedo, que prefiri\u00f3 la prudencia y dar lugar a la continuidad de la actuaci\u00f3n judicial, se supo que la satisfacci\u00f3n en toda la fuerza era plena dado que la larga investigaci\u00f3n y el trabajo con distintas \u00e1reas institucionales fueron ejemplares, dando un gran golpe a una red que actuaba en Mercedes y ten\u00eda pie en Luj\u00e1n, con muchas detenciones y pruebas irrefutables del accionar, llevando una vez m\u00e1s tranquilidad a todos los vecinos.<\/p>\n","protected":false},"excerpt":{"rendered":"<p>Tras una gran investigaci\u00f3n, con un fino procedimiento se logr\u00f3 por parte de la Polic\u00eda Comunal de Mercedes desbaratar una &#8230; <a title=\"Ardua  investigaci\u00f3n de\u00a0fuerzas locales desbarata banda de distribuci\u00f3n de sustancias prohibidas\" class=\"read-more\" href=\"https:\/\/www.hoymercedes.com.ar\/principal\/2017\/08\/14\/ardua-investigacion-de-fuerzas-locales-desbarata-banda-de-distribucion-de-sustancias-prohibidas\/\" aria-label=\"Leer m\u00e1s sobre Ardua  investigaci\u00f3n de\u00a0fuerzas locales desbarata banda de distribuci\u00f3n de sustancias prohibidas\">Leer m\u00e1s<\/a><\/p>\n","protected":false},"author":1,"featured_media":66072,"comment_status":"closed","ping_status":"open","sticky":false,"template":"","format":"standard","meta":{"_monsterinsights_skip_tracking":false,"_monsterinsights_sitenote_active":false,"_monsterinsights_sitenote_note":"","_monsterinsights_sitenote_category":0,"jetpack_post_was_ever_published":false,"_jetpack_newsletter_access":"","_jetpack_dont_email_post_to_subs":false,"_jetpack_newsletter_tier_id":0,"_jetpack_memberships_contains_paywalled_content":false,"_jetpack_memberships_contains_paid_content":false,"footnotes":"","jetpack_publicize_message":"","jetpack_publicize_feature_enabled":true,"jetpack_social_post_already_shared":true,"jetpack_social_options":{"image_generator_settings":{"template":"highway","default_image_id":0,"font":"","enabled":false},"version":2},"_wpas_customize_per_network":false},"categories":[85],"tags":[11144,11723,5766],"class_list":["post-66063","post","type-post","status-publish","format-standard","has-post-thumbnail","hentry","category-policial","tag-comisario-sergio-macedo","tag-desbaratan-banda","tag-policia-comunal","generate-columns","tablet-grid-50","mobile-grid-100","grid-parent","grid-50"],"jetpack_publicize_connections":[],"jetpack_featured_media_url":"https:\/\/www.hoymercedes.com.ar\/principal\/wp-content\/uploads\/2017\/08\/operativoOperativos-9.jpeg","wps_subtitle":"Dirigidos por Comisario Macedo","jetpack_sharing_enabled":true,"_links":{"self":[{"href":"https:\/\/www.hoymercedes.com.ar\/principal\/wp-json\/wp\/v2\/posts\/66063","targetHints":{"allow":["GET"]}}],"collection":[{"href":"https:\/\/www.hoymercedes.com.ar\/principal\/wp-json\/wp\/v2\/posts"}],"about":[{"href":"https:\/\/www.hoymercedes.com.ar\/principal\/wp-json\/wp\/v2\/types\/post"}],"author":[{"embeddable":true,"href":"https:\/\/www.hoymercedes.com.ar\/principal\/wp-json\/wp\/v2\/users\/1"}],"replies":[{"embeddable":true,"href":"https:\/\/www.hoymercedes.com.ar\/principal\/wp-json\/wp\/v2\/comments?post=66063"}],"version-history":[{"count":0,"href":"https:\/\/www.hoymercedes.com.ar\/principal\/wp-json\/wp\/v2\/posts\/66063\/revisions"}],"wp:featuredmedia":[{"embeddable":true,"href":"https:\/\/www.hoymercedes.com.ar\/principal\/wp-json\/wp\/v2\/media\/66072"}],"wp:attachment":[{"href":"https:\/\/www.hoymercedes.com.ar\/principal\/wp-json\/wp\/v2\/media?parent=66063"}],"wp:term":[{"taxonomy":"category","embeddable":true,"href":"https:\/\/www.hoymercedes.com.ar\/principal\/wp-json\/wp\/v2\/categories?post=66063"},{"taxonomy":"post_tag","embeddable":true,"href":"https:\/\/www.hoymercedes.com.ar\/principal\/wp-json\/wp\/v2\/tags?post=66063"}],"curies":[{"name":"wp","href":"https:\/\/api.w.org\/{rel}","templated":true}]}}