{"id":66081,"date":"2017-08-15T19:00:30","date_gmt":"2017-08-15T22:00:30","guid":{"rendered":"http:\/\/www.hoymercedes.com.ar\/principal\/?p=66081"},"modified":"2017-08-15T16:37:38","modified_gmt":"2017-08-15T19:37:38","slug":"se-dieron-a-conocer-los-jurados-del-salon-de-fotografias","status":"publish","type":"post","link":"https:\/\/www.hoymercedes.com.ar\/principal\/2017\/08\/15\/se-dieron-a-conocer-los-jurados-del-salon-de-fotografias\/","title":{"rendered":"Se dieron a conocer los jurados del Sal\u00f3n de Fotograf\u00edas"},"content":{"rendered":"<p>El Museo de Arte \u00abMunicipalidad de Mercedes\u00bb dio a conocer de manera p\u00fablica qui\u00e9nes ser\u00e1n los integrantes del jurado del <a href=\"https:\/\/www.hoymercedes.com.ar\/principal\/2017\/08\/05\/el-lunes-comienza-la-recepcion-digital-de-fotografias-para-el-salon-anual\/\" target=\"_blank\" rel=\"noopener\">9\u00b0 Sal\u00f3n Anual Nacional de Fotograf\u00edas<\/a>. Se trata de Humberto Farro, Mar\u00eda Paz German y\u00a0Abraham Votroba.\u00a0Ser\u00e1n ellos los que evaluar\u00e1n las fotograf\u00edas enviadas en la primera instancia (preselecci\u00f3n) y en la segunda etapa cuando las fotograf\u00edas se presenten impresas.<\/p>\n<p><img loading=\"lazy\" decoding=\"async\" data-attachment-id=\"66082\" data-permalink=\"https:\/\/www.hoymercedes.com.ar\/principal\/2017\/08\/15\/se-dieron-a-conocer-los-jurados-del-salon-de-fotografias\/15-salon-fotografia-jurado\/#main\" data-orig-file=\"https:\/\/www.hoymercedes.com.ar\/principal\/wp-content\/uploads\/2017\/08\/15-salon-fotografia-jurado.jpg\" data-orig-size=\"780,316\" data-comments-opened=\"0\" data-image-meta=\"{&quot;aperture&quot;:&quot;0&quot;,&quot;credit&quot;:&quot;&quot;,&quot;camera&quot;:&quot;&quot;,&quot;caption&quot;:&quot;&quot;,&quot;created_timestamp&quot;:&quot;0&quot;,&quot;copyright&quot;:&quot;&quot;,&quot;focal_length&quot;:&quot;0&quot;,&quot;iso&quot;:&quot;0&quot;,&quot;shutter_speed&quot;:&quot;0&quot;,&quot;title&quot;:&quot;&quot;,&quot;orientation&quot;:&quot;0&quot;}\" data-image-title=\"15 salon fotografia jurado\" data-image-description=\"\" data-image-caption=\"\" data-large-file=\"https:\/\/www.hoymercedes.com.ar\/principal\/wp-content\/uploads\/2017\/08\/15-salon-fotografia-jurado.jpg\" class=\"aligncenter size-medium wp-image-66082\" src=\"https:\/\/www.hoymercedes.com.ar\/principal\/wp-content\/uploads\/2017\/08\/15-salon-fotografia-jurado-630x255.jpg\" alt=\"\" width=\"630\" height=\"255\" srcset=\"https:\/\/www.hoymercedes.com.ar\/principal\/wp-content\/uploads\/2017\/08\/15-salon-fotografia-jurado-630x255.jpg 630w, https:\/\/www.hoymercedes.com.ar\/principal\/wp-content\/uploads\/2017\/08\/15-salon-fotografia-jurado-150x61.jpg 150w, https:\/\/www.hoymercedes.com.ar\/principal\/wp-content\/uploads\/2017\/08\/15-salon-fotografia-jurado.jpg 780w\" sizes=\"auto, (max-width: 630px) 100vw, 630px\" \/><\/p>\n<p>Para conocer mejor a los jurados, un breve curriculum de cada uno de ellos:<\/p>\n<p><strong>Humberto Farro:\u00a0<\/strong>Argentino, nacido en 1952. Autodidacta, revela su primer rollo a la edad de 15 a\u00f1os.\u00a0En 1975 se asocia al Foto Club Buenos Aires.\u00a0Entre los a\u00f1os 1983 y 1988 particip\u00f3 en el circuito fotoclub\u00edstico de Salones Nacionales e Internacionales, obteniendo en ese lapso numerosos premios y aceptaciones, entre los que se destacan m\u00e1s de 20 Medallas de Oro en Salones Internacionales de Jap\u00f3n, B\u00e9lgica, Singapur, Inglaterra, Espa\u00f1a, Luxemburgo, Francia, Italia, Hong Kong, etc.\u00a0En 1985 y en 1986 obtuvo el Primer Premio del Sal\u00f3n Nacional de Artes Visuales de la Secretar\u00eda de Cultura de la Naci\u00f3n (Argentina).\u00a0Realiz\u00f3 numerosas exposiciones individuales en Argentina, Espa\u00f1a, Francia y Brasil.\u00a0Es Jurado Nacional e Internacional de la Federaci\u00f3n Argentina de Fotograf\u00eda (FAF) y del Foto Club Buenos Aires.\u00a0Fue presidente del Foto Club Buenos Aires en el per\u00edodo 1989\/1990 y del Foto Club Argentino en el per\u00edodo 2001\/2002.\u00a0Actualmente es co-Director de la revista virtual\u00a0www.fotorevista.com.ar.<\/p>\n<p><strong>Mar\u00eda Paz German: <\/strong>Desde 1974 vive en Argentina. En 1986 comienza a estudiar fotograf\u00eda y realiza el Taller de Visi\u00f3n y Composici\u00f3n en el Teatro San Mart\u00edn. Desde el 2002 realiza cursos y talleres de fotograf\u00eda b\u00e1sica y taller de photoshop en el Museo Fotogr\u00e1fico Simik y de fotograf\u00eda avanzada, edici\u00f3n y fotograf\u00eda como arte contempor\u00e1neo en la UBA. Se ha formado con Alicia Segal, Alejandro Simik, Daniel Gona, Daniel Tubio, Augusto Zanella y Norberto Salerno. \u00a0Ha obtenido m\u00faltiples premios y menciones en concursos fotogr\u00e1ficos<\/p>\n<p><strong>Abraham Votroba:\u00a0<\/strong>Naci\u00f3 en 1979 en la provincia de Misiones, Argentina.\u00a0Vive y trabaja en la Ciudad de Buenos Aires. Se gradu\u00f3 de T\u00e9cnico Superior en Imagen Fotogr\u00e1fica en la Escuela Argentina de Fotograf\u00eda. Realiz\u00f3 talleres de ensayo con Valeria Bellusci y de Est\u00e9tica y expresi\u00f3n fotogr\u00e1fica con Juan Travnik.\u00a0Coordin\u00f3 el Foro Internacional de Portfolios de los Encuentros Abiertos-Festival de la Luz 2014\/16 y del InterFestival de la Luz 2015.\u00a0Trabaja como fot\u00f3grafo en la revista Casa FOA.\u00a0Dicta cursos y talleres de fotograf\u00eda de manera particular. Sus obras forman parte de colecciones p\u00fablicas y privadas.<\/p>\n<p>Cabe recordar que est\u00e1 abierta la recepci\u00f3n de obras en formato digital para hacer la primera selecci\u00f3n a fin de mes. Para mayor informaci\u00f3n lea <a href=\"https:\/\/www.hoymercedes.com.ar\/principal\/2017\/08\/05\/el-lunes-comienza-la-recepcion-digital-de-fotografias-para-el-salon-anual\/\" target=\"_blank\" rel=\"noopener\">aqu\u00ed <\/a>o baje el reglamento <a href=\"http:\/\/www.mediafire.com\/file\/919206lcrocw2g1\/Reglamento_9%C2%BA_Sal%C3%B3n_de_Fotograf%C3%ADa_2017.pdf\" target=\"_blank\" rel=\"noopener\">aqu\u00ed<\/a>.<\/p>\n<p>Fuente: MAMM<\/p>\n<p><img loading=\"lazy\" decoding=\"async\" data-attachment-id=\"66083\" data-permalink=\"https:\/\/www.hoymercedes.com.ar\/principal\/2017\/08\/15\/se-dieron-a-conocer-los-jurados-del-salon-de-fotografias\/16-salon-fotografia-1\/#main\" data-orig-file=\"https:\/\/www.hoymercedes.com.ar\/principal\/wp-content\/uploads\/2017\/08\/16-salon-fotografia-1.jpg\" data-orig-size=\"800,597\" data-comments-opened=\"0\" data-image-meta=\"{&quot;aperture&quot;:&quot;0&quot;,&quot;credit&quot;:&quot;&quot;,&quot;camera&quot;:&quot;&quot;,&quot;caption&quot;:&quot;&quot;,&quot;created_timestamp&quot;:&quot;0&quot;,&quot;copyright&quot;:&quot;&quot;,&quot;focal_length&quot;:&quot;0&quot;,&quot;iso&quot;:&quot;0&quot;,&quot;shutter_speed&quot;:&quot;0&quot;,&quot;title&quot;:&quot;&quot;,&quot;orientation&quot;:&quot;0&quot;}\" data-image-title=\"16 salon fotografia 1\" data-image-description=\"\" data-image-caption=\"\" data-large-file=\"https:\/\/www.hoymercedes.com.ar\/principal\/wp-content\/uploads\/2017\/08\/16-salon-fotografia-1.jpg\" class=\"aligncenter size-medium wp-image-66083\" src=\"https:\/\/www.hoymercedes.com.ar\/principal\/wp-content\/uploads\/2017\/08\/16-salon-fotografia-1-630x470.jpg\" alt=\"\" width=\"630\" height=\"470\" srcset=\"https:\/\/www.hoymercedes.com.ar\/principal\/wp-content\/uploads\/2017\/08\/16-salon-fotografia-1-630x470.jpg 630w, https:\/\/www.hoymercedes.com.ar\/principal\/wp-content\/uploads\/2017\/08\/16-salon-fotografia-1-150x112.jpg 150w, https:\/\/www.hoymercedes.com.ar\/principal\/wp-content\/uploads\/2017\/08\/16-salon-fotografia-1.jpg 800w\" sizes=\"auto, (max-width: 630px) 100vw, 630px\" \/><\/p>\n","protected":false},"excerpt":{"rendered":"<p>El Museo de Arte \u00abMunicipalidad de Mercedes\u00bb dio a conocer de manera p\u00fablica qui\u00e9nes ser\u00e1n los integrantes del jurado del &#8230; <a title=\"Se dieron a conocer los jurados del Sal\u00f3n de Fotograf\u00edas\" class=\"read-more\" href=\"https:\/\/www.hoymercedes.com.ar\/principal\/2017\/08\/15\/se-dieron-a-conocer-los-jurados-del-salon-de-fotografias\/\" aria-label=\"Leer m\u00e1s sobre Se dieron a conocer los jurados del Sal\u00f3n de Fotograf\u00edas\">Leer m\u00e1s<\/a><\/p>\n","protected":false},"author":1,"featured_media":66082,"comment_status":"closed","ping_status":"open","sticky":false,"template":"","format":"standard","meta":{"_monsterinsights_skip_tracking":false,"_monsterinsights_sitenote_active":false,"_monsterinsights_sitenote_note":"","_monsterinsights_sitenote_category":0,"jetpack_post_was_ever_published":false,"_jetpack_newsletter_access":"","_jetpack_dont_email_post_to_subs":false,"_jetpack_newsletter_tier_id":0,"_jetpack_memberships_contains_paywalled_content":false,"_jetpack_memberships_contains_paid_content":false,"footnotes":"","jetpack_publicize_message":"","jetpack_publicize_feature_enabled":true,"jetpack_social_post_already_shared":true,"jetpack_social_options":{"image_generator_settings":{"template":"highway","default_image_id":0,"font":"","enabled":false},"version":2},"_wpas_customize_per_network":false},"categories":[104],"tags":[7805,11316,8674,10,9632],"class_list":["post-66081","post","type-post","status-publish","format-standard","has-post-thumbnail","hentry","category-cultura","tag-cultura","tag-jurado","tag-mamm","tag-mercedes","tag-salon-de-fotografia","generate-columns","tablet-grid-50","mobile-grid-100","grid-parent","grid-50"],"jetpack_publicize_connections":[],"jetpack_featured_media_url":"https:\/\/www.hoymercedes.com.ar\/principal\/wp-content\/uploads\/2017\/08\/15-salon-fotografia-jurado.jpg","wps_subtitle":"Actuar\u00e1n entre el 28 de agosto y el 1\u00b0 de septiembre","jetpack_sharing_enabled":true,"_links":{"self":[{"href":"https:\/\/www.hoymercedes.com.ar\/principal\/wp-json\/wp\/v2\/posts\/66081","targetHints":{"allow":["GET"]}}],"collection":[{"href":"https:\/\/www.hoymercedes.com.ar\/principal\/wp-json\/wp\/v2\/posts"}],"about":[{"href":"https:\/\/www.hoymercedes.com.ar\/principal\/wp-json\/wp\/v2\/types\/post"}],"author":[{"embeddable":true,"href":"https:\/\/www.hoymercedes.com.ar\/principal\/wp-json\/wp\/v2\/users\/1"}],"replies":[{"embeddable":true,"href":"https:\/\/www.hoymercedes.com.ar\/principal\/wp-json\/wp\/v2\/comments?post=66081"}],"version-history":[{"count":0,"href":"https:\/\/www.hoymercedes.com.ar\/principal\/wp-json\/wp\/v2\/posts\/66081\/revisions"}],"wp:featuredmedia":[{"embeddable":true,"href":"https:\/\/www.hoymercedes.com.ar\/principal\/wp-json\/wp\/v2\/media\/66082"}],"wp:attachment":[{"href":"https:\/\/www.hoymercedes.com.ar\/principal\/wp-json\/wp\/v2\/media?parent=66081"}],"wp:term":[{"taxonomy":"category","embeddable":true,"href":"https:\/\/www.hoymercedes.com.ar\/principal\/wp-json\/wp\/v2\/categories?post=66081"},{"taxonomy":"post_tag","embeddable":true,"href":"https:\/\/www.hoymercedes.com.ar\/principal\/wp-json\/wp\/v2\/tags?post=66081"}],"curies":[{"name":"wp","href":"https:\/\/api.w.org\/{rel}","templated":true}]}}