{"id":66086,"date":"2017-08-15T14:36:23","date_gmt":"2017-08-15T17:36:23","guid":{"rendered":"http:\/\/www.hoymercedes.com.ar\/principal\/?p=66086"},"modified":"2017-08-15T15:20:46","modified_gmt":"2017-08-15T18:20:46","slug":"quilmes-consiguio-tres-triunfos-ante-bragado-club","status":"publish","type":"post","link":"https:\/\/www.hoymercedes.com.ar\/principal\/2017\/08\/15\/quilmes-consiguio-tres-triunfos-ante-bragado-club\/","title":{"rendered":"Quilmes consigui\u00f3 tres triunfos ante Bragado Club"},"content":{"rendered":"<p><strong><em>Quilmes recibi\u00f3 (en la cancha de Estudiantes) a Bragado Club en el marco de la 13\u00ba fecha (2\u00ba de las revanchas) de las divisiones formativas de la ABCH. Fueron tres victorias en U13, U15 y U17, y derrota en la m\u00e1s chica (Mini).<\/em> <\/strong><\/p>\n<p><img loading=\"lazy\" decoding=\"async\" data-attachment-id=\"66088\" data-permalink=\"https:\/\/www.hoymercedes.com.ar\/principal\/2017\/08\/15\/quilmes-consiguio-tres-triunfos-ante-bragado-club\/whatsapp-image-2017-08-12-at-15-34-12\/#main\" data-orig-file=\"https:\/\/www.hoymercedes.com.ar\/principal\/wp-content\/uploads\/2017\/08\/WhatsApp-Image-2017-08-12-at-15.34.12.jpeg\" data-orig-size=\"1040,780\" data-comments-opened=\"0\" data-image-meta=\"{&quot;aperture&quot;:&quot;0&quot;,&quot;credit&quot;:&quot;&quot;,&quot;camera&quot;:&quot;&quot;,&quot;caption&quot;:&quot;&quot;,&quot;created_timestamp&quot;:&quot;0&quot;,&quot;copyright&quot;:&quot;&quot;,&quot;focal_length&quot;:&quot;0&quot;,&quot;iso&quot;:&quot;0&quot;,&quot;shutter_speed&quot;:&quot;0&quot;,&quot;title&quot;:&quot;&quot;,&quot;orientation&quot;:&quot;0&quot;}\" data-image-title=\"WhatsApp Image 2017-08-12 at 15.34.12\" data-image-description=\"\" data-image-caption=\"\" data-large-file=\"https:\/\/www.hoymercedes.com.ar\/principal\/wp-content\/uploads\/2017\/08\/WhatsApp-Image-2017-08-12-at-15.34.12-1024x768.jpeg\" class=\"aligncenter size-medium wp-image-66088\" src=\"https:\/\/www.hoymercedes.com.ar\/principal\/wp-content\/uploads\/2017\/08\/WhatsApp-Image-2017-08-12-at-15.34.12-630x473.jpeg\" alt=\"\" width=\"630\" height=\"473\" srcset=\"https:\/\/www.hoymercedes.com.ar\/principal\/wp-content\/uploads\/2017\/08\/WhatsApp-Image-2017-08-12-at-15.34.12-630x473.jpeg 630w, https:\/\/www.hoymercedes.com.ar\/principal\/wp-content\/uploads\/2017\/08\/WhatsApp-Image-2017-08-12-at-15.34.12-150x113.jpeg 150w, https:\/\/www.hoymercedes.com.ar\/principal\/wp-content\/uploads\/2017\/08\/WhatsApp-Image-2017-08-12-at-15.34.12-1024x768.jpeg 1024w, https:\/\/www.hoymercedes.com.ar\/principal\/wp-content\/uploads\/2017\/08\/WhatsApp-Image-2017-08-12-at-15.34.12.jpeg 1040w\" sizes=\"auto, (max-width: 630px) 100vw, 630px\" \/><\/p>\n<p>Comenz\u00f3 la jornada del s\u00e1bado con un traspi\u00e9 claro de 36-65 ante un rival superior. Las victorias llegaron despu\u00e9s y hasta el final. En U13\u00a0 logr\u00f3 una victoria clara al final por 49-41, basado en la gran actuaci\u00f3n de Juan Bernardo (24 puntos), bien acompa\u00f1ado sobre todo por Lautaro Belzunces.<\/p>\n<p>En U15, la victoria fue m\u00e1s clara (66-43), con una actuaci\u00f3n brillante del equipo en general, con individualidades de alto rendimiento como las de Graziadei y Beyer. La diferencia acumulada en el partido le permiti\u00f3 al DT Gustavo Retegui otorgarle minutos a todo el conjunto, sin por ello deste\u00f1ir la brillante actuaci\u00f3n colectiva.<\/p>\n<p>En U17, en cambio, la victoria fue ajustada y muy peleada, con destaques del cerebro del equipo Gonzalo Alvarez, como as\u00ed tambi\u00e9n Zunino Sampablo y \u201cFran\u201d G\u00f3mez. En el rival se destacaron Laborde y ese excelente jugador que es Pedro Buzzeo, capaz de volcar el resultado a su favor en cualquier circunstancia, aunque esta vez no pudo ante el conjunto quilme\u00f1o.<\/p>\n<p>&nbsp;<\/p>\n<p>&nbsp;<\/p>\n<p>La s\u00edntesis de los partidos fueron las siguientes:<\/p>\n<p>&nbsp;<\/p>\n<p>FECHA 13 CANCHA DE ESTUDIANTES (12\/08\/17)<\/p>\n<p>&nbsp;<\/p>\n<p>&nbsp;<\/p>\n<p>MINI<\/p>\n<p>&nbsp;<\/p>\n<p>QUILMES 36<\/p>\n<p>(J. Cabanas 13, T. Bongiorno 6, Bourdieu 4, Milesi 3, Cend\u00e1n 3, I. Alvarez 3, Ayesa 2, J.P. Fern\u00e1ndez 2, Almir\u00f3n, Gal\u00e1n, Ponce,\u00a0 M. Brilado,\u00a0 Trevis\u00e1n, Acu\u00f1a, Avelar, Ramponi) (DT: G. Retegui)<\/p>\n<p>BRAGADO CLUB 65<\/p>\n<p>(S. Fern\u00e1ndez 14, Marini 11, Peraf\u00e1n 10,Galarza 8, Vera 6, Pellegrino 4, Rosa 4, Cristino 4, Acosta 2, Palacios 2, Franza) (DT. J.P. Cassani)<\/p>\n<p>&#8212;&#8212;&#8212;&#8212;&#8212;&#8212;&#8212;&#8212;&#8212;&#8212;&#8212;&#8212;&#8212;&#8212;&#8212;&#8212;&#8212;&#8212;&#8212;&#8212;&#8212;&#8212;&#8212;&#8212;&#8212;&#8212;&#8212;&#8212;&#8212;&#8212;&#8212;&#8212;&#8212;&#8212;&#8212;-<\/p>\n<p>&nbsp;<\/p>\n<p>U13<\/p>\n<p>QUILMES 49<\/p>\n<p>(Bernardo 24, Belzunces 12, Bourdieu 6, Quinteros 4, \u00a0Wimber 2, \u00a0Torres 1, Fanucci , J. Cabanas, Coronel, Fabro, T. Bongiorno) (DT: G. Retegui)<\/p>\n<p>BRAGADO CLUB 41<\/p>\n<p>(Loriente 16, Garruba 13, Prado 5, Gutierrez 3, Peraf\u00e1n 2, D\u00e1vila 2, Salerno, Rosa, Belamendia, Vera, S. Fern\u00e1ndez, Marini) (DT: J.P. Casani)<\/p>\n<p>&nbsp;<\/p>\n<p>&#8212;&#8212;&#8212;&#8212;&#8212;&#8212;&#8212;&#8212;&#8212;&#8212;&#8212;&#8212;&#8212;&#8212;&#8212;&#8212;&#8212;&#8212;&#8212;&#8212;&#8212;&#8212;&#8212;&#8212;&#8212;&#8212;&#8212;&#8212;&#8212;&#8212;&#8212;&#8212;&#8212;&#8212;&#8212;-<\/p>\n<p>U15<\/p>\n<p>&nbsp;<\/p>\n<p>QUILMES 66<\/p>\n<p>(Beyer 15, Graziadei 13, B. Brilado 9, Tassara 8, Lencioni 5, Aveiro 5,\u00a0 Cabana 3, F. Contardi 2, Festugatto 2, Ram\u00edrez 2, Indurain 2, Bellangher) (DT: G. Retegui)<\/p>\n<p>BRAGADO CLUB 43<\/p>\n<p>(Elmeaudy 9, Morando 9, J. Fern\u00e1ndez 8, Xu 5, L. Rodr\u00edguez 5, Sanabria 4, Loriente 3, Gualdoni Garruba, Rondoni) (DT: J.P. Cassani)<\/p>\n<p>&nbsp;<\/p>\n<p>&nbsp;<\/p>\n<p>U17<\/p>\n<p>QUILMES 64<\/p>\n<p>(Zunino Sampablo 18, G. Alvarez 13, F. G\u00f3mez 11, Cosentino 7, Taramasco 5, Lam\u00f3nica 4, B. Brilado 2, Loch 2,\u00a0 Bal 2, Sanchez, Graziadei) (DT: J. L. Giallorenzo)<\/p>\n<p>BRAGADO CLUB 60<\/p>\n<p>(Laborde 18, Buzzeo 14, Avena 11, Di Siervi 6, Capia 3, Aristi 3,\u00a0 Petegolu 2, Cavenaghi 2, Ortiz 1, J. Garc\u00eda, Duarte) (DT: J.P`. Cassani)<\/p>\n<p>&nbsp;<\/p>\n<p>JUECES: A. Guzm\u00e1n &#8211; Piacentini<\/p>\n<p>&nbsp;<\/p>\n<p>&nbsp;<\/p>\n<p>&nbsp;<\/p>\n<p>DESTACADO DEL D\u00cdA: JUAN BERNARDO (U13)<\/p>\n<p>&nbsp;<\/p>\n<p>Excelente goleo (24 puntos sobre los 49 de su equipo). Determinante\u00a0 para la victoria e imparable para los rivales cuando se dispon\u00eda a encarar. El \u201cseleccionado\u201d jug\u00f3 como para que el DT rival (JP Cassani) lo confirme entre los 12 que jugar\u00e1n el Provincial\u00a0 de la categor\u00eda en el mes de Septiembre en la ciudad de Junin.<\/p>\n<p>&nbsp;<\/p>\n<p>&nbsp;<\/p>\n<p>MUCHAS GRACIAS<\/p>\n<p>&nbsp;<\/p>\n<p>El Club Quilmes agradece especialmente por este medio al Club Estudiantes por la gentil cesi\u00f3n de su cancha ante el compromiso asumido con mucha antelaci\u00f3n al desarrollo del Torneo Regional de Voley que se desarroll\u00f3 en su cancha. Gesto noble para aplaudir entre entidades rivales en la cancha pero que no dudan a la hora de ayudarse mutuamente.<\/p>\n<p>&nbsp;<\/p>\n<p>&nbsp;<\/p>\n<p>&nbsp;<\/p>\n<p>PR\u00d3XIMA FECHA: 14\u00ba (3\u00ba de la 2\u00ba rueda): Millonarios (B) &#8211; Quilmes<\/p>\n","protected":false},"excerpt":{"rendered":"<p>Quilmes recibi\u00f3 (en la cancha de Estudiantes) a Bragado Club en el marco de la 13\u00ba fecha (2\u00ba de las &#8230; <a title=\"Quilmes consigui\u00f3 tres triunfos ante Bragado Club\" class=\"read-more\" href=\"https:\/\/www.hoymercedes.com.ar\/principal\/2017\/08\/15\/quilmes-consiguio-tres-triunfos-ante-bragado-club\/\" aria-label=\"Leer m\u00e1s sobre Quilmes consigui\u00f3 tres triunfos ante Bragado Club\">Leer m\u00e1s<\/a><\/p>\n","protected":false},"author":1,"featured_media":66088,"comment_status":"closed","ping_status":"open","sticky":false,"template":"","format":"standard","meta":{"_monsterinsights_skip_tracking":false,"_monsterinsights_sitenote_active":false,"_monsterinsights_sitenote_note":"","_monsterinsights_sitenote_category":0,"jetpack_post_was_ever_published":false,"_jetpack_newsletter_access":"","_jetpack_dont_email_post_to_subs":false,"_jetpack_newsletter_tier_id":0,"_jetpack_memberships_contains_paywalled_content":false,"_jetpack_memberships_contains_paid_content":false,"footnotes":"","jetpack_publicize_message":"","jetpack_publicize_feature_enabled":true,"jetpack_social_post_already_shared":true,"jetpack_social_options":{"image_generator_settings":{"template":"highway","default_image_id":0,"font":"","enabled":false},"version":2},"_wpas_customize_per_network":false},"categories":[21],"tags":[11301,11591,204,10,1413],"class_list":["post-66086","post","type-post","status-publish","format-standard","has-post-thumbnail","hentry","category-deportes","tag-basquet-inferiores","tag-bragado-club","tag-deportes-2","tag-mercedes","tag-quilmes","generate-columns","tablet-grid-50","mobile-grid-100","grid-parent","grid-50"],"jetpack_publicize_connections":[],"jetpack_featured_media_url":"https:\/\/www.hoymercedes.com.ar\/principal\/wp-content\/uploads\/2017\/08\/WhatsApp-Image-2017-08-12-at-15.34.12.jpeg","wps_subtitle":"Basquet Inferiores","jetpack_sharing_enabled":true,"_links":{"self":[{"href":"https:\/\/www.hoymercedes.com.ar\/principal\/wp-json\/wp\/v2\/posts\/66086","targetHints":{"allow":["GET"]}}],"collection":[{"href":"https:\/\/www.hoymercedes.com.ar\/principal\/wp-json\/wp\/v2\/posts"}],"about":[{"href":"https:\/\/www.hoymercedes.com.ar\/principal\/wp-json\/wp\/v2\/types\/post"}],"author":[{"embeddable":true,"href":"https:\/\/www.hoymercedes.com.ar\/principal\/wp-json\/wp\/v2\/users\/1"}],"replies":[{"embeddable":true,"href":"https:\/\/www.hoymercedes.com.ar\/principal\/wp-json\/wp\/v2\/comments?post=66086"}],"version-history":[{"count":0,"href":"https:\/\/www.hoymercedes.com.ar\/principal\/wp-json\/wp\/v2\/posts\/66086\/revisions"}],"wp:featuredmedia":[{"embeddable":true,"href":"https:\/\/www.hoymercedes.com.ar\/principal\/wp-json\/wp\/v2\/media\/66088"}],"wp:attachment":[{"href":"https:\/\/www.hoymercedes.com.ar\/principal\/wp-json\/wp\/v2\/media?parent=66086"}],"wp:term":[{"taxonomy":"category","embeddable":true,"href":"https:\/\/www.hoymercedes.com.ar\/principal\/wp-json\/wp\/v2\/categories?post=66086"},{"taxonomy":"post_tag","embeddable":true,"href":"https:\/\/www.hoymercedes.com.ar\/principal\/wp-json\/wp\/v2\/tags?post=66086"}],"curies":[{"name":"wp","href":"https:\/\/api.w.org\/{rel}","templated":true}]}}