{"id":6609,"date":"2011-08-21T00:45:03","date_gmt":"2011-08-21T00:45:03","guid":{"rendered":"http:\/\/www.hoymercedes.com.ar\/principal\/?p=6609"},"modified":"2011-08-21T00:45:03","modified_gmt":"2011-08-21T00:45:03","slug":"selva-invita-a-candidatos-a-intendente-a-debatir-ante-el-proximo-dia-de-la-primavera","status":"publish","type":"post","link":"https:\/\/www.hoymercedes.com.ar\/principal\/2011\/08\/21\/selva-invita-a-candidatos-a-intendente-a-debatir-ante-el-proximo-dia-de-la-primavera\/","title":{"rendered":"Selva invita a candidatos a intendente a debatir ante el pr\u00f3ximo d\u00eda de la primavera"},"content":{"rendered":"<p>Por medio de un comunicado a la prensa se conoci\u00f3 la noticia de que el intendente Carlos Selva invit\u00f3 formalmente a todos los candidatos a intendente a ser parte de una instancia de di\u00e1logo e intercambio de opiniones en relaci\u00f3n al d\u00eda de la primavera y claramente vinculado al pasado dif\u00edcil y violento que nuestra ciudad posee en el tema.<\/p>\n<p>La informaci\u00f3n suministrada es la siguiente:<\/p>\n<p><em>El Sr. Intendente Municipal Carlos Selva se ha dirigido a todos quienes fueron candidatos a Intendente en las elecciones realizadas el\u00a0pasado\u00a0d\u00eda\u00a0domingo 14 de Agosto, para intercambiar opiniones y aunar esfuerzos para la realizacion de los venideros festejos por el<\/em><\/p>\n<p><em><strong>Dia de la Primavera.<\/strong><\/em><\/p>\n<p><em>Esta es una idea que nace desde el mismo Jefe Comunal, ya que considera que esta es una tematica realmente importante y debe ser abordada desde el Estado como una cuestion que se abstraiga de la especulacion partidaria o electoral.<\/em><\/p>\n<p><em>La convocatoria es para el proximo dia martes 23 del corriente, a las 12hs, en el despacho del Intendente Municipal, y se espera a todos los candidatos que han participado, dispuestos a colaborar con el bien comun de la ciudad y la seguridad de nuestros jovenes en esta celebracion.<\/em><\/p>\n<p><em>Finalizado el encuentro, se mantendra contacto con los medios de comunicacion.<\/em><\/p>\n","protected":false},"excerpt":{"rendered":"<p>Por medio de un comunicado a la prensa se conoci\u00f3 la noticia de que el intendente Carlos Selva invit\u00f3 formalmente &#8230; <a title=\"Selva invita a candidatos a intendente a debatir ante el pr\u00f3ximo d\u00eda de la primavera\" class=\"read-more\" href=\"https:\/\/www.hoymercedes.com.ar\/principal\/2011\/08\/21\/selva-invita-a-candidatos-a-intendente-a-debatir-ante-el-proximo-dia-de-la-primavera\/\" aria-label=\"Leer m\u00e1s sobre Selva invita a candidatos a intendente a debatir ante el pr\u00f3ximo d\u00eda de la primavera\">Leer m\u00e1s<\/a><\/p>\n","protected":false},"author":1,"featured_media":0,"comment_status":"open","ping_status":"open","sticky":false,"template":"","format":"standard","meta":{"_monsterinsights_skip_tracking":false,"_monsterinsights_sitenote_active":false,"_monsterinsights_sitenote_note":"","_monsterinsights_sitenote_category":0,"jetpack_post_was_ever_published":false,"_jetpack_newsletter_access":"","_jetpack_dont_email_post_to_subs":false,"_jetpack_newsletter_tier_id":0,"_jetpack_memberships_contains_paywalled_content":false,"_jetpack_memberships_contains_paid_content":false,"footnotes":"","jetpack_publicize_message":"","jetpack_publicize_feature_enabled":true,"jetpack_social_post_already_shared":false,"jetpack_social_options":{"image_generator_settings":{"template":"highway","default_image_id":0,"font":"","enabled":false},"version":2},"_wpas_customize_per_network":false},"categories":[5],"tags":[1002,18],"class_list":["post-6609","post","type-post","status-publish","format-standard","hentry","category-politica","tag-dia-de-la-primavera","tag-selva","generate-columns","tablet-grid-50","mobile-grid-100","grid-parent","grid-50"],"jetpack_publicize_connections":[],"jetpack_featured_media_url":"","wps_subtitle":"","jetpack_sharing_enabled":true,"_links":{"self":[{"href":"https:\/\/www.hoymercedes.com.ar\/principal\/wp-json\/wp\/v2\/posts\/6609","targetHints":{"allow":["GET"]}}],"collection":[{"href":"https:\/\/www.hoymercedes.com.ar\/principal\/wp-json\/wp\/v2\/posts"}],"about":[{"href":"https:\/\/www.hoymercedes.com.ar\/principal\/wp-json\/wp\/v2\/types\/post"}],"author":[{"embeddable":true,"href":"https:\/\/www.hoymercedes.com.ar\/principal\/wp-json\/wp\/v2\/users\/1"}],"replies":[{"embeddable":true,"href":"https:\/\/www.hoymercedes.com.ar\/principal\/wp-json\/wp\/v2\/comments?post=6609"}],"version-history":[{"count":0,"href":"https:\/\/www.hoymercedes.com.ar\/principal\/wp-json\/wp\/v2\/posts\/6609\/revisions"}],"wp:attachment":[{"href":"https:\/\/www.hoymercedes.com.ar\/principal\/wp-json\/wp\/v2\/media?parent=6609"}],"wp:term":[{"taxonomy":"category","embeddable":true,"href":"https:\/\/www.hoymercedes.com.ar\/principal\/wp-json\/wp\/v2\/categories?post=6609"},{"taxonomy":"post_tag","embeddable":true,"href":"https:\/\/www.hoymercedes.com.ar\/principal\/wp-json\/wp\/v2\/tags?post=6609"}],"curies":[{"name":"wp","href":"https:\/\/api.w.org\/{rel}","templated":true}]}}