{"id":66096,"date":"2017-08-16T11:03:48","date_gmt":"2017-08-16T14:03:48","guid":{"rendered":"http:\/\/www.hoymercedes.com.ar\/principal\/?p=66096"},"modified":"2017-08-15T16:12:24","modified_gmt":"2017-08-15T19:12:24","slug":"nicolas-dematei-debuto-con-un-triunfo-en-atletico-rafaela","status":"publish","type":"post","link":"https:\/\/www.hoymercedes.com.ar\/principal\/2017\/08\/16\/nicolas-dematei-debuto-con-un-triunfo-en-atletico-rafaela\/","title":{"rendered":"Nicol\u00e1s Dematei debut\u00f3 con un triunfo en Atl\u00e9tico Rafaela"},"content":{"rendered":"<p><strong>Diario La Opini\u00f3n.<em> Pasito a pasito Atl\u00e9tico de Rafaela se va preparando para el pr\u00f3ximo torneo de la B Nacional y se meti\u00f3 en la final de la Copa Santa Fe. Ayer le gan\u00f3 1 a 0 a Sportivo Rivadavia de Venado Tuerto y ahora tendr\u00e1 que definir el t\u00edtulo de campe\u00f3n ante Rosario Central, que gole\u00f3 a Atl\u00e9tico de San Jorge en la otra semifinal.\u00a0<\/em><\/strong><\/p>\n<p><img loading=\"lazy\" decoding=\"async\" data-attachment-id=\"66097\" data-permalink=\"https:\/\/www.hoymercedes.com.ar\/principal\/2017\/08\/16\/nicolas-dematei-debuto-con-un-triunfo-en-atletico-rafaela\/nicolas-dematei-rafaela-2\/#main\" data-orig-file=\"https:\/\/www.hoymercedes.com.ar\/principal\/wp-content\/uploads\/2017\/08\/Nicolas-Dematei-Rafaela-2.jpg\" data-orig-size=\"1181,787\" data-comments-opened=\"0\" data-image-meta=\"{&quot;aperture&quot;:&quot;0&quot;,&quot;credit&quot;:&quot;&quot;,&quot;camera&quot;:&quot;&quot;,&quot;caption&quot;:&quot;&quot;,&quot;created_timestamp&quot;:&quot;0&quot;,&quot;copyright&quot;:&quot;&quot;,&quot;focal_length&quot;:&quot;0&quot;,&quot;iso&quot;:&quot;0&quot;,&quot;shutter_speed&quot;:&quot;0&quot;,&quot;title&quot;:&quot;&quot;,&quot;orientation&quot;:&quot;1&quot;}\" data-image-title=\"Nicolas Dematei Rafaela 2\" data-image-description=\"\" data-image-caption=\"\" data-large-file=\"https:\/\/www.hoymercedes.com.ar\/principal\/wp-content\/uploads\/2017\/08\/Nicolas-Dematei-Rafaela-2-1024x682.jpg\" class=\"aligncenter size-medium wp-image-66097\" src=\"https:\/\/www.hoymercedes.com.ar\/principal\/wp-content\/uploads\/2017\/08\/Nicolas-Dematei-Rafaela-2-630x420.jpg\" alt=\"\" width=\"630\" height=\"420\" srcset=\"https:\/\/www.hoymercedes.com.ar\/principal\/wp-content\/uploads\/2017\/08\/Nicolas-Dematei-Rafaela-2-630x420.jpg 630w, https:\/\/www.hoymercedes.com.ar\/principal\/wp-content\/uploads\/2017\/08\/Nicolas-Dematei-Rafaela-2-150x100.jpg 150w, https:\/\/www.hoymercedes.com.ar\/principal\/wp-content\/uploads\/2017\/08\/Nicolas-Dematei-Rafaela-2-1024x682.jpg 1024w, https:\/\/www.hoymercedes.com.ar\/principal\/wp-content\/uploads\/2017\/08\/Nicolas-Dematei-Rafaela-2-300x200.jpg 300w, https:\/\/www.hoymercedes.com.ar\/principal\/wp-content\/uploads\/2017\/08\/Nicolas-Dematei-Rafaela-2.jpg 1181w\" sizes=\"auto, (max-width: 630px) 100vw, 630px\" \/><\/p>\n<p>El gol para la victoria de la \u2018Crema\u2019 lo anot\u00f3 Gonzalo Klusener tras una buena jugada preparada en la semana. Los dirigidos por Lucas Bovaglio fueron superiores al conjunto que milita en el torneo Federal B, pero m\u00e1s all\u00e1 de la diferencia de categor\u00eda el equipo del \u2018Anguila\u2019 Guti\u00e9rrez se plant\u00f3 de buena manera en el Monumental de barrio Alberdi y le hizo partido. De hecho llegaba a esta instancia invicto, tras eliminar a Newell\u2019s y 9 de Julio, mientras que tampoco conoce la derrota en su campeonato.<\/p>\n<p>Atl\u00e9tico fue de menos a m\u00e1s y si bien tuvo sus oportunidades para abrir el marcador en los primeros 45 no lo pudo hacer. Primero, con un remate de Albertengo que descolg\u00f3 del \u00e1ngulo el arquero Diego C\u00f3rdoba, o tambi\u00e9n un disparo cruzado de Copetti que desvi\u00f3 bien el 1, y otra de Vel\u00e1zquez que tambi\u00e9n termin\u00f3 interviniendo el portero visitante.<\/p>\n<p>Sportivo Rivadavia tambi\u00e9n tuvo las suyas, en menos ocasiones y solo en el primer tiempo, pero siempre apareci\u00f3 Ramiro Macagno, de buen partido, para dilapidar cualquier riesgo. La primera del partido fue para la visita con un remate de Gabriel Giacopetti que desvi\u00f3 bien con sus pies \u2018Rama\u2019. Tambi\u00e9n estuvo atento y r\u00e1pido en la salida para anticipar con sus pies varias jugadas que pudieran haberle ocasionado un dolor de cabeza. Como el que se llev\u00f3 Angelo Martino, que ingres\u00f3 para jugar los \u00faltimos minutos, no pudo tomar el bal\u00f3n y por un fuerte golpe en la primera que interven\u00eda tuvo que ser asistido y retirado del campo de juego. Por precauci\u00f3n y ante el fuerte dolor de cabeza en la noche de ayer se le realizaron diferentes estudios.<\/p>\n<p>En definitiva la \u2018Crema\u2019 contin\u00faa sumando rodaje, ya son cuatro los encuentros disputados en la era Bovaglio, ayer debut\u00f3 Nicol\u00e1s Dematei, el \u2018Vikingo\u2019 como ya lo apodaron desde la tribuna, cumpliendo una buena presentaci\u00f3n, Klusener sum\u00f3 sus primeros 90 minutos con la casaca albiceleste, marc\u00f3 su primer tanto -robado por cent\u00e9simas a Jorge Vel\u00e1zquez (otro de los puntos altos)- y el esquema se va afianzando. Atl\u00e9tico va tomando color y ritmo. Todav\u00eda queda un largo camino por recorrer, y jugadores por llegar.<\/p>\n<p><strong>La final.<\/strong>\u00a0Por haber superado la instancia de semifinales Atl\u00e9tico de Rafaela recibi\u00f3 600 mil pesos de premio y\u00a0en los pr\u00f3ximos d\u00edas se dar\u00e1 a conocer cu\u00e1ndo se realizar\u00e1 el sorteo de la local\u00eda y tambi\u00e9n en qu\u00e9 fechas se jugar\u00e1n las finales ya que ser\u00e1n a partido de ida y vuelta.<\/p>\n<p><strong>Las formaciones:<\/p>\n<p>Atl\u00e9tico de Rafaela:<\/strong>\u00a0Ramiro Macagno; Oscar Carniello, Wilfredo Olivera, Franco Lazzaroni y Nicol\u00e1s Dematei; Lucas Quir\u00f3z (64m Enzo Gaggi), Emiliano Romero y Jorge Vel\u00e1zquez (73m Facundo Soloa); Enzo Copetti (86m \u00c1ngelo Martino), Gonzalo Klusener y Mauro Albertengo.\u00a0<strong>Suplentes:<\/strong>\u00a0Mat\u00edas Tagliamonte, Lucas Blondel, Gianfranco Ferrero y Manuel Bustos.\u00a0<strong>DT:\u00a0<\/strong>Lucas Bovaglio.<\/p>\n<p><strong>Sportivo Rivadavia:<\/strong>\u00a0Diego C\u00f3rdoba; Jorge Rotondo, Dami\u00e1n Zadel, Nicol\u00e1s Vanni y Diego Machado (43m Luis Romero); Jos\u00e9 Ibarra (68m Carlos Salcedo), Ren\u00e9 Lima, Jos\u00e9 Canelo; Leandro Basan; Juan Manuel L\u00f3pez (76m Mat\u00edas Rold\u00e1n) y Gabriel Giacopetti.\u00a0<strong>Suplentes:<\/strong>\u00a0Brian Ferbi, Ignacio Banelo, Jonatan Villalba y Angel Sequeira.\u00a0<strong>DT:\u00a0<\/strong>Marcos Guti\u00e9rrez.<\/p>\n<p><strong>Gol en el segundo tiempo:<\/strong>\u00a014m Gonzalo Klusener (AR).<br \/>\n<strong>Amarillas:\u00a0<\/strong>Emiliano Romero y Rodrigo Olivera (AR); Diego Machado, Ren\u00e9 Lima, Leandro Bas\u00e1n y Carlos Salcedo (SR).<br \/>\n<strong>Nota:\u00a0<\/strong>Angelo Martino se retir\u00f3 lesionado a los 87 minutos y Atl\u00e9tico termin\u00f3 jugando con diez.<\/p>\n<p><strong>Estadio:\u00a0<\/strong>Monumental de barrio Alberdi.<br \/>\n<strong>Arbitro:\u00a0<\/strong>Carlos Boxler.<br \/>\n<strong>Asistentes:<\/strong>\u00a0Mart\u00edn Grasso y Gonzalo Pedro.<br \/>\n<strong>Cuarto \u00e1rbitro:\u00a0<\/strong>Jorge Hartel.<\/p>\n","protected":false},"excerpt":{"rendered":"<p>Diario La Opini\u00f3n. Pasito a pasito Atl\u00e9tico de Rafaela se va preparando para el pr\u00f3ximo torneo de la B Nacional &#8230; <a title=\"Nicol\u00e1s Dematei debut\u00f3 con un triunfo en Atl\u00e9tico Rafaela\" class=\"read-more\" href=\"https:\/\/www.hoymercedes.com.ar\/principal\/2017\/08\/16\/nicolas-dematei-debuto-con-un-triunfo-en-atletico-rafaela\/\" aria-label=\"Leer m\u00e1s sobre Nicol\u00e1s Dematei debut\u00f3 con un triunfo en Atl\u00e9tico Rafaela\">Leer m\u00e1s<\/a><\/p>\n","protected":false},"author":1,"featured_media":66097,"comment_status":"closed","ping_status":"open","sticky":false,"template":"","format":"standard","meta":{"_monsterinsights_skip_tracking":false,"_monsterinsights_sitenote_active":false,"_monsterinsights_sitenote_note":"","_monsterinsights_sitenote_category":0,"jetpack_post_was_ever_published":false,"_jetpack_newsletter_access":"","_jetpack_dont_email_post_to_subs":false,"_jetpack_newsletter_tier_id":0,"_jetpack_memberships_contains_paywalled_content":false,"_jetpack_memberships_contains_paid_content":false,"footnotes":"","jetpack_publicize_message":"","jetpack_publicize_feature_enabled":true,"jetpack_social_post_already_shared":true,"jetpack_social_options":{"image_generator_settings":{"template":"highway","default_image_id":0,"font":"","enabled":false},"version":2},"_wpas_customize_per_network":false},"categories":[21],"tags":[11639,204,1003,7582,3528],"class_list":["post-66096","post","type-post","status-publish","format-standard","has-post-thumbnail","hentry","category-deportes","tag-atletico-rafaela","tag-deportes-2","tag-futbol","tag-la-legion","tag-nicolas-dematei","generate-columns","tablet-grid-50","mobile-grid-100","grid-parent","grid-50"],"jetpack_publicize_connections":[],"jetpack_featured_media_url":"https:\/\/www.hoymercedes.com.ar\/principal\/wp-content\/uploads\/2017\/08\/Nicolas-Dematei-Rafaela-2.jpg","wps_subtitle":"La Legi\u00f3n","jetpack_sharing_enabled":true,"_links":{"self":[{"href":"https:\/\/www.hoymercedes.com.ar\/principal\/wp-json\/wp\/v2\/posts\/66096","targetHints":{"allow":["GET"]}}],"collection":[{"href":"https:\/\/www.hoymercedes.com.ar\/principal\/wp-json\/wp\/v2\/posts"}],"about":[{"href":"https:\/\/www.hoymercedes.com.ar\/principal\/wp-json\/wp\/v2\/types\/post"}],"author":[{"embeddable":true,"href":"https:\/\/www.hoymercedes.com.ar\/principal\/wp-json\/wp\/v2\/users\/1"}],"replies":[{"embeddable":true,"href":"https:\/\/www.hoymercedes.com.ar\/principal\/wp-json\/wp\/v2\/comments?post=66096"}],"version-history":[{"count":0,"href":"https:\/\/www.hoymercedes.com.ar\/principal\/wp-json\/wp\/v2\/posts\/66096\/revisions"}],"wp:featuredmedia":[{"embeddable":true,"href":"https:\/\/www.hoymercedes.com.ar\/principal\/wp-json\/wp\/v2\/media\/66097"}],"wp:attachment":[{"href":"https:\/\/www.hoymercedes.com.ar\/principal\/wp-json\/wp\/v2\/media?parent=66096"}],"wp:term":[{"taxonomy":"category","embeddable":true,"href":"https:\/\/www.hoymercedes.com.ar\/principal\/wp-json\/wp\/v2\/categories?post=66096"},{"taxonomy":"post_tag","embeddable":true,"href":"https:\/\/www.hoymercedes.com.ar\/principal\/wp-json\/wp\/v2\/tags?post=66096"}],"curies":[{"name":"wp","href":"https:\/\/api.w.org\/{rel}","templated":true}]}}