{"id":66122,"date":"2017-08-16T20:04:27","date_gmt":"2017-08-16T23:04:27","guid":{"rendered":"http:\/\/www.hoymercedes.com.ar\/principal\/?p=66122"},"modified":"2017-08-16T21:10:12","modified_gmt":"2017-08-17T00:10:12","slug":"municipio-y-opds-brinda-capacitacion-para-docentes-sobre-medio-ambiente","status":"publish","type":"post","link":"https:\/\/www.hoymercedes.com.ar\/principal\/2017\/08\/16\/municipio-y-opds-brinda-capacitacion-para-docentes-sobre-medio-ambiente\/","title":{"rendered":"Municipio y OPDS brinda capacitaci\u00f3n para docentes sobre medio ambiente"},"content":{"rendered":"<p>El martes por la tarde se llev\u00f3 a cabo la primera jornada de capacitaci\u00f3n sobre separaci\u00f3n de residuos bajo el nombre de 3R, destinado a los docentes y auxiliares de los establecimientos educativos de Mercedes. Fue una acci\u00f3n organizada desde el \u00e1rea de Medio Ambiente junto a la OPDS.<\/p>\n<p><img loading=\"lazy\" decoding=\"async\" data-attachment-id=\"66123\" data-permalink=\"https:\/\/www.hoymercedes.com.ar\/principal\/2017\/08\/16\/municipio-y-opds-brinda-capacitacion-para-docentes-sobre-medio-ambiente\/16-opds-muni\/#main\" data-orig-file=\"https:\/\/www.hoymercedes.com.ar\/principal\/wp-content\/uploads\/2017\/08\/16-opds-muni.jpg\" data-orig-size=\"630,420\" data-comments-opened=\"0\" data-image-meta=\"{&quot;aperture&quot;:&quot;0&quot;,&quot;credit&quot;:&quot;&quot;,&quot;camera&quot;:&quot;&quot;,&quot;caption&quot;:&quot;&quot;,&quot;created_timestamp&quot;:&quot;0&quot;,&quot;copyright&quot;:&quot;&quot;,&quot;focal_length&quot;:&quot;0&quot;,&quot;iso&quot;:&quot;0&quot;,&quot;shutter_speed&quot;:&quot;0&quot;,&quot;title&quot;:&quot;&quot;,&quot;orientation&quot;:&quot;0&quot;}\" data-image-title=\"16 opds muni\" data-image-description=\"\" data-image-caption=\"\" data-large-file=\"https:\/\/www.hoymercedes.com.ar\/principal\/wp-content\/uploads\/2017\/08\/16-opds-muni.jpg\" class=\"aligncenter size-medium wp-image-66123\" src=\"https:\/\/www.hoymercedes.com.ar\/principal\/wp-content\/uploads\/2017\/08\/16-opds-muni-630x420.jpg\" alt=\"\" width=\"630\" height=\"420\" srcset=\"https:\/\/www.hoymercedes.com.ar\/principal\/wp-content\/uploads\/2017\/08\/16-opds-muni.jpg 630w, https:\/\/www.hoymercedes.com.ar\/principal\/wp-content\/uploads\/2017\/08\/16-opds-muni-150x100.jpg 150w, https:\/\/www.hoymercedes.com.ar\/principal\/wp-content\/uploads\/2017\/08\/16-opds-muni-300x200.jpg 300w\" sizes=\"auto, (max-width: 630px) 100vw, 630px\" \/><\/p>\n<p>El intendente Juan Ignacio Ustarroz estuvo presente, junto a la Directora Provincial de\u00a0 Relaciones Institucionales del Organismo Provincial para el Desarrollo Sostenible (OPDS) Gloria Pazos y la representantes \u00a0de la Oficina de Medio Ambiente de la Municipalidad de Mercedes, Alejandra Erreca.<\/p>\n<p>Son dos etapas: la realizada este martes en el recinto del \u00a0Honorable Concejo Deliberante con el apoyo del Organismo Provincial para el Desarrollo Sostenible (OPDS) y una segunda que est\u00e1 programada para el viernes 18 a las 17.30hs.<\/p>\n<p>Ante los medios, Alejandra Erreca, afirm\u00f3 que \u00abUna de las grandes preocupaciones del intendente es el tema de la basura y la cantidad de residuos que generamos entre todos y es por eso que convocamos al OPDS para juntos poder capacitar a nuestos maestros y auxiliares y que ellos act\u00faen como agentes multiplicadores y tratar as\u00ed de llegar a los m\u00e1s chicos\u00bb dijo Erreca y agreg\u00f3 que \u201cel curso est\u00e1 dirigido a los docentes y auxiliares de todos los niveles de instituciones educativas p\u00fablicas y privadas\u00bb<\/p>\n<p>Por su parte la Directora Provincial del OPDS Gloria Pazos dijo que \u00abhoy venimos al municipio de Mercedes con el programa Generaci\u00f3n 3R, el mismo se viene llevando a cabo en distintos municipios de la Provincia, llevamos m\u00e1s de 30000 docentes capacitados en la minimizaci\u00f3n de los residuos s\u00f3lidos urbanos\u201d cont\u00f3.<\/p>\n<p>\u201cLa verdad es que venimos generando demasiada cantidad de basura, por persona se calcula que generamos 350 kilos por a\u00f1o, esta cifra a lo largo de toda la vida es much\u00edsimo. Nosotros creemos que se puede minimizar la cantidad trabajando en conjunto con la Municipalidad para concientizar a los vecinos para separar y minimizar nuestros residuos\u00bb, afirm\u00f3 la representante del OPDS.<\/p>\n<p>El curso, destinado a docentes otorga puntaje y luego tendr\u00e1n que presentar un proyecto de concientizaci\u00f3n para trabajar junto al municipio y\u00a0 llevar a la pr\u00e1ctica lo proyectos que se van a presentar, siendo esa propuesta una forma integral y s\u00f3lida poder pronto poner en pr\u00e1ctica los saberes adquiridos.<\/p>\n<p>Sumando esta capacitaci\u00f3n al intenso trabajo que se vienen realizando en La Florida donde se logr\u00f3 erradicar el basural el primer mandatario local afirm\u00f3 que \u00abnosotros con el OPDS venimos trabajando muy fuerte para poder erradicar el basural de La Florida, ya estamos en la \u00faltima etapa, y con respecto a la visita de hoy (por el martes) de la gente de la Provincia tiene que ver con un proyecto de Medio Ambiente a nivel local y con hacer part\u00edcipes a las escuelas y a los jardines en cuanto al reciclaje. Estamos en una etapa en la que necesitamos de la colaboraci\u00f3n de todos, y decidimos hacerlo no tan generalizado sino enfoc\u00e1ndonos en los chicos y poder ir generando estas nuevas pr\u00e1cticas que resultan tan necesarias\u201d sostuvo Juan Ignacio Ustarroz.<\/p>\n<p>M\u00e1s adelante, el intendente coment\u00f3 que \u201choy por hoy se est\u00e1 realizando algo que no es tan sustentable como llevar la basura al CEAMSE\u201d para detallar que \u201ccada d\u00eda se traslada la basura que producimos y van tres camiones por jornada, y eso tiene un costo econ\u00f3mico y un costo ecol\u00f3gico muy grande y necesitamos que a\u00f1o tras a\u00f1o se reduzca la cantidad de toneladas de residuos que se genera\u00bb, finaliz\u00f3 el intendente Ustarroz procurando continuar la b\u00fasqueda de toma de conciencia del perjuicio en todo sentido que genera el no buen tratamiento de la basura.<\/p>\n<p>&nbsp;<\/p>\n<p>Fuente: Prensa Municipal<\/p>\n","protected":false},"excerpt":{"rendered":"<p>El martes por la tarde se llev\u00f3 a cabo la primera jornada de capacitaci\u00f3n sobre separaci\u00f3n de residuos bajo el &#8230; <a title=\"Municipio y OPDS brinda capacitaci\u00f3n para docentes sobre medio ambiente\" class=\"read-more\" href=\"https:\/\/www.hoymercedes.com.ar\/principal\/2017\/08\/16\/municipio-y-opds-brinda-capacitacion-para-docentes-sobre-medio-ambiente\/\" aria-label=\"Leer m\u00e1s sobre Municipio y OPDS brinda capacitaci\u00f3n para docentes sobre medio ambiente\">Leer m\u00e1s<\/a><\/p>\n","protected":false},"author":1,"featured_media":66123,"comment_status":"closed","ping_status":"open","sticky":false,"template":"","format":"standard","meta":{"_monsterinsights_skip_tracking":false,"_monsterinsights_sitenote_active":false,"_monsterinsights_sitenote_note":"","_monsterinsights_sitenote_category":0,"jetpack_post_was_ever_published":false,"_jetpack_newsletter_access":"","_jetpack_dont_email_post_to_subs":false,"_jetpack_newsletter_tier_id":0,"_jetpack_memberships_contains_paywalled_content":false,"_jetpack_memberships_contains_paid_content":false,"footnotes":"","jetpack_publicize_message":"","jetpack_publicize_feature_enabled":true,"jetpack_social_post_already_shared":true,"jetpack_social_options":{"image_generator_settings":{"template":"highway","default_image_id":0,"font":"","enabled":false},"version":2},"_wpas_customize_per_network":false},"categories":[30],"tags":[8656,484,47,244,770],"class_list":["post-66122","post","type-post","status-publish","format-standard","has-post-thumbnail","hentry","category-municipio","tag-capacitacion","tag-docentes","tag-educacion-2","tag-municipio-2","tag-opds","generate-columns","tablet-grid-50","mobile-grid-100","grid-parent","grid-50"],"jetpack_publicize_connections":[],"jetpack_featured_media_url":"https:\/\/www.hoymercedes.com.ar\/principal\/wp-content\/uploads\/2017\/08\/16-opds-muni.jpg","wps_subtitle":"Hasta el viernes en el HCD","jetpack_sharing_enabled":true,"_links":{"self":[{"href":"https:\/\/www.hoymercedes.com.ar\/principal\/wp-json\/wp\/v2\/posts\/66122","targetHints":{"allow":["GET"]}}],"collection":[{"href":"https:\/\/www.hoymercedes.com.ar\/principal\/wp-json\/wp\/v2\/posts"}],"about":[{"href":"https:\/\/www.hoymercedes.com.ar\/principal\/wp-json\/wp\/v2\/types\/post"}],"author":[{"embeddable":true,"href":"https:\/\/www.hoymercedes.com.ar\/principal\/wp-json\/wp\/v2\/users\/1"}],"replies":[{"embeddable":true,"href":"https:\/\/www.hoymercedes.com.ar\/principal\/wp-json\/wp\/v2\/comments?post=66122"}],"version-history":[{"count":0,"href":"https:\/\/www.hoymercedes.com.ar\/principal\/wp-json\/wp\/v2\/posts\/66122\/revisions"}],"wp:featuredmedia":[{"embeddable":true,"href":"https:\/\/www.hoymercedes.com.ar\/principal\/wp-json\/wp\/v2\/media\/66123"}],"wp:attachment":[{"href":"https:\/\/www.hoymercedes.com.ar\/principal\/wp-json\/wp\/v2\/media?parent=66122"}],"wp:term":[{"taxonomy":"category","embeddable":true,"href":"https:\/\/www.hoymercedes.com.ar\/principal\/wp-json\/wp\/v2\/categories?post=66122"},{"taxonomy":"post_tag","embeddable":true,"href":"https:\/\/www.hoymercedes.com.ar\/principal\/wp-json\/wp\/v2\/tags?post=66122"}],"curies":[{"name":"wp","href":"https:\/\/api.w.org\/{rel}","templated":true}]}}