{"id":66176,"date":"2017-08-18T17:14:56","date_gmt":"2017-08-18T20:14:56","guid":{"rendered":"http:\/\/www.hoymercedes.com.ar\/principal\/?p=66176"},"modified":"2017-08-18T17:57:55","modified_gmt":"2017-08-18T20:57:55","slug":"una-mujer-herida-tras-el-vuelco-de-un-auto","status":"publish","type":"post","link":"https:\/\/www.hoymercedes.com.ar\/principal\/2017\/08\/18\/una-mujer-herida-tras-el-vuelco-de-un-auto\/","title":{"rendered":"Una mujer herida tras el vuelco de un auto"},"content":{"rendered":"<p>La tarde mercedina se despert\u00f3 con la noticia del vuelco en la esquina de 18 y 1. Una mujer, a bordo de un auto marca Peugeot modelo 306 se dirig\u00eda por la Avenida 1 sentido sur &#8211; norte y, seg\u00fan cuentan vecinos que vieron el accidente, que la se\u00f1ora, de unos 57 a\u00f1os de edad, realiz\u00f3 una mala maniobra tras saludar a un motociclista y termin\u00f3 volcando a la altura de calle 18.<\/p>\n<p><img loading=\"lazy\" decoding=\"async\" data-attachment-id=\"66177\" data-permalink=\"https:\/\/www.hoymercedes.com.ar\/principal\/2017\/08\/18\/una-mujer-herida-tras-el-vuelco-de-un-auto\/whatsapp-image-2017-08-18-at-16-30-44\/#main\" data-orig-file=\"https:\/\/www.hoymercedes.com.ar\/principal\/wp-content\/uploads\/2017\/08\/WhatsApp-Image-2017-08-18-at-16.30.44.jpeg\" data-orig-size=\"1280,768\" data-comments-opened=\"0\" data-image-meta=\"{&quot;aperture&quot;:&quot;0&quot;,&quot;credit&quot;:&quot;&quot;,&quot;camera&quot;:&quot;&quot;,&quot;caption&quot;:&quot;&quot;,&quot;created_timestamp&quot;:&quot;0&quot;,&quot;copyright&quot;:&quot;&quot;,&quot;focal_length&quot;:&quot;0&quot;,&quot;iso&quot;:&quot;0&quot;,&quot;shutter_speed&quot;:&quot;0&quot;,&quot;title&quot;:&quot;&quot;,&quot;orientation&quot;:&quot;0&quot;}\" data-image-title=\"WhatsApp Image 2017-08-18 at 16.30.44\" data-image-description=\"\" data-image-caption=\"\" data-large-file=\"https:\/\/www.hoymercedes.com.ar\/principal\/wp-content\/uploads\/2017\/08\/WhatsApp-Image-2017-08-18-at-16.30.44-1024x614.jpeg\" class=\"aligncenter size-medium wp-image-66177\" src=\"https:\/\/www.hoymercedes.com.ar\/principal\/wp-content\/uploads\/2017\/08\/WhatsApp-Image-2017-08-18-at-16.30.44-630x378.jpeg\" alt=\"\" width=\"630\" height=\"378\" srcset=\"https:\/\/www.hoymercedes.com.ar\/principal\/wp-content\/uploads\/2017\/08\/WhatsApp-Image-2017-08-18-at-16.30.44-630x378.jpeg 630w, https:\/\/www.hoymercedes.com.ar\/principal\/wp-content\/uploads\/2017\/08\/WhatsApp-Image-2017-08-18-at-16.30.44-150x90.jpeg 150w, https:\/\/www.hoymercedes.com.ar\/principal\/wp-content\/uploads\/2017\/08\/WhatsApp-Image-2017-08-18-at-16.30.44-1024x614.jpeg 1024w, https:\/\/www.hoymercedes.com.ar\/principal\/wp-content\/uploads\/2017\/08\/WhatsApp-Image-2017-08-18-at-16.30.44.jpeg 1280w\" sizes=\"auto, (max-width: 630px) 100vw, 630px\" \/><\/p>\n<p>El vecino que vio el hecho llam\u00f3 de inmediato a la polic\u00eda local para que asistan a la mujer accidentada y luego lleg\u00f3 la ambulancia para trasladarla al Hospital Blas L. Dubarry. De acuerdo a lo informado por fuentes policiales, la se\u00f1ora se retir\u00f3 sola del veh\u00edculo, con los golpes l\u00f3gicos tras haber volcado.<\/p>\n<p><img loading=\"lazy\" decoding=\"async\" data-attachment-id=\"66178\" data-permalink=\"https:\/\/www.hoymercedes.com.ar\/principal\/2017\/08\/18\/una-mujer-herida-tras-el-vuelco-de-un-auto\/whatsapp-image-2017-08-18-at-16-32-03\/#main\" data-orig-file=\"https:\/\/www.hoymercedes.com.ar\/principal\/wp-content\/uploads\/2017\/08\/WhatsApp-Image-2017-08-18-at-16.32.03.jpeg\" data-orig-size=\"1280,768\" data-comments-opened=\"0\" data-image-meta=\"{&quot;aperture&quot;:&quot;0&quot;,&quot;credit&quot;:&quot;&quot;,&quot;camera&quot;:&quot;&quot;,&quot;caption&quot;:&quot;&quot;,&quot;created_timestamp&quot;:&quot;0&quot;,&quot;copyright&quot;:&quot;&quot;,&quot;focal_length&quot;:&quot;0&quot;,&quot;iso&quot;:&quot;0&quot;,&quot;shutter_speed&quot;:&quot;0&quot;,&quot;title&quot;:&quot;&quot;,&quot;orientation&quot;:&quot;0&quot;}\" data-image-title=\"WhatsApp Image 2017-08-18 at 16.32.03\" data-image-description=\"\" data-image-caption=\"\" data-large-file=\"https:\/\/www.hoymercedes.com.ar\/principal\/wp-content\/uploads\/2017\/08\/WhatsApp-Image-2017-08-18-at-16.32.03-1024x614.jpeg\" class=\"aligncenter size-medium wp-image-66178\" src=\"https:\/\/www.hoymercedes.com.ar\/principal\/wp-content\/uploads\/2017\/08\/WhatsApp-Image-2017-08-18-at-16.32.03-630x378.jpeg\" alt=\"\" width=\"630\" height=\"378\" srcset=\"https:\/\/www.hoymercedes.com.ar\/principal\/wp-content\/uploads\/2017\/08\/WhatsApp-Image-2017-08-18-at-16.32.03-630x378.jpeg 630w, https:\/\/www.hoymercedes.com.ar\/principal\/wp-content\/uploads\/2017\/08\/WhatsApp-Image-2017-08-18-at-16.32.03-150x90.jpeg 150w, https:\/\/www.hoymercedes.com.ar\/principal\/wp-content\/uploads\/2017\/08\/WhatsApp-Image-2017-08-18-at-16.32.03-1024x614.jpeg 1024w, https:\/\/www.hoymercedes.com.ar\/principal\/wp-content\/uploads\/2017\/08\/WhatsApp-Image-2017-08-18-at-16.32.03.jpeg 1280w\" sizes=\"auto, (max-width: 630px) 100vw, 630px\" \/> <img loading=\"lazy\" decoding=\"async\" data-attachment-id=\"66179\" data-permalink=\"https:\/\/www.hoymercedes.com.ar\/principal\/2017\/08\/18\/una-mujer-herida-tras-el-vuelco-de-un-auto\/whatsapp-image-2017-08-18-at-16-45-23\/#main\" data-orig-file=\"https:\/\/www.hoymercedes.com.ar\/principal\/wp-content\/uploads\/2017\/08\/WhatsApp-Image-2017-08-18-at-16.45.23.jpeg\" data-orig-size=\"768,1280\" data-comments-opened=\"0\" data-image-meta=\"{&quot;aperture&quot;:&quot;0&quot;,&quot;credit&quot;:&quot;&quot;,&quot;camera&quot;:&quot;&quot;,&quot;caption&quot;:&quot;&quot;,&quot;created_timestamp&quot;:&quot;0&quot;,&quot;copyright&quot;:&quot;&quot;,&quot;focal_length&quot;:&quot;0&quot;,&quot;iso&quot;:&quot;0&quot;,&quot;shutter_speed&quot;:&quot;0&quot;,&quot;title&quot;:&quot;&quot;,&quot;orientation&quot;:&quot;0&quot;}\" data-image-title=\"WhatsApp Image 2017-08-18 at 16.45.23\" data-image-description=\"\" data-image-caption=\"\" data-large-file=\"https:\/\/www.hoymercedes.com.ar\/principal\/wp-content\/uploads\/2017\/08\/WhatsApp-Image-2017-08-18-at-16.45.23-614x1024.jpeg\" class=\"aligncenter size-medium wp-image-66179\" src=\"https:\/\/www.hoymercedes.com.ar\/principal\/wp-content\/uploads\/2017\/08\/WhatsApp-Image-2017-08-18-at-16.45.23-372x620.jpeg\" alt=\"\" width=\"372\" height=\"620\" srcset=\"https:\/\/www.hoymercedes.com.ar\/principal\/wp-content\/uploads\/2017\/08\/WhatsApp-Image-2017-08-18-at-16.45.23-372x620.jpeg 372w, https:\/\/www.hoymercedes.com.ar\/principal\/wp-content\/uploads\/2017\/08\/WhatsApp-Image-2017-08-18-at-16.45.23-90x150.jpeg 90w, https:\/\/www.hoymercedes.com.ar\/principal\/wp-content\/uploads\/2017\/08\/WhatsApp-Image-2017-08-18-at-16.45.23-614x1024.jpeg 614w, https:\/\/www.hoymercedes.com.ar\/principal\/wp-content\/uploads\/2017\/08\/WhatsApp-Image-2017-08-18-at-16.45.23.jpeg 768w\" sizes=\"auto, (max-width: 372px) 100vw, 372px\" \/> <img loading=\"lazy\" decoding=\"async\" data-attachment-id=\"66180\" data-permalink=\"https:\/\/www.hoymercedes.com.ar\/principal\/2017\/08\/18\/una-mujer-herida-tras-el-vuelco-de-un-auto\/whatsapp-image-2017-08-18-at-16-49-47\/#main\" data-orig-file=\"https:\/\/www.hoymercedes.com.ar\/principal\/wp-content\/uploads\/2017\/08\/WhatsApp-Image-2017-08-18-at-16.49.47.jpeg\" data-orig-size=\"768,1280\" data-comments-opened=\"0\" data-image-meta=\"{&quot;aperture&quot;:&quot;0&quot;,&quot;credit&quot;:&quot;&quot;,&quot;camera&quot;:&quot;&quot;,&quot;caption&quot;:&quot;&quot;,&quot;created_timestamp&quot;:&quot;0&quot;,&quot;copyright&quot;:&quot;&quot;,&quot;focal_length&quot;:&quot;0&quot;,&quot;iso&quot;:&quot;0&quot;,&quot;shutter_speed&quot;:&quot;0&quot;,&quot;title&quot;:&quot;&quot;,&quot;orientation&quot;:&quot;0&quot;}\" data-image-title=\"WhatsApp Image 2017-08-18 at 16.49.47\" data-image-description=\"\" data-image-caption=\"\" data-large-file=\"https:\/\/www.hoymercedes.com.ar\/principal\/wp-content\/uploads\/2017\/08\/WhatsApp-Image-2017-08-18-at-16.49.47-614x1024.jpeg\" class=\"aligncenter size-medium wp-image-66180\" src=\"https:\/\/www.hoymercedes.com.ar\/principal\/wp-content\/uploads\/2017\/08\/WhatsApp-Image-2017-08-18-at-16.49.47-372x620.jpeg\" alt=\"\" width=\"372\" height=\"620\" srcset=\"https:\/\/www.hoymercedes.com.ar\/principal\/wp-content\/uploads\/2017\/08\/WhatsApp-Image-2017-08-18-at-16.49.47-372x620.jpeg 372w, https:\/\/www.hoymercedes.com.ar\/principal\/wp-content\/uploads\/2017\/08\/WhatsApp-Image-2017-08-18-at-16.49.47-90x150.jpeg 90w, https:\/\/www.hoymercedes.com.ar\/principal\/wp-content\/uploads\/2017\/08\/WhatsApp-Image-2017-08-18-at-16.49.47-614x1024.jpeg 614w, https:\/\/www.hoymercedes.com.ar\/principal\/wp-content\/uploads\/2017\/08\/WhatsApp-Image-2017-08-18-at-16.49.47.jpeg 768w\" sizes=\"auto, (max-width: 372px) 100vw, 372px\" \/><\/p>\n","protected":false},"excerpt":{"rendered":"<p>La tarde mercedina se despert\u00f3 con la noticia del vuelco en la esquina de 18 y 1. Una mujer, a &#8230; <a title=\"Una mujer herida tras el vuelco de un auto\" class=\"read-more\" href=\"https:\/\/www.hoymercedes.com.ar\/principal\/2017\/08\/18\/una-mujer-herida-tras-el-vuelco-de-un-auto\/\" aria-label=\"Leer m\u00e1s sobre Una mujer herida tras el vuelco de un auto\">Leer m\u00e1s<\/a><\/p>\n","protected":false},"author":1,"featured_media":66178,"comment_status":"closed","ping_status":"open","sticky":false,"template":"","format":"standard","meta":{"_monsterinsights_skip_tracking":false,"_monsterinsights_sitenote_active":false,"_monsterinsights_sitenote_note":"","_monsterinsights_sitenote_category":0,"jetpack_post_was_ever_published":false,"_jetpack_newsletter_access":"","_jetpack_dont_email_post_to_subs":false,"_jetpack_newsletter_tier_id":0,"_jetpack_memberships_contains_paywalled_content":false,"_jetpack_memberships_contains_paid_content":false,"footnotes":"","jetpack_publicize_message":"","jetpack_publicize_feature_enabled":true,"jetpack_social_post_already_shared":true,"jetpack_social_options":{"image_generator_settings":{"template":"highway","default_image_id":0,"font":"","enabled":false},"version":2},"_wpas_customize_per_network":false},"categories":[85,8],"tags":[11735,744,96,10395],"class_list":["post-66176","post","type-post","status-publish","format-standard","has-post-thumbnail","hentry","category-policial","category-sociedad","tag-accidente-avenida-1","tag-mercede","tag-policial-2","tag-siniestro-vial","generate-columns","tablet-grid-50","mobile-grid-100","grid-parent","grid-50"],"jetpack_publicize_connections":[],"jetpack_featured_media_url":"https:\/\/www.hoymercedes.com.ar\/principal\/wp-content\/uploads\/2017\/08\/WhatsApp-Image-2017-08-18-at-16.32.03.jpeg","wps_subtitle":"En 18 y 1","jetpack_sharing_enabled":true,"_links":{"self":[{"href":"https:\/\/www.hoymercedes.com.ar\/principal\/wp-json\/wp\/v2\/posts\/66176","targetHints":{"allow":["GET"]}}],"collection":[{"href":"https:\/\/www.hoymercedes.com.ar\/principal\/wp-json\/wp\/v2\/posts"}],"about":[{"href":"https:\/\/www.hoymercedes.com.ar\/principal\/wp-json\/wp\/v2\/types\/post"}],"author":[{"embeddable":true,"href":"https:\/\/www.hoymercedes.com.ar\/principal\/wp-json\/wp\/v2\/users\/1"}],"replies":[{"embeddable":true,"href":"https:\/\/www.hoymercedes.com.ar\/principal\/wp-json\/wp\/v2\/comments?post=66176"}],"version-history":[{"count":0,"href":"https:\/\/www.hoymercedes.com.ar\/principal\/wp-json\/wp\/v2\/posts\/66176\/revisions"}],"wp:featuredmedia":[{"embeddable":true,"href":"https:\/\/www.hoymercedes.com.ar\/principal\/wp-json\/wp\/v2\/media\/66178"}],"wp:attachment":[{"href":"https:\/\/www.hoymercedes.com.ar\/principal\/wp-json\/wp\/v2\/media?parent=66176"}],"wp:term":[{"taxonomy":"category","embeddable":true,"href":"https:\/\/www.hoymercedes.com.ar\/principal\/wp-json\/wp\/v2\/categories?post=66176"},{"taxonomy":"post_tag","embeddable":true,"href":"https:\/\/www.hoymercedes.com.ar\/principal\/wp-json\/wp\/v2\/tags?post=66176"}],"curies":[{"name":"wp","href":"https:\/\/api.w.org\/{rel}","templated":true}]}}