{"id":66184,"date":"2017-08-18T19:10:33","date_gmt":"2017-08-18T22:10:33","guid":{"rendered":"http:\/\/www.hoymercedes.com.ar\/principal\/?p=66184"},"modified":"2017-08-18T18:32:49","modified_gmt":"2017-08-18T21:32:49","slug":"la-escuela-de-arte-busca-constituir-su-cooperadora","status":"publish","type":"post","link":"https:\/\/www.hoymercedes.com.ar\/principal\/2017\/08\/18\/la-escuela-de-arte-busca-constituir-su-cooperadora\/","title":{"rendered":"La Escuela de Arte busca constituir su cooperadora"},"content":{"rendered":"<p>La Escuela de Arte de Mercedes se encuentra abocada a la b\u00fasqueda de nuevos socios para constituir su Asociaci\u00f3n Cooperadora. Para ello convoca a todos los alumnos, profesores, ex alumnos, docentes, familiares y vecinos a una reuni\u00f3n que se llevar\u00e1 a cabo el pr\u00f3ximo mi\u00e9rcoles 23 de agosto a la hora 17 en la instituci\u00f3n ubicada en calle 24 N\u00b0 464. \u00abLa Escuela nos necesita a todos para seguir creciendo y trabajando para nuestra comunidad. Los esperamos\u00bb. expresaron los directivos del ex polivalente de arte.<\/p>\n","protected":false},"excerpt":{"rendered":"<p>La Escuela de Arte de Mercedes se encuentra abocada a la b\u00fasqueda de nuevos socios para constituir su Asociaci\u00f3n Cooperadora. &#8230; <a title=\"La Escuela de Arte busca constituir su cooperadora\" class=\"read-more\" href=\"https:\/\/www.hoymercedes.com.ar\/principal\/2017\/08\/18\/la-escuela-de-arte-busca-constituir-su-cooperadora\/\" aria-label=\"Leer m\u00e1s sobre La Escuela de Arte busca constituir su cooperadora\">Leer m\u00e1s<\/a><\/p>\n","protected":false},"author":1,"featured_media":0,"comment_status":"closed","ping_status":"open","sticky":false,"template":"","format":"standard","meta":{"_monsterinsights_skip_tracking":false,"_monsterinsights_sitenote_active":false,"_monsterinsights_sitenote_note":"","_monsterinsights_sitenote_category":0,"jetpack_post_was_ever_published":false,"_jetpack_newsletter_access":"","_jetpack_dont_email_post_to_subs":false,"_jetpack_newsletter_tier_id":0,"_jetpack_memberships_contains_paywalled_content":false,"_jetpack_memberships_contains_paid_content":false,"footnotes":"","jetpack_publicize_message":"","jetpack_publicize_feature_enabled":true,"jetpack_social_post_already_shared":true,"jetpack_social_options":{"image_generator_settings":{"template":"highway","default_image_id":0,"font":"","enabled":false},"version":2},"_wpas_customize_per_network":false},"categories":[11],"tags":[1734,47,10216,10],"class_list":["post-66184","post","type-post","status-publish","format-standard","hentry","category-ciudad","tag-ciudad-2","tag-educacion-2","tag-escuela-de-arte","tag-mercedes","generate-columns","tablet-grid-50","mobile-grid-100","grid-parent","grid-50"],"jetpack_publicize_connections":[],"jetpack_featured_media_url":"","wps_subtitle":"","jetpack_sharing_enabled":true,"_links":{"self":[{"href":"https:\/\/www.hoymercedes.com.ar\/principal\/wp-json\/wp\/v2\/posts\/66184","targetHints":{"allow":["GET"]}}],"collection":[{"href":"https:\/\/www.hoymercedes.com.ar\/principal\/wp-json\/wp\/v2\/posts"}],"about":[{"href":"https:\/\/www.hoymercedes.com.ar\/principal\/wp-json\/wp\/v2\/types\/post"}],"author":[{"embeddable":true,"href":"https:\/\/www.hoymercedes.com.ar\/principal\/wp-json\/wp\/v2\/users\/1"}],"replies":[{"embeddable":true,"href":"https:\/\/www.hoymercedes.com.ar\/principal\/wp-json\/wp\/v2\/comments?post=66184"}],"version-history":[{"count":0,"href":"https:\/\/www.hoymercedes.com.ar\/principal\/wp-json\/wp\/v2\/posts\/66184\/revisions"}],"wp:attachment":[{"href":"https:\/\/www.hoymercedes.com.ar\/principal\/wp-json\/wp\/v2\/media?parent=66184"}],"wp:term":[{"taxonomy":"category","embeddable":true,"href":"https:\/\/www.hoymercedes.com.ar\/principal\/wp-json\/wp\/v2\/categories?post=66184"},{"taxonomy":"post_tag","embeddable":true,"href":"https:\/\/www.hoymercedes.com.ar\/principal\/wp-json\/wp\/v2\/tags?post=66184"}],"curies":[{"name":"wp","href":"https:\/\/api.w.org\/{rel}","templated":true}]}}