{"id":66223,"date":"2017-08-20T10:38:12","date_gmt":"2017-08-20T13:38:12","guid":{"rendered":"http:\/\/www.hoymercedes.com.ar\/principal\/?p=66223"},"modified":"2017-08-19T17:43:17","modified_gmt":"2017-08-19T20:43:17","slug":"lanzan-plan-nutricional-para-embarazadas-y-bebes","status":"publish","type":"post","link":"https:\/\/www.hoymercedes.com.ar\/principal\/2017\/08\/20\/lanzan-plan-nutricional-para-embarazadas-y-bebes\/","title":{"rendered":"Lanzan plan nutricional para embarazadas y beb\u00e9s"},"content":{"rendered":"<p>El intendente Municipal anunci\u00f3 el fortalecimiento nutricional para las mam\u00e1s embarazadas. Para esto se dispuso de cuatro nutricionistas en las cuatro puntas de la ciudad. Se entregar\u00e1n vales para carnes, verduras, frutas y l\u00e1cteos que retiraran directamente en los comercios adheridos. Ustaroz rescat\u00f3 el hecho de que son pol\u00edticas a largo plazo que benefician a las generaciones futuras y no se agotan en la coyuntura. Tambi\u00e9n se anunciaron cuidados por medio de las actividades f\u00edsicas.<\/p>\n<p><img loading=\"lazy\" decoding=\"async\" data-attachment-id=\"66204\" data-permalink=\"https:\/\/www.hoymercedes.com.ar\/principal\/2017\/08\/19\/intendente-recorrio-el-inicio-de-la-obra-de-re-pavimentacion-de-avenida-2\/20-muni-mildias\/#main\" data-orig-file=\"https:\/\/www.hoymercedes.com.ar\/principal\/wp-content\/uploads\/2017\/08\/20-muni-mildias.jpg\" data-orig-size=\"957,638\" data-comments-opened=\"0\" data-image-meta=\"{&quot;aperture&quot;:&quot;0&quot;,&quot;credit&quot;:&quot;&quot;,&quot;camera&quot;:&quot;&quot;,&quot;caption&quot;:&quot;&quot;,&quot;created_timestamp&quot;:&quot;0&quot;,&quot;copyright&quot;:&quot;&quot;,&quot;focal_length&quot;:&quot;0&quot;,&quot;iso&quot;:&quot;0&quot;,&quot;shutter_speed&quot;:&quot;0&quot;,&quot;title&quot;:&quot;&quot;,&quot;orientation&quot;:&quot;0&quot;}\" data-image-title=\"20 muni mildias\" data-image-description=\"\" data-image-caption=\"\" data-large-file=\"https:\/\/www.hoymercedes.com.ar\/principal\/wp-content\/uploads\/2017\/08\/20-muni-mildias.jpg\" class=\"aligncenter size-medium wp-image-66204\" src=\"https:\/\/www.hoymercedes.com.ar\/principal\/wp-content\/uploads\/2017\/08\/20-muni-mildias-630x420.jpg\" alt=\"\" width=\"630\" height=\"420\" srcset=\"https:\/\/www.hoymercedes.com.ar\/principal\/wp-content\/uploads\/2017\/08\/20-muni-mildias-630x420.jpg 630w, https:\/\/www.hoymercedes.com.ar\/principal\/wp-content\/uploads\/2017\/08\/20-muni-mildias-150x100.jpg 150w, https:\/\/www.hoymercedes.com.ar\/principal\/wp-content\/uploads\/2017\/08\/20-muni-mildias-300x200.jpg 300w, https:\/\/www.hoymercedes.com.ar\/principal\/wp-content\/uploads\/2017\/08\/20-muni-mildias.jpg 957w\" sizes=\"auto, (max-width: 630px) 100vw, 630px\" \/><\/p>\n<p>Ante los medios, el Secretario de Salud, Pablo Cassiani, fue el primero en tomar la palabra expresando que \u00abestamos anunciando una gran noticia en torno a este programa tan ambicioso que nos inst\u00f3 a desarrollar el intendente. Es el programa \u00abPrimeros 1000 d\u00edas\u00bb. Estamos transitando el cuarto mes de este programa y es un proyecto a largo plazo, con miras a que trascienda la gesti\u00f3n y hemos empezado a ver los n\u00fameros y metas que se cumplen, como ser que tenemos 350 mam\u00e1s que est\u00e1n participando del programa\u201d, comento dando cuanta de la excelente noticia y el s\u00f3lido avance que tiene en la realidad cotidiana de nuestros vecinos destacando que \u201ces un trabajo en conjunto con otras \u00e1reas, como Desarrollo Social, junto a Jorgelina Silva que tambi\u00e9n efect\u00faa innumerables acciones\u201d.<\/p>\n<p>&nbsp;<\/p>\n<p>Por su parte, el primer mandatario local, Juan Ignacio Ustarroz, destaco que\u00bb es un honor y un orgullo ver c\u00f3mo avanza este programa que planificamos a 20 a\u00f1os y que tiene como eje el cuidado de la ni\u00f1ez, desde su concepci\u00f3n hasta los dos a\u00f1os. Son 1000 d\u00edas en los cuales el estado municipal va a estar cada vez m\u00e1s presente en todos los \u00e1mbitos\u201d sostuvo y remarco fuertemente la novedad que desde \u201choy tenemos este refuerzo nutricional que tiene la particularidad de entregarse con el profesional id\u00f3neo. Va a haber en 4 centros nutricionistas que van a estar entregando\u00a0 este refuerzo de carne, de verdura, de alimento fresco y l\u00e1cteo para optimizar la adecuada alimentaci\u00f3n de los ni\u00f1os en el seno materno. Este es un paso muy importante que se viene dando de la mano de otras acciones como los talleres de pre parto que se realizan en diferentes zonas\u201d comento y remarc\u00f3 que \u201chay una contenci\u00f3n desde antes que nazca, esto es algo in\u00e9dito, y algo muy importante y muy significativo en la atenci\u00f3n de la salud en todos sus sentidos\u201d<\/p>\n<p>\u201cSe van a empezar cursos de aqua gym y pilates. Se est\u00e1n entregando ayudas habitacionales, que los ni\u00f1os que llegan al mundo tengan un piso que no sea de tierra, tengan un ba\u00f1o adentro de la casa, este es un esfuerzo enorme muy grande que se est\u00e1 haciendo poniendo como eje la ni\u00f1ez\u00bb destac\u00f3 Juan Ignacio Ustarroz dejando en claro que la pol\u00edtica de cuidado de las mam\u00e1s y sus peque\u00f1os es integral.<\/p>\n<p>M\u00e1s adelante Cassiani manifest\u00f3 que \u201cconocemos las situaci\u00f3n de cada una de ellas, cuales son las necesidades y las realidades que est\u00e1n pasando con el embarazo. Este es un trabajo muy artesanal y personalizado que realizan los integrantes de todo el equipo. Esta semana tuvimos dos nacimientos de madres que pertenecen al Programa \u00abPrimeros 1000 D\u00edas\u00bb y ya estamos acompa\u00f1ando a esa familia desde el primer momento\u201d narro.<\/p>\n<p>Participaron de la conferencia de prensa, la Lic. en Nutrici\u00f3n Victoria Deluca, Lic. Magdalena Levermann y Lic. Valeria P\u00e9rez, profesionales que llevan adelante el programa con gran compromiso y cotidiana dedicaci\u00f3n, todas ellas partes claves del Programa.<\/p>\n<p>\u201cUno de los pilares fundamentales del programa es el fortalecimiento nutricional de la embarazada. Cuando el intendente asume la gesti\u00f3n nos plantea como planear un plan nutricional para que en Mercedes no haya desnutrici\u00f3n. Hicimos muchas reuniones con diferentes instituciones, Sociedades de Fomento, personas comprometidas, y de ah\u00ed surge la idea de estos primeros 1000 d\u00edas, porque cre\u00edmos que si no particip\u00e1bamos activamente como municipio del fortalecimiento nutricional desde el primer d\u00eda de ese beb\u00e9 en la panza ya iba a ser tarde\u00bb, afirm\u00f3 el Secretario de Salud Pablo Cassiani<\/p>\n<p>La medida suma una nueva herramienta al Programa que ya ha venido a ser observado por otras localidades, como \u201c25 de Mayo\u201d y \u201cCarmen de Areco\u201d, adem\u00e1s de instituciones reconocidas de manera internacional, como lo es la \u201cFundaci\u00f3n Con\u00edn\u201d.<\/p>\n<p>Fuente: Prensa Municipal<\/p>\n","protected":false},"excerpt":{"rendered":"<p>El intendente Municipal anunci\u00f3 el fortalecimiento nutricional para las mam\u00e1s embarazadas. Para esto se dispuso de cuatro nutricionistas en las &#8230; <a title=\"Lanzan plan nutricional para embarazadas y beb\u00e9s\" class=\"read-more\" href=\"https:\/\/www.hoymercedes.com.ar\/principal\/2017\/08\/20\/lanzan-plan-nutricional-para-embarazadas-y-bebes\/\" aria-label=\"Leer m\u00e1s sobre Lanzan plan nutricional para embarazadas y beb\u00e9s\">Leer m\u00e1s<\/a><\/p>\n","protected":false},"author":1,"featured_media":66204,"comment_status":"closed","ping_status":"open","sticky":false,"template":"","format":"standard","meta":{"_monsterinsights_skip_tracking":false,"_monsterinsights_sitenote_active":false,"_monsterinsights_sitenote_note":"","_monsterinsights_sitenote_category":0,"jetpack_post_was_ever_published":false,"_jetpack_newsletter_access":"","_jetpack_dont_email_post_to_subs":false,"_jetpack_newsletter_tier_id":0,"_jetpack_memberships_contains_paywalled_content":false,"_jetpack_memberships_contains_paid_content":false,"footnotes":"","jetpack_publicize_message":"","jetpack_publicize_feature_enabled":true,"jetpack_social_post_already_shared":true,"jetpack_social_options":{"image_generator_settings":{"template":"highway","default_image_id":0,"font":"","enabled":false},"version":2},"_wpas_customize_per_network":false},"categories":[30],"tags":[10,244,11427,11740],"class_list":["post-66223","post","type-post","status-publish","format-standard","has-post-thumbnail","hentry","category-municipio","tag-mercedes","tag-municipio-2","tag-plan-mil-dias","tag-programa-nutricional","generate-columns","tablet-grid-50","mobile-grid-100","grid-parent","grid-50"],"jetpack_publicize_connections":[],"jetpack_featured_media_url":"https:\/\/www.hoymercedes.com.ar\/principal\/wp-content\/uploads\/2017\/08\/20-muni-mildias.jpg","wps_subtitle":"En el marco de Mil D\u00edas","jetpack_sharing_enabled":true,"_links":{"self":[{"href":"https:\/\/www.hoymercedes.com.ar\/principal\/wp-json\/wp\/v2\/posts\/66223","targetHints":{"allow":["GET"]}}],"collection":[{"href":"https:\/\/www.hoymercedes.com.ar\/principal\/wp-json\/wp\/v2\/posts"}],"about":[{"href":"https:\/\/www.hoymercedes.com.ar\/principal\/wp-json\/wp\/v2\/types\/post"}],"author":[{"embeddable":true,"href":"https:\/\/www.hoymercedes.com.ar\/principal\/wp-json\/wp\/v2\/users\/1"}],"replies":[{"embeddable":true,"href":"https:\/\/www.hoymercedes.com.ar\/principal\/wp-json\/wp\/v2\/comments?post=66223"}],"version-history":[{"count":0,"href":"https:\/\/www.hoymercedes.com.ar\/principal\/wp-json\/wp\/v2\/posts\/66223\/revisions"}],"wp:featuredmedia":[{"embeddable":true,"href":"https:\/\/www.hoymercedes.com.ar\/principal\/wp-json\/wp\/v2\/media\/66204"}],"wp:attachment":[{"href":"https:\/\/www.hoymercedes.com.ar\/principal\/wp-json\/wp\/v2\/media?parent=66223"}],"wp:term":[{"taxonomy":"category","embeddable":true,"href":"https:\/\/www.hoymercedes.com.ar\/principal\/wp-json\/wp\/v2\/categories?post=66223"},{"taxonomy":"post_tag","embeddable":true,"href":"https:\/\/www.hoymercedes.com.ar\/principal\/wp-json\/wp\/v2\/tags?post=66223"}],"curies":[{"name":"wp","href":"https:\/\/api.w.org\/{rel}","templated":true}]}}