{"id":66274,"date":"2017-08-21T10:40:07","date_gmt":"2017-08-21T13:40:07","guid":{"rendered":"http:\/\/www.hoymercedes.com.ar\/principal\/?p=66274"},"modified":"2017-08-21T10:48:04","modified_gmt":"2017-08-21T13:48:04","slug":"un-menor-resulto-herido-de-bala-tras-una-discusion","status":"publish","type":"post","link":"https:\/\/www.hoymercedes.com.ar\/principal\/2017\/08\/21\/un-menor-resulto-herido-de-bala-tras-una-discusion\/","title":{"rendered":"Un menor result\u00f3 herido de bala tras una discusi\u00f3n"},"content":{"rendered":"<p>El s\u00e1bado por la tarde, en una vivienda de calles 52 y 19, una discusi\u00f3n entre dos menores dej\u00f3 como saldo un herido por arma de fuego.<\/p>\n<p>Alrededor de las 19 horas se desarrollaba en el lugar una reuni\u00f3n entre cuatro menores. Dos de ellos, de 13 y 16 a\u00f1os, ven\u00edan de algunas rencillas previas y la situaci\u00f3n dio para retomar las mismas. Se inici\u00f3 con un cruce de palabras, y el menor de 16 a\u00f1os conoc\u00eda que el restante ten\u00eda un cuchillo\u00a0 -tipo navaja- en su poder. Aunque no lo hab\u00eda mostrado en ese lugar, busc\u00f3 que lo entregara. La discusi\u00f3n fue subiendo de tono, y de pronto este fue en busca de una escopeta que hab\u00eda en la casa (que se desconoce c\u00f3mo conoc\u00eda la ubicaci\u00f3n del arma ya que no viv\u00eda en el lugar) y comenz\u00f3 a increparlo para que entregue el cuchillo. Se fue subiendo de tono la discusi\u00f3n y de pronto efectu\u00f3 un disparo \u2013a dos metros de distancia \u2013 que impact\u00f3 en el muslo del menor de 13 a\u00f1os, provoc\u00e1ndole heridas de car\u00e1cter grave. Al cierre de esta edici\u00f3n, el menor se encontraba fuera de peligro<\/p>\n<p>El ahora imputado por \u201cHomicidio en grado de tentativa agravado por cometerse con arma de fuego\u201d declar\u00f3 ayer domingo ante la UFI N\u00ba 8 de Menores, a cargo de la doctora Yanina Colicchio y fue alojado en un centro de contenci\u00f3n. Hacia el fin de semana se llevar\u00e1 a cabo la audiencia de prisi\u00f3n preventiva.1<\/p>\n","protected":false},"excerpt":{"rendered":"<p>El s\u00e1bado por la tarde, en una vivienda de calles 52 y 19, una discusi\u00f3n entre dos menores dej\u00f3 como &#8230; <a title=\"Un menor result\u00f3 herido de bala tras una discusi\u00f3n\" class=\"read-more\" href=\"https:\/\/www.hoymercedes.com.ar\/principal\/2017\/08\/21\/un-menor-resulto-herido-de-bala-tras-una-discusion\/\" aria-label=\"Leer m\u00e1s sobre Un menor result\u00f3 herido de bala tras una discusi\u00f3n\">Leer m\u00e1s<\/a><\/p>\n","protected":false},"author":1,"featured_media":59909,"comment_status":"closed","ping_status":"open","sticky":false,"template":"","format":"standard","meta":{"_monsterinsights_skip_tracking":false,"_monsterinsights_sitenote_active":false,"_monsterinsights_sitenote_note":"","_monsterinsights_sitenote_category":0,"jetpack_post_was_ever_published":false,"_jetpack_newsletter_access":"","_jetpack_dont_email_post_to_subs":false,"_jetpack_newsletter_tier_id":0,"_jetpack_memberships_contains_paywalled_content":false,"_jetpack_memberships_contains_paid_content":false,"footnotes":"","jetpack_publicize_message":"","jetpack_publicize_feature_enabled":true,"jetpack_social_post_already_shared":true,"jetpack_social_options":{"image_generator_settings":{"template":"highway","default_image_id":0,"font":"","enabled":false},"version":2},"_wpas_customize_per_network":false},"categories":[85],"tags":[4067,10,96],"class_list":["post-66274","post","type-post","status-publish","format-standard","has-post-thumbnail","hentry","category-policial","tag-herido-de-bala","tag-mercedes","tag-policial-2","generate-columns","tablet-grid-50","mobile-grid-100","grid-parent","grid-50"],"jetpack_publicize_connections":[],"jetpack_featured_media_url":"https:\/\/www.hoymercedes.com.ar\/principal\/wp-content\/uploads\/2017\/02\/17-policia-patrulla-rural.jpg","wps_subtitle":"El s\u00e1bado","jetpack_sharing_enabled":true,"_links":{"self":[{"href":"https:\/\/www.hoymercedes.com.ar\/principal\/wp-json\/wp\/v2\/posts\/66274","targetHints":{"allow":["GET"]}}],"collection":[{"href":"https:\/\/www.hoymercedes.com.ar\/principal\/wp-json\/wp\/v2\/posts"}],"about":[{"href":"https:\/\/www.hoymercedes.com.ar\/principal\/wp-json\/wp\/v2\/types\/post"}],"author":[{"embeddable":true,"href":"https:\/\/www.hoymercedes.com.ar\/principal\/wp-json\/wp\/v2\/users\/1"}],"replies":[{"embeddable":true,"href":"https:\/\/www.hoymercedes.com.ar\/principal\/wp-json\/wp\/v2\/comments?post=66274"}],"version-history":[{"count":0,"href":"https:\/\/www.hoymercedes.com.ar\/principal\/wp-json\/wp\/v2\/posts\/66274\/revisions"}],"wp:featuredmedia":[{"embeddable":true,"href":"https:\/\/www.hoymercedes.com.ar\/principal\/wp-json\/wp\/v2\/media\/59909"}],"wp:attachment":[{"href":"https:\/\/www.hoymercedes.com.ar\/principal\/wp-json\/wp\/v2\/media?parent=66274"}],"wp:term":[{"taxonomy":"category","embeddable":true,"href":"https:\/\/www.hoymercedes.com.ar\/principal\/wp-json\/wp\/v2\/categories?post=66274"},{"taxonomy":"post_tag","embeddable":true,"href":"https:\/\/www.hoymercedes.com.ar\/principal\/wp-json\/wp\/v2\/tags?post=66274"}],"curies":[{"name":"wp","href":"https:\/\/api.w.org\/{rel}","templated":true}]}}