{"id":66300,"date":"2017-08-23T07:25:08","date_gmt":"2017-08-23T10:25:08","guid":{"rendered":"http:\/\/www.hoymercedes.com.ar\/principal\/?p=66300"},"modified":"2017-08-23T20:38:22","modified_gmt":"2017-08-23T23:38:22","slug":"66300","status":"publish","type":"post","link":"https:\/\/www.hoymercedes.com.ar\/principal\/2017\/08\/23\/66300\/","title":{"rendered":"Quilmes perdi\u00f3 una gran chance ante Col\u00f3n en Primera"},"content":{"rendered":"<p><em><strong>Quilmes recibi\u00f3 a Col\u00f3n (Ch) el d\u00eda Viernes pasado. Fue derrota ajustada del conjunto quilme\u00f1o (78-89) en el marco de la 15\u00ba fecha del torneo de la Primera divisi\u00f3n de la ABCH. <\/strong><\/em><\/p>\n<p>Un traspi\u00e9 que duele, sobre todo ante un rival que crece y viene enhebrando varias victorias consecutivas y en franca levantada (est\u00e1 3\u00ba), luego de un inicio muy malo de campeonato. Gran primer cuarto del local (21-13) que se vio opacado por la lesi\u00f3n en un dedo y r\u00e1pido abandono del partido de Nicol\u00e1s Bozzini, que junto a la deserci\u00f3n por lesi\u00f3n en un hombro de Valent\u00edn Mustoni, hicieron mermar el rendimiento del equipo, que deriv\u00f3 en la levantada de Col\u00f3n y su victoria final. Gran rendimiento justamente de Mustoni y de Mc Cormack (30 puntos), no s\u00f3lo en la ofensiva sino tambi\u00e9n en la marca. En el visitante, tres puntos altos como los de Rolandelli (25 ptos), L. Vero (22) y T. Mesplet (17). Derrota que duele pero que no debe hacer bajar los brazos en la lucha por ingresar a los play \u2013 off.<\/p>\n<p>&nbsp;<\/p>\n<p>La s\u00edntesis del partido fue la siguiente:<\/p>\n<p>&nbsp;<\/p>\n<p><strong>QUILMES 78:<\/strong>\u00a0Mc Cormack 30, Mustoni 15, Bonafina 10, S. Cejas 9, Rojas 6, Juarez 4, Manganiello 2, N. Bozzini 2, Perdomo, Zumpano, Cosentino, R. Colicigno. <strong>DT:<\/strong> J. L. Giallorenzo<\/p>\n<p><strong>COL\u00d3N (CH) 89:\u00a0<\/strong>Rolandelli 25, L. Vero 22, T. Mesplet 17, Calder\u00e1n 14, Artola 4, Scarano 3, Oron\u00e1 2, Cupayolo 2, Peralta, Fillia, Volont\u00e9. <strong>DT:<\/strong> D. Barrales<\/p>\n<p>&nbsp;<\/p>\n<p><strong>PARCIALES:<\/strong> 21-13 \/ 20-24 \/ 19-26 \/ 18-26<\/p>\n<p><strong>JUECES:<\/strong> Lombardo \u2013 L. L\u00f3pez<\/p>\n<p>&nbsp;<\/p>\n<p><strong>OTROS RESULTADOS: FECHA 15\u00ba<\/strong><\/p>\n<p>&nbsp;<\/p>\n<p>Argentino (Ch) 67 \u2013 Bragado Club 79<\/p>\n<p>San Lorenzo (Ch) 70 \u2013 Atl 9 de Julio 63<\/p>\n<p>Ciudad de Saladillo 81 \u2013 Sp. 25 de Mayo 62<\/p>\n<p>Gimnasia (Ch) \u2013 Estudiantes (M) (Poestergado para el Viernes a las 21 hs)<\/p>\n<p>Libre: Racing Club<\/p>\n<p>&nbsp;<\/p>\n<p><img loading=\"lazy\" decoding=\"async\" data-attachment-id=\"66301\" data-permalink=\"https:\/\/www.hoymercedes.com.ar\/principal\/2017\/08\/23\/66300\/basquet\/#main\" data-orig-file=\"https:\/\/www.hoymercedes.com.ar\/principal\/wp-content\/uploads\/2017\/08\/basquet.png\" data-orig-size=\"490,301\" data-comments-opened=\"0\" data-image-meta=\"{&quot;aperture&quot;:&quot;0&quot;,&quot;credit&quot;:&quot;&quot;,&quot;camera&quot;:&quot;&quot;,&quot;caption&quot;:&quot;&quot;,&quot;created_timestamp&quot;:&quot;0&quot;,&quot;copyright&quot;:&quot;&quot;,&quot;focal_length&quot;:&quot;0&quot;,&quot;iso&quot;:&quot;0&quot;,&quot;shutter_speed&quot;:&quot;0&quot;,&quot;title&quot;:&quot;&quot;,&quot;orientation&quot;:&quot;0&quot;}\" data-image-title=\"basquet\" data-image-description=\"\" data-image-caption=\"\" data-large-file=\"https:\/\/www.hoymercedes.com.ar\/principal\/wp-content\/uploads\/2017\/08\/basquet.png\" class=\"aligncenter size-full wp-image-66301\" src=\"https:\/\/www.hoymercedes.com.ar\/principal\/wp-content\/uploads\/2017\/08\/basquet.png\" alt=\"\" width=\"490\" height=\"301\" srcset=\"https:\/\/www.hoymercedes.com.ar\/principal\/wp-content\/uploads\/2017\/08\/basquet.png 490w, https:\/\/www.hoymercedes.com.ar\/principal\/wp-content\/uploads\/2017\/08\/basquet-150x92.png 150w\" sizes=\"auto, (max-width: 490px) 100vw, 490px\" \/><\/p>\n<p>&nbsp;<\/p>\n<p><strong>Lo que viene<\/strong><\/p>\n<p><strong>Fecha 14<\/strong><\/p>\n<p>Mi\u00e9rcoles 23 &#8211; 21.00 &#8211; Sportivo Vs. Gimnasia<\/p>\n<p><strong>Fecha 16<\/strong><\/p>\n<p>Viernes 25 &#8211; 21.30 &#8211; Gimnasia Vs. Saladillo \/ 9 de Julio Vs. Argentino \/ Sportivo Vs. San Lorenzo<\/p>\n<p>Domingo 27 &#8211; 19.00 &#8211; Bragado Vs. Quilmes<\/p>\n<p>A confirmar: Col\u00f3n Vs. Racing<\/p>\n<p><strong>Fecha 15<\/strong><\/p>\n<p>Lunes 28 &#8211; 21.00 &#8211; Gimnasia Vs. Estudiantes<\/p>\n<p>&nbsp;<\/p>\n<p><strong>Las inferiores no<\/strong><\/p>\n<p>Debido a las inclemencias del tiempo, el d\u00eda S\u00e1bado fueron suspendidos los encuentros del d\u00eda. Quilmes deb\u00eda viajar a la ciudad de Bragado para jugar contra Millonarios, correspondiente todo a la fecha 14\u00ba (3\u00ba de la 2\u00ba rueda). La ABCH reprogramar\u00e1 este encuentro en esta semana.<\/p>\n","protected":false},"excerpt":{"rendered":"<p>Quilmes recibi\u00f3 a Col\u00f3n (Ch) el d\u00eda Viernes pasado. Fue derrota ajustada del conjunto quilme\u00f1o (78-89) en el marco de &#8230; <a title=\"Quilmes perdi\u00f3 una gran chance ante Col\u00f3n en Primera\" class=\"read-more\" href=\"https:\/\/www.hoymercedes.com.ar\/principal\/2017\/08\/23\/66300\/\" aria-label=\"Leer m\u00e1s sobre Quilmes perdi\u00f3 una gran chance ante Col\u00f3n en Primera\">Leer m\u00e1s<\/a><\/p>\n","protected":false},"author":1,"featured_media":66301,"comment_status":"closed","ping_status":"open","sticky":false,"template":"","format":"standard","meta":{"_monsterinsights_skip_tracking":false,"_monsterinsights_sitenote_active":false,"_monsterinsights_sitenote_note":"","_monsterinsights_sitenote_category":0,"jetpack_post_was_ever_published":false,"_jetpack_newsletter_access":"","_jetpack_dont_email_post_to_subs":false,"_jetpack_newsletter_tier_id":0,"_jetpack_memberships_contains_paywalled_content":false,"_jetpack_memberships_contains_paid_content":false,"footnotes":"","jetpack_publicize_message":"","jetpack_publicize_feature_enabled":true,"jetpack_social_post_already_shared":true,"jetpack_social_options":{"image_generator_settings":{"template":"highway","default_image_id":0,"font":"","enabled":false},"version":2},"_wpas_customize_per_network":false},"categories":[21],"tags":[1058,11752,204,10,8982,1413],"class_list":["post-66300","post","type-post","status-publish","format-standard","has-post-thumbnail","hentry","category-deportes","tag-basquet","tag-colon","tag-deportes-2","tag-mercedes","tag-primera","tag-quilmes","generate-columns","tablet-grid-50","mobile-grid-100","grid-parent","grid-50"],"jetpack_publicize_connections":[],"jetpack_featured_media_url":"https:\/\/www.hoymercedes.com.ar\/principal\/wp-content\/uploads\/2017\/08\/basquet.png","wps_subtitle":"B\u00e1squet","jetpack_sharing_enabled":true,"_links":{"self":[{"href":"https:\/\/www.hoymercedes.com.ar\/principal\/wp-json\/wp\/v2\/posts\/66300","targetHints":{"allow":["GET"]}}],"collection":[{"href":"https:\/\/www.hoymercedes.com.ar\/principal\/wp-json\/wp\/v2\/posts"}],"about":[{"href":"https:\/\/www.hoymercedes.com.ar\/principal\/wp-json\/wp\/v2\/types\/post"}],"author":[{"embeddable":true,"href":"https:\/\/www.hoymercedes.com.ar\/principal\/wp-json\/wp\/v2\/users\/1"}],"replies":[{"embeddable":true,"href":"https:\/\/www.hoymercedes.com.ar\/principal\/wp-json\/wp\/v2\/comments?post=66300"}],"version-history":[{"count":0,"href":"https:\/\/www.hoymercedes.com.ar\/principal\/wp-json\/wp\/v2\/posts\/66300\/revisions"}],"wp:featuredmedia":[{"embeddable":true,"href":"https:\/\/www.hoymercedes.com.ar\/principal\/wp-json\/wp\/v2\/media\/66301"}],"wp:attachment":[{"href":"https:\/\/www.hoymercedes.com.ar\/principal\/wp-json\/wp\/v2\/media?parent=66300"}],"wp:term":[{"taxonomy":"category","embeddable":true,"href":"https:\/\/www.hoymercedes.com.ar\/principal\/wp-json\/wp\/v2\/categories?post=66300"},{"taxonomy":"post_tag","embeddable":true,"href":"https:\/\/www.hoymercedes.com.ar\/principal\/wp-json\/wp\/v2\/tags?post=66300"}],"curies":[{"name":"wp","href":"https:\/\/api.w.org\/{rel}","templated":true}]}}