{"id":66318,"date":"2017-08-23T20:33:47","date_gmt":"2017-08-23T23:33:47","guid":{"rendered":"http:\/\/www.hoymercedes.com.ar\/principal\/?p=66318"},"modified":"2017-08-23T22:02:34","modified_gmt":"2017-08-24T01:02:34","slug":"alumnos-de-nacional-realizan-actividad-solidaria-en-el-epi-del-marchetti","status":"publish","type":"post","link":"https:\/\/www.hoymercedes.com.ar\/principal\/2017\/08\/23\/alumnos-de-nacional-realizan-actividad-solidaria-en-el-epi-del-marchetti\/","title":{"rendered":"Alumnos de Nacional realizan actividad solidaria en el EPI del Marchetti"},"content":{"rendered":"<p>Los estudiantes de la Secundaria N\u00b0 3 (Colegio Nacional) llevaron adelante una <a href=\"https:\/\/www.hoymercedes.com.ar\/principal\/2017\/08\/16\/alumnos-de-nacional-compartieron-intercambio-de-ideas-y-trabajo-con-el-intendente\/\" target=\"_blank\" rel=\"noopener\">jornada solidaria<\/a> en en el Barrio Marchetti. Los j\u00f3venes realizaron una rayuela con materiales ecol\u00f3gicos para beneficio de todos los nenes del barrio.<\/p>\n<p><img loading=\"lazy\" decoding=\"async\" data-attachment-id=\"66320\" data-permalink=\"https:\/\/www.hoymercedes.com.ar\/principal\/2017\/08\/23\/alumnos-de-nacional-realizan-actividad-solidaria-en-el-epi-del-marchetti\/23-rayuela-nacional-2\/#main\" data-orig-file=\"https:\/\/www.hoymercedes.com.ar\/principal\/wp-content\/uploads\/2017\/08\/23-rayuela-nacional-2.jpg\" data-orig-size=\"630,473\" data-comments-opened=\"0\" data-image-meta=\"{&quot;aperture&quot;:&quot;0&quot;,&quot;credit&quot;:&quot;&quot;,&quot;camera&quot;:&quot;&quot;,&quot;caption&quot;:&quot;&quot;,&quot;created_timestamp&quot;:&quot;0&quot;,&quot;copyright&quot;:&quot;&quot;,&quot;focal_length&quot;:&quot;0&quot;,&quot;iso&quot;:&quot;0&quot;,&quot;shutter_speed&quot;:&quot;0&quot;,&quot;title&quot;:&quot;&quot;,&quot;orientation&quot;:&quot;0&quot;}\" data-image-title=\"23 rayuela nacional 2\" data-image-description=\"\" data-image-caption=\"\" data-large-file=\"https:\/\/www.hoymercedes.com.ar\/principal\/wp-content\/uploads\/2017\/08\/23-rayuela-nacional-2.jpg\" class=\"aligncenter size-medium wp-image-66320\" src=\"https:\/\/www.hoymercedes.com.ar\/principal\/wp-content\/uploads\/2017\/08\/23-rayuela-nacional-2-630x473.jpg\" alt=\"\" width=\"630\" height=\"473\" srcset=\"https:\/\/www.hoymercedes.com.ar\/principal\/wp-content\/uploads\/2017\/08\/23-rayuela-nacional-2.jpg 630w, https:\/\/www.hoymercedes.com.ar\/principal\/wp-content\/uploads\/2017\/08\/23-rayuela-nacional-2-150x113.jpg 150w\" sizes=\"auto, (max-width: 630px) 100vw, 630px\" \/><\/p>\n<p>El Colegio Nacional, con la docente Graciela Amado, desarrolla un proyecto de ciencia que apunta al cuidado del medio ambiente y el reciclaje. Dentro de las pol\u00edticas del cuidado ambiental que desarrolla la Comuna, que permiti\u00f3 erradicar el basural de La Florida, hacer convenios con escuelas y construir el punto verde de avenida 29 y 6, condujo al apoyo inmediato de esta actividad. Fue as\u00ed que durante la ma\u00f1ana de este mi\u00e9rcoles llevaron a cabo la construcci\u00f3n de una rayuela con las denominadas \u201cbaldosas ecol\u00f3gicas\u201d.<\/p>\n<p>Casi 20 estudiantes de dicha instituci\u00f3n educativa participaron de la actividad. Graciela, la docente, coment\u00f3 que \u201ccon el apoyo de la Municipalidad pudimos conseguir el espacio p\u00fablico para realizar una rayuela con baldosas ecol\u00f3gicas, este proyecto est\u00e1 basado en la idea de trabajar con materiales que la gente considera basura y que nosotros las reutilizamos y las tomamos como recurso. Estas baldosas las hacemos con tapitas de gaseosas y unas mayas que la obtenemos de las alfombras, que son donadas por la empresa Karavell\u201d afirm\u00f3 la docente.<\/p>\n<p>\u201cEstas baldosas las estamos utilizando para hacer una rayuela pero tambi\u00e9n se pueden hacer veredas, bicicendas y revestimiento de cocinas entre otras cosas\u00bb afirm\u00f3 la Profesora Graciela Amado y destac\u00f3 que \u00abhace mucho tiempo que venimos trabajando con el tema del reciclado desde la materia \u2018Proyectos Organizacionales\u2019 en donde ven la teor\u00eda y ven que pueden trabajar y hacer un microemprendimiento con materiales que para el resto son basura\u00bb, sostuvo.<\/p>\n<p><img loading=\"lazy\" decoding=\"async\" data-attachment-id=\"66319\" data-permalink=\"https:\/\/www.hoymercedes.com.ar\/principal\/2017\/08\/23\/alumnos-de-nacional-realizan-actividad-solidaria-en-el-epi-del-marchetti\/23-rayuela-nacional-1\/#main\" data-orig-file=\"https:\/\/www.hoymercedes.com.ar\/principal\/wp-content\/uploads\/2017\/08\/23-rayuela-nacional-1.jpg\" data-orig-size=\"630,420\" data-comments-opened=\"0\" data-image-meta=\"{&quot;aperture&quot;:&quot;0&quot;,&quot;credit&quot;:&quot;&quot;,&quot;camera&quot;:&quot;&quot;,&quot;caption&quot;:&quot;&quot;,&quot;created_timestamp&quot;:&quot;0&quot;,&quot;copyright&quot;:&quot;&quot;,&quot;focal_length&quot;:&quot;0&quot;,&quot;iso&quot;:&quot;0&quot;,&quot;shutter_speed&quot;:&quot;0&quot;,&quot;title&quot;:&quot;&quot;,&quot;orientation&quot;:&quot;0&quot;}\" data-image-title=\"23 rayuela nacional 1\" data-image-description=\"\" data-image-caption=\"\" data-large-file=\"https:\/\/www.hoymercedes.com.ar\/principal\/wp-content\/uploads\/2017\/08\/23-rayuela-nacional-1.jpg\" class=\"aligncenter size-medium wp-image-66319\" src=\"https:\/\/www.hoymercedes.com.ar\/principal\/wp-content\/uploads\/2017\/08\/23-rayuela-nacional-1-630x420.jpg\" alt=\"\" width=\"630\" height=\"420\" srcset=\"https:\/\/www.hoymercedes.com.ar\/principal\/wp-content\/uploads\/2017\/08\/23-rayuela-nacional-1.jpg 630w, https:\/\/www.hoymercedes.com.ar\/principal\/wp-content\/uploads\/2017\/08\/23-rayuela-nacional-1-150x100.jpg 150w, https:\/\/www.hoymercedes.com.ar\/principal\/wp-content\/uploads\/2017\/08\/23-rayuela-nacional-1-300x200.jpg 300w\" sizes=\"auto, (max-width: 630px) 100vw, 630px\" \/><\/p>\n<p>\u00abPara nosotros como grupo fue muy linda la experiencia y hoy estamos, junto a los alba\u00f1iles, realizando la rayuela para el Barrio Marchetti como el primer proyecto que llevamos a cabo para la Feria de Ciencia, y con este proyecto vamos a participar en la Feria de Ciencia de la ciudad de Las Heras\u00bb cont\u00f3 Leonel, uno de los j\u00f3venes participantes.<\/p>\n<p>Por su parte, quien comparti\u00f3 parte de la jornada y almorz\u00f3 con los estudiante, el intendente Ustarroz, sostuvo que esto \u201cpara nosotros en un ejemplo. Lo que realizaron desde la escuela y destacando el trabajo de la docente, Graciela, \u00a0que hace varios a\u00f1os trabaja para incentivar a los chicos a reciclar\u201d coment\u00f3 ante los medios y remarc\u00f3 que \u201chace un rato nos contaba que hay alumnos que ya terminaron el colegio y se quedan comprometidos con el proyecto\u201d<\/p>\n<p>En relaci\u00f3n a la jornada tambi\u00e9n coment\u00f3 que \u201cpor un lado le damos mayor visibilidad, el proyecto de ellos es algo solidario, estamos interviniendo en el espacio p\u00fablico con algo novedoso, porque no ten\u00edamos en la ciudad algo como esto y ellos tienen el orgullo de ser la primera promoci\u00f3n que han hecho esto, que est\u00e1n marcando el camino y nosotros desde el municipio los acompa\u00f1amos y con eso demostramos a la comunidad que a los j\u00f3venes cuando se le brindan herramientas, cuando se les da conocimiento y cuando se les proporcionan los elementos adecuados son generadores de cosas muy positivas\u00bb destac\u00f3 el primer mandatario local, Juan Ignacio Ustarroz.<\/p>\n<p>Los j\u00f3venes mercedinos, que se convirtieron en un ejemplo de trabajo en grupo, solidario y de cuidado del medio ambiente, concretaron la primera rayuela con baldosas ecol\u00f3gicas, que no ser\u00e1 la \u00fanica, en plaza adjunta\u00a0al Espacio de Primera Infancia y Centro de Atenci\u00f3n a la Salud se recientemente se inaugur\u00f3 en el Marchetti<\/p>\n<p><span class=\"embed-youtube\" style=\"text-align:center; display: block;\"><iframe loading=\"lazy\" class=\"youtube-player\" width=\"1200\" height=\"675\" src=\"https:\/\/www.youtube.com\/embed\/Uwn7BPpTQAg?version=3&#038;rel=1&#038;showsearch=0&#038;showinfo=1&#038;iv_load_policy=1&#038;fs=1&#038;hl=es-ES&#038;autohide=2&#038;wmode=transparent\" allowfullscreen=\"true\" style=\"border:0;\" sandbox=\"allow-scripts allow-same-origin allow-popups allow-presentation allow-popups-to-escape-sandbox\"><\/iframe><\/span><\/p>\n<p>Fuente: Prensa Municipal<\/p>\n","protected":false},"excerpt":{"rendered":"<p>Los estudiantes de la Secundaria N\u00b0 3 (Colegio Nacional) llevaron adelante una jornada solidaria en en el Barrio Marchetti. Los &#8230; <a title=\"Alumnos de Nacional realizan actividad solidaria en el EPI del Marchetti\" class=\"read-more\" href=\"https:\/\/www.hoymercedes.com.ar\/principal\/2017\/08\/23\/alumnos-de-nacional-realizan-actividad-solidaria-en-el-epi-del-marchetti\/\" aria-label=\"Leer m\u00e1s sobre Alumnos de Nacional realizan actividad solidaria en el EPI del Marchetti\">Leer m\u00e1s<\/a><\/p>\n","protected":false},"author":1,"featured_media":66319,"comment_status":"closed","ping_status":"open","sticky":false,"template":"","format":"standard","meta":{"_monsterinsights_skip_tracking":false,"_monsterinsights_sitenote_active":false,"_monsterinsights_sitenote_note":"","_monsterinsights_sitenote_category":0,"jetpack_post_was_ever_published":false,"_jetpack_newsletter_access":"","_jetpack_dont_email_post_to_subs":false,"_jetpack_newsletter_tier_id":0,"_jetpack_memberships_contains_paywalled_content":false,"_jetpack_memberships_contains_paid_content":false,"footnotes":"","jetpack_publicize_message":"","jetpack_publicize_feature_enabled":true,"jetpack_social_post_already_shared":true,"jetpack_social_options":{"image_generator_settings":{"template":"highway","default_image_id":0,"font":"","enabled":false},"version":2},"_wpas_customize_per_network":false},"categories":[23],"tags":[623,47,10,244,11751],"class_list":["post-66318","post","type-post","status-publish","format-standard","has-post-thumbnail","hentry","category-educacion","tag-barrio-marchetti","tag-educacion-2","tag-mercedes","tag-municipio-2","tag-secundaria-n-3-colegio-nacional","generate-columns","tablet-grid-50","mobile-grid-100","grid-parent","grid-50"],"jetpack_publicize_connections":[],"jetpack_featured_media_url":"https:\/\/www.hoymercedes.com.ar\/principal\/wp-content\/uploads\/2017\/08\/23-rayuela-nacional-1.jpg","wps_subtitle":"Crearon una gran rayuela","jetpack_sharing_enabled":true,"_links":{"self":[{"href":"https:\/\/www.hoymercedes.com.ar\/principal\/wp-json\/wp\/v2\/posts\/66318","targetHints":{"allow":["GET"]}}],"collection":[{"href":"https:\/\/www.hoymercedes.com.ar\/principal\/wp-json\/wp\/v2\/posts"}],"about":[{"href":"https:\/\/www.hoymercedes.com.ar\/principal\/wp-json\/wp\/v2\/types\/post"}],"author":[{"embeddable":true,"href":"https:\/\/www.hoymercedes.com.ar\/principal\/wp-json\/wp\/v2\/users\/1"}],"replies":[{"embeddable":true,"href":"https:\/\/www.hoymercedes.com.ar\/principal\/wp-json\/wp\/v2\/comments?post=66318"}],"version-history":[{"count":0,"href":"https:\/\/www.hoymercedes.com.ar\/principal\/wp-json\/wp\/v2\/posts\/66318\/revisions"}],"wp:featuredmedia":[{"embeddable":true,"href":"https:\/\/www.hoymercedes.com.ar\/principal\/wp-json\/wp\/v2\/media\/66319"}],"wp:attachment":[{"href":"https:\/\/www.hoymercedes.com.ar\/principal\/wp-json\/wp\/v2\/media?parent=66318"}],"wp:term":[{"taxonomy":"category","embeddable":true,"href":"https:\/\/www.hoymercedes.com.ar\/principal\/wp-json\/wp\/v2\/categories?post=66318"},{"taxonomy":"post_tag","embeddable":true,"href":"https:\/\/www.hoymercedes.com.ar\/principal\/wp-json\/wp\/v2\/tags?post=66318"}],"curies":[{"name":"wp","href":"https:\/\/api.w.org\/{rel}","templated":true}]}}