{"id":66333,"date":"2017-08-24T11:16:32","date_gmt":"2017-08-24T14:16:32","guid":{"rendered":"http:\/\/www.hoymercedes.com.ar\/principal\/?p=66333"},"modified":"2017-08-24T15:19:25","modified_gmt":"2017-08-24T18:19:25","slug":"encuentro-entre-amigos-para-adultos-mayores","status":"publish","type":"post","link":"https:\/\/www.hoymercedes.com.ar\/principal\/2017\/08\/24\/encuentro-entre-amigos-para-adultos-mayores\/","title":{"rendered":"Encuentro entre amigos para Adultos Mayores"},"content":{"rendered":"<p>Cada \u00faltimo domingo del mes, la Direcci\u00f3n de Adultos Mayores propone un tarde con juegos, charlas y buenos momentos para las personas mayores de 65 a\u00f1os. El \u00faltimo domingo de cada mes en el Centro Cultural La Trocha es la invitaci\u00f3n desde la hora 15.<\/p>\n","protected":false},"excerpt":{"rendered":"<p>Cada \u00faltimo domingo del mes, la Direcci\u00f3n de Adultos Mayores propone un tarde con juegos, charlas y buenos momentos para &#8230; <a title=\"Encuentro entre amigos para Adultos Mayores\" class=\"read-more\" href=\"https:\/\/www.hoymercedes.com.ar\/principal\/2017\/08\/24\/encuentro-entre-amigos-para-adultos-mayores\/\" aria-label=\"Leer m\u00e1s sobre Encuentro entre amigos para Adultos Mayores\">Leer m\u00e1s<\/a><\/p>\n","protected":false},"author":1,"featured_media":0,"comment_status":"closed","ping_status":"open","sticky":false,"template":"","format":"standard","meta":{"_monsterinsights_skip_tracking":false,"_monsterinsights_sitenote_active":false,"_monsterinsights_sitenote_note":"","_monsterinsights_sitenote_category":0,"jetpack_post_was_ever_published":false,"_jetpack_newsletter_access":"","_jetpack_dont_email_post_to_subs":false,"_jetpack_newsletter_tier_id":0,"_jetpack_memberships_contains_paywalled_content":false,"_jetpack_memberships_contains_paid_content":false,"footnotes":"","jetpack_publicize_message":"","jetpack_publicize_feature_enabled":true,"jetpack_social_post_already_shared":true,"jetpack_social_options":{"image_generator_settings":{"template":"highway","default_image_id":0,"font":"","enabled":false},"version":2},"_wpas_customize_per_network":false},"categories":[11],"tags":[8752,1734,10,244],"class_list":["post-66333","post","type-post","status-publish","format-standard","hentry","category-ciudad","tag-adultos-mayores","tag-ciudad-2","tag-mercedes","tag-municipio-2","generate-columns","tablet-grid-50","mobile-grid-100","grid-parent","grid-50"],"jetpack_publicize_connections":[],"jetpack_featured_media_url":"","wps_subtitle":"","jetpack_sharing_enabled":true,"_links":{"self":[{"href":"https:\/\/www.hoymercedes.com.ar\/principal\/wp-json\/wp\/v2\/posts\/66333","targetHints":{"allow":["GET"]}}],"collection":[{"href":"https:\/\/www.hoymercedes.com.ar\/principal\/wp-json\/wp\/v2\/posts"}],"about":[{"href":"https:\/\/www.hoymercedes.com.ar\/principal\/wp-json\/wp\/v2\/types\/post"}],"author":[{"embeddable":true,"href":"https:\/\/www.hoymercedes.com.ar\/principal\/wp-json\/wp\/v2\/users\/1"}],"replies":[{"embeddable":true,"href":"https:\/\/www.hoymercedes.com.ar\/principal\/wp-json\/wp\/v2\/comments?post=66333"}],"version-history":[{"count":0,"href":"https:\/\/www.hoymercedes.com.ar\/principal\/wp-json\/wp\/v2\/posts\/66333\/revisions"}],"wp:attachment":[{"href":"https:\/\/www.hoymercedes.com.ar\/principal\/wp-json\/wp\/v2\/media?parent=66333"}],"wp:term":[{"taxonomy":"category","embeddable":true,"href":"https:\/\/www.hoymercedes.com.ar\/principal\/wp-json\/wp\/v2\/categories?post=66333"},{"taxonomy":"post_tag","embeddable":true,"href":"https:\/\/www.hoymercedes.com.ar\/principal\/wp-json\/wp\/v2\/tags?post=66333"}],"curies":[{"name":"wp","href":"https:\/\/api.w.org\/{rel}","templated":true}]}}