{"id":66340,"date":"2017-08-24T16:00:46","date_gmt":"2017-08-24T19:00:46","guid":{"rendered":"http:\/\/www.hoymercedes.com.ar\/principal\/?p=66340"},"modified":"2017-08-24T15:51:00","modified_gmt":"2017-08-24T18:51:00","slug":"el-soplador-de-estrellas-sigue-su-gira-en-el-jardin-909","status":"publish","type":"post","link":"https:\/\/www.hoymercedes.com.ar\/principal\/2017\/08\/24\/el-soplador-de-estrellas-sigue-su-gira-en-el-jardin-909\/","title":{"rendered":"El Soplador de Estrellas sigue su gira en el Jard\u00edn 909"},"content":{"rendered":"<p>Tras la presentaci\u00f3n en el Jard\u00edn de Infantes N\u00b0 904 en el Barrio Villa Industrial Oeste, este viernes 25 de agosto, el elenco de la Organizaci\u00f3n \u00abEl Negro Olmedo\u00bb continuar\u00e1 la gira teatral por las instituciones educativas de nivel inicial en el Jard\u00edn de Infantes N\u00b0 909 para los peque\u00f1os de los barrios\u00a0Blandengues, Obrero, Almafuerte entre otros.<\/p>\n<p><img loading=\"lazy\" decoding=\"async\" data-attachment-id=\"66341\" data-permalink=\"https:\/\/www.hoymercedes.com.ar\/principal\/2017\/08\/24\/el-soplador-de-estrellas-sigue-su-gira-en-el-jardin-909\/24-soplado-904\/#main\" data-orig-file=\"https:\/\/www.hoymercedes.com.ar\/principal\/wp-content\/uploads\/2017\/08\/24-soplado-904.jpg\" data-orig-size=\"630,473\" data-comments-opened=\"0\" data-image-meta=\"{&quot;aperture&quot;:&quot;2.8&quot;,&quot;credit&quot;:&quot;&quot;,&quot;camera&quot;:&quot;DMC-FZ40&quot;,&quot;caption&quot;:&quot;&quot;,&quot;created_timestamp&quot;:&quot;1503482895&quot;,&quot;copyright&quot;:&quot;&quot;,&quot;focal_length&quot;:&quot;4.5&quot;,&quot;iso&quot;:&quot;800&quot;,&quot;shutter_speed&quot;:&quot;0.025&quot;,&quot;title&quot;:&quot;&quot;,&quot;orientation&quot;:&quot;1&quot;}\" data-image-title=\"24 soplado 904\" data-image-description=\"\" data-image-caption=\"\" data-large-file=\"https:\/\/www.hoymercedes.com.ar\/principal\/wp-content\/uploads\/2017\/08\/24-soplado-904.jpg\" class=\"aligncenter size-medium wp-image-66341\" src=\"https:\/\/www.hoymercedes.com.ar\/principal\/wp-content\/uploads\/2017\/08\/24-soplado-904-630x473.jpg\" alt=\"\" width=\"630\" height=\"473\" srcset=\"https:\/\/www.hoymercedes.com.ar\/principal\/wp-content\/uploads\/2017\/08\/24-soplado-904.jpg 630w, https:\/\/www.hoymercedes.com.ar\/principal\/wp-content\/uploads\/2017\/08\/24-soplado-904-150x113.jpg 150w\" sizes=\"auto, (max-width: 630px) 100vw, 630px\" \/><\/p>\n<p>A la hora 10 y a las 14, en el SUM del jard\u00edn de infantes, el elenco presentar\u00e1 \u00abEl soplador de estrellas\u00bb de Ricardo Talento. Con la actuaci\u00f3n de Marisa Ivaldi, Camila Morales y Fabi\u00e1n Morales y producida por la organizaci\u00f3n teatral, fundada hace 25 a\u00f1os, la obra relata la historia de Bornolio.<\/p>\n<p>\u00abEl Maestro Bornolio es un gran cient\u00edfico que sue\u00f1a con un mundo sin guerras, donde no exista ni el hambre, ni la contaminaci\u00f3n ni la violencia. Desde siempre, la gente acostumbra a pedir deseos antes de apagar una vela. Pero la luz de las velas no le alcanza a este at\u00edpico inventor, habitante de una terraza abandonada desde donde desea un mundo mejor para todos. Entonces, pide cientos, miles, miles de millones de deseos, cada vez que sopla una estrella con su \u00faltima creaci\u00f3n: el \u201cEstelaer\u00f3foro Retr\u00e1ctil\u201d.<\/p>\n<p>Pero el Maestro Bornolio necesita a alguien que lo ayude. As\u00ed llega Cibelina, la ayudanta, una joven inocente, rom\u00e1ntica y so\u00f1adora, que va por la vida mirando el cielo y pintando su belleza para atesorarla por siempre en sus cuadros.\u00a0Al enterarse de que el cielo se est\u00e1 quedando sin estrellas, Cibelina har\u00e1 todo lo posible para que Bornolio, inspirado por el amor, encuentre una nueva manera de cambiar el mundo..<\/p>\n<p>Con esta simple, pero a la vez po\u00e9tica y profunda historia de amor, los invitamos a reflexionar sobre el mundo en el que vivimos y c\u00f3mo transformarlo en uno mejor, ya que, como dice Cibelina: \u201cTarde o temprano, los deseos siempre se cumplen\u2026\u00bb<\/p>\n<p>Fuente: Organizaci\u00f3n El Negro Olmedo<\/p>\n","protected":false},"excerpt":{"rendered":"<p>Tras la presentaci\u00f3n en el Jard\u00edn de Infantes N\u00b0 904 en el Barrio Villa Industrial Oeste, este viernes 25 de &#8230; <a title=\"El Soplador de Estrellas sigue su gira en el Jard\u00edn 909\" class=\"read-more\" href=\"https:\/\/www.hoymercedes.com.ar\/principal\/2017\/08\/24\/el-soplador-de-estrellas-sigue-su-gira-en-el-jardin-909\/\" aria-label=\"Leer m\u00e1s sobre El Soplador de Estrellas sigue su gira en el Jard\u00edn 909\">Leer m\u00e1s<\/a><\/p>\n","protected":false},"author":1,"featured_media":66341,"comment_status":"closed","ping_status":"open","sticky":false,"template":"","format":"standard","meta":{"_monsterinsights_skip_tracking":false,"_monsterinsights_sitenote_active":false,"_monsterinsights_sitenote_note":"","_monsterinsights_sitenote_category":0,"jetpack_post_was_ever_published":false,"_jetpack_newsletter_access":"","_jetpack_dont_email_post_to_subs":false,"_jetpack_newsletter_tier_id":0,"_jetpack_memberships_contains_paywalled_content":false,"_jetpack_memberships_contains_paid_content":false,"footnotes":"","jetpack_publicize_message":"","jetpack_publicize_feature_enabled":true,"jetpack_social_post_already_shared":true,"jetpack_social_options":{"image_generator_settings":{"template":"highway","default_image_id":0,"font":"","enabled":false},"version":2},"_wpas_customize_per_network":false},"categories":[104],"tags":[7805,47,11754,10,1218,1180,11579],"class_list":["post-66340","post","type-post","status-publish","format-standard","has-post-thumbnail","hentry","category-cultura","tag-cultura","tag-educacion-2","tag-jardines-de-infantes","tag-mercedes","tag-organizacion-el-negro-olmedo","tag-teatro","tag-teatro-infantil","generate-columns","tablet-grid-50","mobile-grid-100","grid-parent","grid-50"],"jetpack_publicize_connections":[],"jetpack_featured_media_url":"https:\/\/www.hoymercedes.com.ar\/principal\/wp-content\/uploads\/2017\/08\/24-soplado-904.jpg","wps_subtitle":"Teatro Infantil","jetpack_sharing_enabled":true,"_links":{"self":[{"href":"https:\/\/www.hoymercedes.com.ar\/principal\/wp-json\/wp\/v2\/posts\/66340","targetHints":{"allow":["GET"]}}],"collection":[{"href":"https:\/\/www.hoymercedes.com.ar\/principal\/wp-json\/wp\/v2\/posts"}],"about":[{"href":"https:\/\/www.hoymercedes.com.ar\/principal\/wp-json\/wp\/v2\/types\/post"}],"author":[{"embeddable":true,"href":"https:\/\/www.hoymercedes.com.ar\/principal\/wp-json\/wp\/v2\/users\/1"}],"replies":[{"embeddable":true,"href":"https:\/\/www.hoymercedes.com.ar\/principal\/wp-json\/wp\/v2\/comments?post=66340"}],"version-history":[{"count":0,"href":"https:\/\/www.hoymercedes.com.ar\/principal\/wp-json\/wp\/v2\/posts\/66340\/revisions"}],"wp:featuredmedia":[{"embeddable":true,"href":"https:\/\/www.hoymercedes.com.ar\/principal\/wp-json\/wp\/v2\/media\/66341"}],"wp:attachment":[{"href":"https:\/\/www.hoymercedes.com.ar\/principal\/wp-json\/wp\/v2\/media?parent=66340"}],"wp:term":[{"taxonomy":"category","embeddable":true,"href":"https:\/\/www.hoymercedes.com.ar\/principal\/wp-json\/wp\/v2\/categories?post=66340"},{"taxonomy":"post_tag","embeddable":true,"href":"https:\/\/www.hoymercedes.com.ar\/principal\/wp-json\/wp\/v2\/tags?post=66340"}],"curies":[{"name":"wp","href":"https:\/\/api.w.org\/{rel}","templated":true}]}}