{"id":66345,"date":"2017-08-24T17:04:45","date_gmt":"2017-08-24T20:04:45","guid":{"rendered":"http:\/\/www.hoymercedes.com.ar\/principal\/?p=66345"},"modified":"2017-08-24T16:17:20","modified_gmt":"2017-08-24T19:17:20","slug":"caravana-de-zorras-ferroviarias-reafirmo-el-pedido-por-la-vuelta-del-tren","status":"publish","type":"post","link":"https:\/\/www.hoymercedes.com.ar\/principal\/2017\/08\/24\/caravana-de-zorras-ferroviarias-reafirmo-el-pedido-por-la-vuelta-del-tren\/","title":{"rendered":"Caravana de zorras ferroviarias reafirm\u00f3 el pedido por la vuelta del tren"},"content":{"rendered":"<p>La Asociaci\u00f3n Amigos del Ferrocarril Belgrano, encargada de custodiar el trazado del ramal, realiz\u00f3 una exhibici\u00f3n para reivindicar la importancia de conservar v\u00edas e instalaciones con miras al futuro. Fue el\u00a0lunes 21 pasado en donde centenares de vecinos pudieron ver la caravana de zorras en el Complejo Cultural La Trocha. Con bocinas, sirenas y ruidos de motores, la caravana vino procedente de Villars (partido de General Las Heras) y, tras recorrer 50 km de v\u00eda recuperada, llegaron a Mercedes para reafirmar la importancia estrat\u00e9gica de preservar los trazados ferroviarios.<\/p>\n<p><img loading=\"lazy\" decoding=\"async\" data-attachment-id=\"66346\" data-permalink=\"https:\/\/www.hoymercedes.com.ar\/principal\/2017\/08\/24\/caravana-de-zorras-ferroviarias-reafirmo-el-pedido-por-la-vuelta-del-tren\/24-tresn-trocha-1\/#main\" data-orig-file=\"https:\/\/www.hoymercedes.com.ar\/principal\/wp-content\/uploads\/2017\/08\/24-tresn-trocha-1.jpg\" data-orig-size=\"630,420\" data-comments-opened=\"0\" data-image-meta=\"{&quot;aperture&quot;:&quot;0&quot;,&quot;credit&quot;:&quot;&quot;,&quot;camera&quot;:&quot;&quot;,&quot;caption&quot;:&quot;&quot;,&quot;created_timestamp&quot;:&quot;0&quot;,&quot;copyright&quot;:&quot;&quot;,&quot;focal_length&quot;:&quot;0&quot;,&quot;iso&quot;:&quot;0&quot;,&quot;shutter_speed&quot;:&quot;0&quot;,&quot;title&quot;:&quot;&quot;,&quot;orientation&quot;:&quot;0&quot;}\" data-image-title=\"24 tresn trocha 1\" data-image-description=\"\" data-image-caption=\"\" data-large-file=\"https:\/\/www.hoymercedes.com.ar\/principal\/wp-content\/uploads\/2017\/08\/24-tresn-trocha-1.jpg\" class=\"aligncenter size-medium wp-image-66346\" src=\"https:\/\/www.hoymercedes.com.ar\/principal\/wp-content\/uploads\/2017\/08\/24-tresn-trocha-1-630x420.jpg\" alt=\"\" width=\"630\" height=\"420\" srcset=\"https:\/\/www.hoymercedes.com.ar\/principal\/wp-content\/uploads\/2017\/08\/24-tresn-trocha-1.jpg 630w, https:\/\/www.hoymercedes.com.ar\/principal\/wp-content\/uploads\/2017\/08\/24-tresn-trocha-1-150x100.jpg 150w, https:\/\/www.hoymercedes.com.ar\/principal\/wp-content\/uploads\/2017\/08\/24-tresn-trocha-1-300x200.jpg 300w\" sizes=\"auto, (max-width: 630px) 100vw, 630px\" \/><\/p>\n<p>Los veh\u00edculos quedaron exhibidos frente al campamento de V\u00eda y Obra cercano a la calle 15 y durante la tarde realizaron un desfile frente al edificio principal de la estaci\u00f3n. El largo tren, conformado por 11 zorras utilizadas para movilizar las cuadrillas de la Asociaci\u00f3n, despert\u00f3 la curiosidad de chicos y grandes que jugaban en el predio recuperado por la Municipalidad local para el esparcimiento de los mercedinos. \u201cSiempre se ven pasar las zorras de la Asociaci\u00f3n, pero no es habitual que se junten tantas\u201d, relata sorprendido un vecino.<\/p>\n<p>La jornada se realiz\u00f3 en coincidencia con los 20 a\u00f1os del paso de la \u00faltima formaci\u00f3n ferroviaria. Si bien los servicios hab\u00edan desaparecido casi por completo en 1993, la v\u00eda qued\u00f3 definitivamente abandonada cuatro a\u00f1os despu\u00e9s, luego del paso de un tren que llev\u00f3 a Buenos Aires\u00a0 unos coches de pasajeros vac\u00edos procedentes de Rosario. A partir de 1997, La Trocha espera el regreso de locomotoras y vagones. Mientras tanto, Amigos del Belgrano trabaja voluntariamente para mantener \u00edntegra la infraestructura, evitando robos de rieles y durmientes, despejando la traza y patrull\u00e1ndola peri\u00f3dicamente a bordo de las zorras.<\/p>\n<p><img loading=\"lazy\" decoding=\"async\" data-attachment-id=\"66348\" data-permalink=\"https:\/\/www.hoymercedes.com.ar\/principal\/2017\/08\/24\/caravana-de-zorras-ferroviarias-reafirmo-el-pedido-por-la-vuelta-del-tren\/24-tresn-trocha-3\/#main\" data-orig-file=\"https:\/\/www.hoymercedes.com.ar\/principal\/wp-content\/uploads\/2017\/08\/24-tresn-trocha-3.jpg\" data-orig-size=\"630,420\" data-comments-opened=\"0\" data-image-meta=\"{&quot;aperture&quot;:&quot;0&quot;,&quot;credit&quot;:&quot;&quot;,&quot;camera&quot;:&quot;&quot;,&quot;caption&quot;:&quot;&quot;,&quot;created_timestamp&quot;:&quot;0&quot;,&quot;copyright&quot;:&quot;&quot;,&quot;focal_length&quot;:&quot;0&quot;,&quot;iso&quot;:&quot;0&quot;,&quot;shutter_speed&quot;:&quot;0&quot;,&quot;title&quot;:&quot;&quot;,&quot;orientation&quot;:&quot;0&quot;}\" data-image-title=\"24 tresn trocha 3\" data-image-description=\"\" data-image-caption=\"\" data-large-file=\"https:\/\/www.hoymercedes.com.ar\/principal\/wp-content\/uploads\/2017\/08\/24-tresn-trocha-3.jpg\" class=\"aligncenter size-medium wp-image-66348\" src=\"https:\/\/www.hoymercedes.com.ar\/principal\/wp-content\/uploads\/2017\/08\/24-tresn-trocha-3-630x420.jpg\" alt=\"\" width=\"630\" height=\"420\" srcset=\"https:\/\/www.hoymercedes.com.ar\/principal\/wp-content\/uploads\/2017\/08\/24-tresn-trocha-3.jpg 630w, https:\/\/www.hoymercedes.com.ar\/principal\/wp-content\/uploads\/2017\/08\/24-tresn-trocha-3-150x100.jpg 150w, https:\/\/www.hoymercedes.com.ar\/principal\/wp-content\/uploads\/2017\/08\/24-tresn-trocha-3-300x200.jpg 300w\" sizes=\"auto, (max-width: 630px) 100vw, 630px\" \/><\/p>\n<p>La filial mercedina de la Asociaci\u00f3n lleva m\u00e1s de diez a\u00f1os dedicada al sue\u00f1o del regreso del tren. Adem\u00e1s del mantenimiento regular de las v\u00edas, han recuperado dependencias y galpones de la estaci\u00f3n, repararon cambios, aparatos ferroviarios y hasta pusieron nuevamente a funcionar la mesa giratoria que antiguamente se utilizaba para invertir el sentido de las locomotoras. Este verano, adem\u00e1s, subieron el nivel del puente que cruza la Ruta 41, para mayor seguridad del tr\u00e1nsito automotor.<\/p>\n<p>\u201cPero esta tarea no se limita \u00fanicamente a Mercedes, sino que la asociaci\u00f3n mantiene la v\u00eda entre Villars y las inmediaciones de Salto. Hoy en d\u00eda, es posible ir por v\u00eda a Altamira, a Tom\u00e1s Jofr\u00e9, a La Verde y mucho m\u00e1s all\u00e1, gracias a que mantenemos el tendido intacto en m\u00e1s de 100 kil\u00f3metros\u201d, grafica Joaqu\u00edn Pardo, socio y vecino de la ciudad.<\/p>\n<p>Quienes deseen colaborar con el trabajo de Amigos del Belgrano, pueden enviar un mensaje a la p\u00e1gina facebook.com\/amigosdelbelgrano o comunicarse telef\u00f3nicamente al 2324-50-8068. No es necesario tener ning\u00fan tipo de conocimiento espec\u00edfico ni experiencia previa.<\/p>\n<p>&nbsp;<\/p>\n<p>Fuente: Asociaci\u00f3n Amigos del Ferrocarril General Belgrano<\/p>\n<p>&nbsp;<\/p>\n<p><img loading=\"lazy\" decoding=\"async\" data-attachment-id=\"66347\" data-permalink=\"https:\/\/www.hoymercedes.com.ar\/principal\/2017\/08\/24\/caravana-de-zorras-ferroviarias-reafirmo-el-pedido-por-la-vuelta-del-tren\/24-tresn-trocha-2\/#main\" data-orig-file=\"https:\/\/www.hoymercedes.com.ar\/principal\/wp-content\/uploads\/2017\/08\/24-tresn-trocha-2.jpg\" data-orig-size=\"630,420\" data-comments-opened=\"0\" data-image-meta=\"{&quot;aperture&quot;:&quot;0&quot;,&quot;credit&quot;:&quot;&quot;,&quot;camera&quot;:&quot;&quot;,&quot;caption&quot;:&quot;&quot;,&quot;created_timestamp&quot;:&quot;0&quot;,&quot;copyright&quot;:&quot;&quot;,&quot;focal_length&quot;:&quot;0&quot;,&quot;iso&quot;:&quot;0&quot;,&quot;shutter_speed&quot;:&quot;0&quot;,&quot;title&quot;:&quot;&quot;,&quot;orientation&quot;:&quot;0&quot;}\" data-image-title=\"24 tresn trocha 2\" data-image-description=\"\" data-image-caption=\"\" data-large-file=\"https:\/\/www.hoymercedes.com.ar\/principal\/wp-content\/uploads\/2017\/08\/24-tresn-trocha-2.jpg\" class=\"aligncenter size-medium wp-image-66347\" src=\"https:\/\/www.hoymercedes.com.ar\/principal\/wp-content\/uploads\/2017\/08\/24-tresn-trocha-2-630x420.jpg\" alt=\"\" width=\"630\" height=\"420\" srcset=\"https:\/\/www.hoymercedes.com.ar\/principal\/wp-content\/uploads\/2017\/08\/24-tresn-trocha-2.jpg 630w, https:\/\/www.hoymercedes.com.ar\/principal\/wp-content\/uploads\/2017\/08\/24-tresn-trocha-2-150x100.jpg 150w, https:\/\/www.hoymercedes.com.ar\/principal\/wp-content\/uploads\/2017\/08\/24-tresn-trocha-2-300x200.jpg 300w\" sizes=\"auto, (max-width: 630px) 100vw, 630px\" \/><\/p>\n","protected":false},"excerpt":{"rendered":"<p>La Asociaci\u00f3n Amigos del Ferrocarril Belgrano, encargada de custodiar el trazado del ramal, realiz\u00f3 una exhibici\u00f3n para reivindicar la importancia &#8230; <a title=\"Caravana de zorras ferroviarias reafirm\u00f3 el pedido por la vuelta del tren\" class=\"read-more\" href=\"https:\/\/www.hoymercedes.com.ar\/principal\/2017\/08\/24\/caravana-de-zorras-ferroviarias-reafirmo-el-pedido-por-la-vuelta-del-tren\/\" aria-label=\"Leer m\u00e1s sobre Caravana de zorras ferroviarias reafirm\u00f3 el pedido por la vuelta del tren\">Leer m\u00e1s<\/a><\/p>\n","protected":false},"author":1,"featured_media":66347,"comment_status":"closed","ping_status":"open","sticky":false,"template":"","format":"standard","meta":{"_monsterinsights_skip_tracking":false,"_monsterinsights_sitenote_active":false,"_monsterinsights_sitenote_note":"","_monsterinsights_sitenote_category":0,"jetpack_post_was_ever_published":false,"_jetpack_newsletter_access":"","_jetpack_dont_email_post_to_subs":false,"_jetpack_newsletter_tier_id":0,"_jetpack_memberships_contains_paywalled_content":false,"_jetpack_memberships_contains_paid_content":false,"footnotes":"","jetpack_publicize_message":"","jetpack_publicize_feature_enabled":true,"jetpack_social_post_already_shared":true,"jetpack_social_options":{"image_generator_settings":{"template":"highway","default_image_id":0,"font":"","enabled":false},"version":2},"_wpas_customize_per_network":false},"categories":[8],"tags":[11755,761,10,2547,11756],"class_list":["post-66345","post","type-post","status-publish","format-standard","has-post-thumbnail","hentry","category-sociedad","tag-caravana","tag-ferrocarril-belgrano","tag-mercedes","tag-trenes","tag-zorritas","generate-columns","tablet-grid-50","mobile-grid-100","grid-parent","grid-50"],"jetpack_publicize_connections":[],"jetpack_featured_media_url":"https:\/\/www.hoymercedes.com.ar\/principal\/wp-content\/uploads\/2017\/08\/24-tresn-trocha-2.jpg","wps_subtitle":"En Mercedes el lunes pasado","jetpack_sharing_enabled":true,"_links":{"self":[{"href":"https:\/\/www.hoymercedes.com.ar\/principal\/wp-json\/wp\/v2\/posts\/66345","targetHints":{"allow":["GET"]}}],"collection":[{"href":"https:\/\/www.hoymercedes.com.ar\/principal\/wp-json\/wp\/v2\/posts"}],"about":[{"href":"https:\/\/www.hoymercedes.com.ar\/principal\/wp-json\/wp\/v2\/types\/post"}],"author":[{"embeddable":true,"href":"https:\/\/www.hoymercedes.com.ar\/principal\/wp-json\/wp\/v2\/users\/1"}],"replies":[{"embeddable":true,"href":"https:\/\/www.hoymercedes.com.ar\/principal\/wp-json\/wp\/v2\/comments?post=66345"}],"version-history":[{"count":0,"href":"https:\/\/www.hoymercedes.com.ar\/principal\/wp-json\/wp\/v2\/posts\/66345\/revisions"}],"wp:featuredmedia":[{"embeddable":true,"href":"https:\/\/www.hoymercedes.com.ar\/principal\/wp-json\/wp\/v2\/media\/66347"}],"wp:attachment":[{"href":"https:\/\/www.hoymercedes.com.ar\/principal\/wp-json\/wp\/v2\/media?parent=66345"}],"wp:term":[{"taxonomy":"category","embeddable":true,"href":"https:\/\/www.hoymercedes.com.ar\/principal\/wp-json\/wp\/v2\/categories?post=66345"},{"taxonomy":"post_tag","embeddable":true,"href":"https:\/\/www.hoymercedes.com.ar\/principal\/wp-json\/wp\/v2\/tags?post=66345"}],"curies":[{"name":"wp","href":"https:\/\/api.w.org\/{rel}","templated":true}]}}