{"id":66406,"date":"2017-08-26T10:30:32","date_gmt":"2017-08-26T13:30:32","guid":{"rendered":"http:\/\/www.hoymercedes.com.ar\/principal\/?p=66406"},"modified":"2017-08-25T22:44:05","modified_gmt":"2017-08-26T01:44:05","slug":"referente-locales-de-1-pais-analizaron-panorama-electoral-de-cara-a-octubre","status":"publish","type":"post","link":"https:\/\/www.hoymercedes.com.ar\/principal\/2017\/08\/26\/referente-locales-de-1-pais-analizaron-panorama-electoral-de-cara-a-octubre\/","title":{"rendered":"Referente locales de 1 Pa\u00eds analizaron panorama electoral de cara a octubre"},"content":{"rendered":"<p>Los m\u00e1ximos referente locales del Frente 1Pa\u00eds participaron de una cumbre de candidatos y referentes de ese espacio pol\u00edtico, para analizar los resultados electorales de las PASO y diagramar el trabajo de cara a las elecciones generales del pr\u00f3ximo 22 de octubre. El Diputado Nacional Carlos Selva, el Presidente del bloque de concejales Carlos Milhomme, y los dos primeros candidatos legislativos locales, Sabrina Selva y Rodrigo Lilo respectivamente, estuvieron en el encuentro convocado por Servio Massa en la localidad de Tigre.<\/p>\n<p><img loading=\"lazy\" decoding=\"async\" data-attachment-id=\"66397\" data-permalink=\"https:\/\/www.hoymercedes.com.ar\/principal\/2017\/08\/26\/cuentos-e-historias-reune-a-ninos-y-adultos-mayores\/26-1pais\/#main\" data-orig-file=\"https:\/\/www.hoymercedes.com.ar\/principal\/wp-content\/uploads\/2017\/08\/26-1pais.jpg\" data-orig-size=\"630,420\" data-comments-opened=\"0\" data-image-meta=\"{&quot;aperture&quot;:&quot;0&quot;,&quot;credit&quot;:&quot;&quot;,&quot;camera&quot;:&quot;&quot;,&quot;caption&quot;:&quot;&quot;,&quot;created_timestamp&quot;:&quot;0&quot;,&quot;copyright&quot;:&quot;&quot;,&quot;focal_length&quot;:&quot;0&quot;,&quot;iso&quot;:&quot;0&quot;,&quot;shutter_speed&quot;:&quot;0&quot;,&quot;title&quot;:&quot;&quot;,&quot;orientation&quot;:&quot;0&quot;}\" data-image-title=\"26 1pais\" data-image-description=\"\" data-image-caption=\"\" data-large-file=\"https:\/\/www.hoymercedes.com.ar\/principal\/wp-content\/uploads\/2017\/08\/26-1pais.jpg\" class=\"aligncenter size-medium wp-image-66397\" src=\"https:\/\/www.hoymercedes.com.ar\/principal\/wp-content\/uploads\/2017\/08\/26-1pais-630x420.jpg\" alt=\"\" width=\"630\" height=\"420\" srcset=\"https:\/\/www.hoymercedes.com.ar\/principal\/wp-content\/uploads\/2017\/08\/26-1pais.jpg 630w, https:\/\/www.hoymercedes.com.ar\/principal\/wp-content\/uploads\/2017\/08\/26-1pais-150x100.jpg 150w, https:\/\/www.hoymercedes.com.ar\/principal\/wp-content\/uploads\/2017\/08\/26-1pais-300x200.jpg 300w\" sizes=\"auto, (max-width: 630px) 100vw, 630px\" \/><\/p>\n<p>\u201cFue un encuentro muy positivo\u00bb, destac\u00f3 Sabrina Selva. \u00abM\u00e1s all\u00e1 de que el resultado electoral no fue el esperado por nuestra fuerza, sirvi\u00f3 para reafirmar un rumbo, y profundizar el trabajo como forma de honrar al m\u00e1s de un mill\u00f3n de bonaerenses que confiaron en nuestra propuesta\u201d agreg\u00f3 la concejal que busca renovar su banca en octubre.<\/p>\n<p>Por su parte, el Diputado Selva se mostr\u00f3 satisfecho con el encuentro y destac\u00f3 que \u201cadvertimos un escenario distinto para octubre, para ello debemos trabajar fuertemente para consolidar este espacio pol\u00edtico al que consideramos como la \u00fanica alternativa v\u00e1lida ante el avance de un gobierno neoliberal que viene a llevarse las conquistas de nuestro pueblo\u201d.<\/p>\n<p>Carlos Milhomme destac\u00f3 que lo m\u00e1s significativo de la jornada fue compartir los criterios de los m\u00e1ximos referentes de 1Pa\u00eds, \u201csomos una fuerza que m\u00e1s all\u00e1 de la coyuntura actual, representa el futuro, un futuro marcado por los valores y que reivindica la pol\u00edtica y la militancia como herramientas de transformaci\u00f3n de la vida de los ciudadanos, hoy m\u00e1s que nunca nos sentimos muy orgullosos de nuestra pertenencia a este espacio pol\u00edtico\u201d concluy\u00f3<\/p>\n<p>Durante el encuentro que reuni\u00f3 a m\u00e1s de 300 dirigentes de 1Pa\u00eds, entre candidatos bonaerenses, intendentes, diputados nacionales y provinciales,\u00a0 el analista pol\u00edtico Julio B\u00e1rbaro remarc\u00f3: \u201cVeo un escenario en el que el miedo a Cristina (Fern\u00e1ndez) no se va pero de a poco se diluye, y simult\u00e1neamente Mauricio (Macri) entra en el fracaso. 1Pa\u00eds es la expresi\u00f3n m\u00e1s profunda del movimiento nacional, la mejor alternativa, el espacio que representa el futuro de la Argentina\u201d.<\/p>\n<p>Por su parte, Felipe Sol\u00e1, \u00a0primer candidato a Diputado Nacional indic\u00f3 \u00abnuestro votante quiere que seamos quienes somos, no quiere que nos pongamos una careta, que nos reinventemos\u00bb.<\/p>\n<p>Al cierre, Sergio Massa, defini\u00f3 al espacio como \u201cuna fuerza independiente que representa a la clase media\u201d. \u201cA m\u00ed no me van a correr del camino de pelear por el pa\u00eds en el que creo. Tengo 45 a\u00f1os, y los puedo esperar\u201d, concluy\u00f3.<\/p>\n<p>&nbsp;<\/p>\n<p>Fuente: Agrupaci\u00f3n 17 de Octubre<\/p>\n<p>&nbsp;<\/p>\n","protected":false},"excerpt":{"rendered":"<p>Los m\u00e1ximos referente locales del Frente 1Pa\u00eds participaron de una cumbre de candidatos y referentes de ese espacio pol\u00edtico, para &#8230; <a title=\"Referente locales de 1 Pa\u00eds analizaron panorama electoral de cara a octubre\" class=\"read-more\" href=\"https:\/\/www.hoymercedes.com.ar\/principal\/2017\/08\/26\/referente-locales-de-1-pais-analizaron-panorama-electoral-de-cara-a-octubre\/\" aria-label=\"Leer m\u00e1s sobre Referente locales de 1 Pa\u00eds analizaron panorama electoral de cara a octubre\">Leer m\u00e1s<\/a><\/p>\n","protected":false},"author":1,"featured_media":66397,"comment_status":"closed","ping_status":"open","sticky":false,"template":"","format":"standard","meta":{"_monsterinsights_skip_tracking":false,"_monsterinsights_sitenote_active":false,"_monsterinsights_sitenote_note":"","_monsterinsights_sitenote_category":0,"jetpack_post_was_ever_published":false,"_jetpack_newsletter_access":"","_jetpack_dont_email_post_to_subs":false,"_jetpack_newsletter_tier_id":0,"_jetpack_memberships_contains_paywalled_content":false,"_jetpack_memberships_contains_paid_content":false,"footnotes":"","jetpack_publicize_message":"","jetpack_publicize_feature_enabled":true,"jetpack_social_post_already_shared":true,"jetpack_social_options":{"image_generator_settings":{"template":"highway","default_image_id":0,"font":"","enabled":false},"version":2},"_wpas_customize_per_network":false},"categories":[5],"tags":[11482,7873,39,11275,5319,2854],"class_list":["post-66406","post","type-post","status-publish","format-standard","has-post-thumbnail","hentry","category-politica","tag-1-pais","tag-campana","tag-carlos-selva","tag-elecciones-2017","tag-politica-2","tag-sabrina-selva","generate-columns","tablet-grid-50","mobile-grid-100","grid-parent","grid-50"],"jetpack_publicize_connections":[],"jetpack_featured_media_url":"https:\/\/www.hoymercedes.com.ar\/principal\/wp-content\/uploads\/2017\/08\/26-1pais.jpg","wps_subtitle":"En el acto de Sergio Massa","jetpack_sharing_enabled":true,"_links":{"self":[{"href":"https:\/\/www.hoymercedes.com.ar\/principal\/wp-json\/wp\/v2\/posts\/66406","targetHints":{"allow":["GET"]}}],"collection":[{"href":"https:\/\/www.hoymercedes.com.ar\/principal\/wp-json\/wp\/v2\/posts"}],"about":[{"href":"https:\/\/www.hoymercedes.com.ar\/principal\/wp-json\/wp\/v2\/types\/post"}],"author":[{"embeddable":true,"href":"https:\/\/www.hoymercedes.com.ar\/principal\/wp-json\/wp\/v2\/users\/1"}],"replies":[{"embeddable":true,"href":"https:\/\/www.hoymercedes.com.ar\/principal\/wp-json\/wp\/v2\/comments?post=66406"}],"version-history":[{"count":0,"href":"https:\/\/www.hoymercedes.com.ar\/principal\/wp-json\/wp\/v2\/posts\/66406\/revisions"}],"wp:featuredmedia":[{"embeddable":true,"href":"https:\/\/www.hoymercedes.com.ar\/principal\/wp-json\/wp\/v2\/media\/66397"}],"wp:attachment":[{"href":"https:\/\/www.hoymercedes.com.ar\/principal\/wp-json\/wp\/v2\/media?parent=66406"}],"wp:term":[{"taxonomy":"category","embeddable":true,"href":"https:\/\/www.hoymercedes.com.ar\/principal\/wp-json\/wp\/v2\/categories?post=66406"},{"taxonomy":"post_tag","embeddable":true,"href":"https:\/\/www.hoymercedes.com.ar\/principal\/wp-json\/wp\/v2\/tags?post=66406"}],"curies":[{"name":"wp","href":"https:\/\/api.w.org\/{rel}","templated":true}]}}