{"id":66418,"date":"2017-08-26T20:31:45","date_gmt":"2017-08-26T23:31:45","guid":{"rendered":"http:\/\/www.hoymercedes.com.ar\/principal\/?p=66418"},"modified":"2017-08-26T18:38:04","modified_gmt":"2017-08-26T21:38:04","slug":"el-mamm-invita-a-escuelas-a-visitar-y-conocer-sus-instalaciones","status":"publish","type":"post","link":"https:\/\/www.hoymercedes.com.ar\/principal\/2017\/08\/26\/el-mamm-invita-a-escuelas-a-visitar-y-conocer-sus-instalaciones\/","title":{"rendered":"El MAMM invita a escuelas a visitar y conocer sus instalaciones"},"content":{"rendered":"<p>En el mes de septiembre, el Museo de Arte \u00abMunicipalidad de Mercedes\u00bb invita a los docentes a de 2\u00b0 ciclo del nivel primario y de la secundaria b\u00e1sica a concurrir al espacio cultural con los alumnos. Ellos podr\u00e1n participar de las actividades propuestas en relaci\u00f3n a su patrimonio art\u00edstico y \u201cSer Arte y Parte\u201d, centrado en el retrato y sus posibilidades narrativas, jugando, imaginando, aprendiendo a empatizar a trav\u00e9s de sus manifestaciones.\u00a0Los turnos podr\u00e1n solicitarse llamando al 435368, en los horarios de atenci\u00f3n de 8 a 14 horas.<\/p>\n<p>&nbsp;<\/p>\n","protected":false},"excerpt":{"rendered":"<p>En el mes de septiembre, el Museo de Arte \u00abMunicipalidad de Mercedes\u00bb invita a los docentes a de 2\u00b0 ciclo &#8230; <a title=\"El MAMM invita a escuelas a visitar y conocer sus instalaciones\" class=\"read-more\" href=\"https:\/\/www.hoymercedes.com.ar\/principal\/2017\/08\/26\/el-mamm-invita-a-escuelas-a-visitar-y-conocer-sus-instalaciones\/\" aria-label=\"Leer m\u00e1s sobre El MAMM invita a escuelas a visitar y conocer sus instalaciones\">Leer m\u00e1s<\/a><\/p>\n","protected":false},"author":1,"featured_media":64671,"comment_status":"closed","ping_status":"open","sticky":false,"template":"","format":"standard","meta":{"_monsterinsights_skip_tracking":false,"_monsterinsights_sitenote_active":false,"_monsterinsights_sitenote_note":"","_monsterinsights_sitenote_category":0,"jetpack_post_was_ever_published":false,"_jetpack_newsletter_access":"","_jetpack_dont_email_post_to_subs":false,"_jetpack_newsletter_tier_id":0,"_jetpack_memberships_contains_paywalled_content":false,"_jetpack_memberships_contains_paid_content":false,"footnotes":"","jetpack_publicize_message":"","jetpack_publicize_feature_enabled":true,"jetpack_social_post_already_shared":true,"jetpack_social_options":{"image_generator_settings":{"template":"highway","default_image_id":0,"font":"","enabled":false},"version":2},"_wpas_customize_per_network":false},"categories":[11],"tags":[1734,7805,8674],"class_list":["post-66418","post","type-post","status-publish","format-standard","has-post-thumbnail","hentry","category-ciudad","tag-ciudad-2","tag-cultura","tag-mamm","generate-columns","tablet-grid-50","mobile-grid-100","grid-parent","grid-50"],"jetpack_publicize_connections":[],"jetpack_featured_media_url":"https:\/\/www.hoymercedes.com.ar\/principal\/wp-content\/uploads\/2017\/07\/10-MAMM.jpg","wps_subtitle":"Ser Arte y Parte","jetpack_sharing_enabled":true,"_links":{"self":[{"href":"https:\/\/www.hoymercedes.com.ar\/principal\/wp-json\/wp\/v2\/posts\/66418","targetHints":{"allow":["GET"]}}],"collection":[{"href":"https:\/\/www.hoymercedes.com.ar\/principal\/wp-json\/wp\/v2\/posts"}],"about":[{"href":"https:\/\/www.hoymercedes.com.ar\/principal\/wp-json\/wp\/v2\/types\/post"}],"author":[{"embeddable":true,"href":"https:\/\/www.hoymercedes.com.ar\/principal\/wp-json\/wp\/v2\/users\/1"}],"replies":[{"embeddable":true,"href":"https:\/\/www.hoymercedes.com.ar\/principal\/wp-json\/wp\/v2\/comments?post=66418"}],"version-history":[{"count":0,"href":"https:\/\/www.hoymercedes.com.ar\/principal\/wp-json\/wp\/v2\/posts\/66418\/revisions"}],"wp:featuredmedia":[{"embeddable":true,"href":"https:\/\/www.hoymercedes.com.ar\/principal\/wp-json\/wp\/v2\/media\/64671"}],"wp:attachment":[{"href":"https:\/\/www.hoymercedes.com.ar\/principal\/wp-json\/wp\/v2\/media?parent=66418"}],"wp:term":[{"taxonomy":"category","embeddable":true,"href":"https:\/\/www.hoymercedes.com.ar\/principal\/wp-json\/wp\/v2\/categories?post=66418"},{"taxonomy":"post_tag","embeddable":true,"href":"https:\/\/www.hoymercedes.com.ar\/principal\/wp-json\/wp\/v2\/tags?post=66418"}],"curies":[{"name":"wp","href":"https:\/\/api.w.org\/{rel}","templated":true}]}}