{"id":66472,"date":"2017-08-28T09:00:18","date_gmt":"2017-08-28T12:00:18","guid":{"rendered":"http:\/\/www.hoymercedes.com.ar\/principal\/?p=66472"},"modified":"2017-08-27T21:58:10","modified_gmt":"2017-08-28T00:58:10","slug":"debate-y-reflexion-a-traves-del-cine-y-el-psiconalisis","status":"publish","type":"post","link":"https:\/\/www.hoymercedes.com.ar\/principal\/2017\/08\/28\/debate-y-reflexion-a-traves-del-cine-y-el-psiconalisis\/","title":{"rendered":"Debate y reflexi\u00f3n a trav\u00e9s del cine y el psicon\u00e1lisis"},"content":{"rendered":"<p><em><strong>Este lunes 28 de agosto, 18:30 horas, comienza el ciclo de cine debate basado en el psicoan\u00e1lisis. Ser\u00e1n cuatro encuentros los d\u00edas lunes, consecutivos, con entrada libre y gratuita.<\/strong><\/em><\/p>\n<p>Que los psicoanalistas se interesen por el cine no es extra\u00f1o, si es que resulta natural para ellos interesarse en las peripecias y destinos del deseo humano.<\/p>\n<p>Recibir pacientes en una sala de hospital, un consultorio o dondequiera que sea, es ya quedar atrapado en una novela, en una vida no muy distinta de cualquier gui\u00f3n cinematogr\u00e1fico.<\/p>\n<p>En efecto, fue Freud el \u00a0primer psicoanalista \u00a0curioso de lo que produc\u00eda el arte, y esa afici\u00f3n la mantuvo toda su vida. Ten\u00eda una opini\u00f3n de los artistas mucho m\u00e1s elevada que la de los profesionales que practicaban su ciencia. En cierto sentido los consideraba privilegiados: \u201ctoman al \u00a0vuelo lo que nosotros conseguimos penosamente\u201d.<\/p>\n<p>El licenciado en Psicolog\u00eda, Alberto Saul, propone un ciclo de \u201cCine y Psicoan\u00e1lisis\u201d para que vaya en la l\u00ednea con aprovechar el privilegio del artista, el autor o el director de cine que, con una sensibilidad e intuici\u00f3n infinitamente superior, pueda exponer lo m\u00e1s exquisito de la dram\u00e1tica humana.<\/p>\n<p>Dice Saul: \u201cDiscutir y comentar pel\u00edculas es para nosotros un esfuerzo y a la vez un intenso placer. Como siempre, ambas cosas van de la mano. A diferencia del mero espectador, nosotros miramos las pel\u00edculas con el doble privilegio de gozar y pensar. As\u00ed como nuestra cl\u00ednica se ilumina con la reflexi\u00f3n te\u00f3rica, nuestra actividad intentar\u00e1 articular el placer de lo que miramos con el placer de lo que estudiamos\u201d.<\/p>\n<p>La propuesta est\u00e1 dise\u00f1ada y ya se confirm\u00f3 el primer encuentro para este lunes a las 18.30 en el Museo V\u00edctor M\u00edguez. La idea, seg\u00fan el licenciado, es que \u201ccon bibliograf\u00eda, con textos y nuestras limitadas capacidades, trataremos de verificar si hay acaso una l\u00f3gica com\u00fan, un hilo conductor entre lo que vemos en la butaca del cine y lo que escuchamos en la de nuestro consultorio\u201d.<\/p>\n<p>En esta oportunidad, se proyectar\u00e1 la pel\u00edcula francesa \u201cStella\u201d, dirigida por Sylvie Verheyde, estrenada en 2008. La invitaci\u00f3n est\u00e1 abierta al p\u00fablico en general y es totalmente gratuita.<\/p>\n<p>&nbsp;<\/p>\n<p>Fuente: Prensa Municipal<\/p>\n","protected":false},"excerpt":{"rendered":"<p>Este lunes 28 de agosto, 18:30 horas, comienza el ciclo de cine debate basado en el psicoan\u00e1lisis. Ser\u00e1n cuatro encuentros &#8230; <a title=\"Debate y reflexi\u00f3n a trav\u00e9s del cine y el psicon\u00e1lisis\" class=\"read-more\" href=\"https:\/\/www.hoymercedes.com.ar\/principal\/2017\/08\/28\/debate-y-reflexion-a-traves-del-cine-y-el-psiconalisis\/\" aria-label=\"Leer m\u00e1s sobre Debate y reflexi\u00f3n a trav\u00e9s del cine y el psicon\u00e1lisis\">Leer m\u00e1s<\/a><\/p>\n","protected":false},"author":1,"featured_media":66473,"comment_status":"closed","ping_status":"open","sticky":false,"template":"","format":"standard","meta":{"_monsterinsights_skip_tracking":false,"_monsterinsights_sitenote_active":false,"_monsterinsights_sitenote_note":"","_monsterinsights_sitenote_category":0,"jetpack_post_was_ever_published":false,"_jetpack_newsletter_access":"","_jetpack_dont_email_post_to_subs":false,"_jetpack_newsletter_tier_id":0,"_jetpack_memberships_contains_paywalled_content":false,"_jetpack_memberships_contains_paid_content":false,"footnotes":"","jetpack_publicize_message":"","jetpack_publicize_feature_enabled":true,"jetpack_social_post_already_shared":true,"jetpack_social_options":{"image_generator_settings":{"template":"highway","default_image_id":0,"font":"","enabled":false},"version":2},"_wpas_customize_per_network":false},"categories":[104],"tags":[5273,7805,10,3766,11767],"class_list":["post-66472","post","type-post","status-publish","format-standard","has-post-thumbnail","hentry","category-cultura","tag-cine","tag-cultura","tag-mercedes","tag-museo-miguez","tag-psicoanaliss","generate-columns","tablet-grid-50","mobile-grid-100","grid-parent","grid-50"],"jetpack_publicize_connections":[],"jetpack_featured_media_url":"https:\/\/www.hoymercedes.com.ar\/principal\/wp-content\/uploads\/2017\/08\/28-cine-miguez.jpg","wps_subtitle":"En el Museo Miguez","jetpack_sharing_enabled":true,"_links":{"self":[{"href":"https:\/\/www.hoymercedes.com.ar\/principal\/wp-json\/wp\/v2\/posts\/66472","targetHints":{"allow":["GET"]}}],"collection":[{"href":"https:\/\/www.hoymercedes.com.ar\/principal\/wp-json\/wp\/v2\/posts"}],"about":[{"href":"https:\/\/www.hoymercedes.com.ar\/principal\/wp-json\/wp\/v2\/types\/post"}],"author":[{"embeddable":true,"href":"https:\/\/www.hoymercedes.com.ar\/principal\/wp-json\/wp\/v2\/users\/1"}],"replies":[{"embeddable":true,"href":"https:\/\/www.hoymercedes.com.ar\/principal\/wp-json\/wp\/v2\/comments?post=66472"}],"version-history":[{"count":0,"href":"https:\/\/www.hoymercedes.com.ar\/principal\/wp-json\/wp\/v2\/posts\/66472\/revisions"}],"wp:featuredmedia":[{"embeddable":true,"href":"https:\/\/www.hoymercedes.com.ar\/principal\/wp-json\/wp\/v2\/media\/66473"}],"wp:attachment":[{"href":"https:\/\/www.hoymercedes.com.ar\/principal\/wp-json\/wp\/v2\/media?parent=66472"}],"wp:term":[{"taxonomy":"category","embeddable":true,"href":"https:\/\/www.hoymercedes.com.ar\/principal\/wp-json\/wp\/v2\/categories?post=66472"},{"taxonomy":"post_tag","embeddable":true,"href":"https:\/\/www.hoymercedes.com.ar\/principal\/wp-json\/wp\/v2\/tags?post=66472"}],"curies":[{"name":"wp","href":"https:\/\/api.w.org\/{rel}","templated":true}]}}