{"id":66510,"date":"2017-08-28T17:15:08","date_gmt":"2017-08-28T20:15:08","guid":{"rendered":"http:\/\/www.hoymercedes.com.ar\/principal\/?p=66510"},"modified":"2017-08-28T15:18:03","modified_gmt":"2017-08-28T18:18:03","slug":"la-peluqueria-y-la-barberia-en-el-miguez","status":"publish","type":"post","link":"https:\/\/www.hoymercedes.com.ar\/principal\/2017\/08\/28\/la-peluqueria-y-la-barberia-en-el-miguez\/","title":{"rendered":"La peluquer\u00eda y la barber\u00eda en el Miguez"},"content":{"rendered":"<p><em><strong>En la tarde del domingo se inaugur\u00f3 \u00abPelo y barba. El oficio del Peluquero\u00bb en el Museo Hist\u00f3rico V\u00edctor M\u00edguez. Una representaci\u00f3n actoral organizada por un grupo de escritores, actores y m\u00fasicos mercedinos recib\u00eda a los dos grupos de visitantes en una inauguraci\u00f3n fuera de lo com\u00fan. La muestra de objetos de peluquer\u00edas y barber\u00edas continuar\u00e1 durante todo septiembre.\u00a0<\/strong><\/em><\/p>\n<p><img loading=\"lazy\" decoding=\"async\" data-attachment-id=\"66512\" data-permalink=\"https:\/\/www.hoymercedes.com.ar\/principal\/2017\/08\/28\/la-peluqueria-y-la-barberia-en-el-miguez\/28-miguez-pelu-5\/#main\" data-orig-file=\"https:\/\/www.hoymercedes.com.ar\/principal\/wp-content\/uploads\/2017\/08\/28-miguez-pelu-5.jpg\" data-orig-size=\"630,420\" data-comments-opened=\"0\" data-image-meta=\"{&quot;aperture&quot;:&quot;3.5&quot;,&quot;credit&quot;:&quot;&quot;,&quot;camera&quot;:&quot;NIKON D3100&quot;,&quot;caption&quot;:&quot;&quot;,&quot;created_timestamp&quot;:&quot;1503863766&quot;,&quot;copyright&quot;:&quot;&quot;,&quot;focal_length&quot;:&quot;18&quot;,&quot;iso&quot;:&quot;2800&quot;,&quot;shutter_speed&quot;:&quot;0.016666666666667&quot;,&quot;title&quot;:&quot;&quot;,&quot;orientation&quot;:&quot;1&quot;}\" data-image-title=\"28 miguez pelu 5\" data-image-description=\"\" data-image-caption=\"\" data-large-file=\"https:\/\/www.hoymercedes.com.ar\/principal\/wp-content\/uploads\/2017\/08\/28-miguez-pelu-5.jpg\" class=\"aligncenter size-medium wp-image-66512\" src=\"https:\/\/www.hoymercedes.com.ar\/principal\/wp-content\/uploads\/2017\/08\/28-miguez-pelu-5-630x420.jpg\" alt=\"\" width=\"630\" height=\"420\" srcset=\"https:\/\/www.hoymercedes.com.ar\/principal\/wp-content\/uploads\/2017\/08\/28-miguez-pelu-5.jpg 630w, https:\/\/www.hoymercedes.com.ar\/principal\/wp-content\/uploads\/2017\/08\/28-miguez-pelu-5-150x100.jpg 150w, https:\/\/www.hoymercedes.com.ar\/principal\/wp-content\/uploads\/2017\/08\/28-miguez-pelu-5-300x200.jpg 300w\" sizes=\"auto, (max-width: 630px) 100vw, 630px\" \/><\/p>\n<p>Rara. Ex\u00f3tica. In\u00e9dita. Deslumbrante. As\u00ed fue la inauguraci\u00f3n de \u201cPelo y Barba. El oficio del peluquero\u201d en el Museo M\u00edguez. No es una muestra m\u00e1s. O al menos intenta no serlo desde su concepci\u00f3n: objetos que interact\u00faan en el espacio y que convoca a un estupendo viaje en el tiempo. Navajas, sillas, tijeras, secadores. Todo ah\u00ed, para ver y disfrutar. Para cerrar los ojos y transportarse.<\/p>\n<p>En la tarde noche del domingo, las puertas del Museo Hist\u00f3rico se abrieron para recibir a grandes personalidades de esta profesi\u00f3n que han trabajado en nuestra ciudad \u00a0marcando un camino, pero tambi\u00e9n a quienes lo hacen en la actualidad, continuando y perfeccion\u00e1ndolo.<\/p>\n<p><img loading=\"lazy\" decoding=\"async\" data-attachment-id=\"66511\" data-permalink=\"https:\/\/www.hoymercedes.com.ar\/principal\/2017\/08\/28\/la-peluqueria-y-la-barberia-en-el-miguez\/28-miguez-pelu-4\/#main\" data-orig-file=\"https:\/\/www.hoymercedes.com.ar\/principal\/wp-content\/uploads\/2017\/08\/28-miguez-pelu-4.jpg\" data-orig-size=\"630,420\" data-comments-opened=\"0\" data-image-meta=\"{&quot;aperture&quot;:&quot;4&quot;,&quot;credit&quot;:&quot;&quot;,&quot;camera&quot;:&quot;NIKON D3100&quot;,&quot;caption&quot;:&quot;&quot;,&quot;created_timestamp&quot;:&quot;1503864597&quot;,&quot;copyright&quot;:&quot;&quot;,&quot;focal_length&quot;:&quot;28&quot;,&quot;iso&quot;:&quot;2200&quot;,&quot;shutter_speed&quot;:&quot;0.016666666666667&quot;,&quot;title&quot;:&quot;&quot;,&quot;orientation&quot;:&quot;1&quot;}\" data-image-title=\"28 miguez pelu 4\" data-image-description=\"\" data-image-caption=\"\" data-large-file=\"https:\/\/www.hoymercedes.com.ar\/principal\/wp-content\/uploads\/2017\/08\/28-miguez-pelu-4.jpg\" class=\"aligncenter size-medium wp-image-66511\" src=\"https:\/\/www.hoymercedes.com.ar\/principal\/wp-content\/uploads\/2017\/08\/28-miguez-pelu-4-630x420.jpg\" alt=\"\" width=\"630\" height=\"420\" srcset=\"https:\/\/www.hoymercedes.com.ar\/principal\/wp-content\/uploads\/2017\/08\/28-miguez-pelu-4.jpg 630w, https:\/\/www.hoymercedes.com.ar\/principal\/wp-content\/uploads\/2017\/08\/28-miguez-pelu-4-150x100.jpg 150w, https:\/\/www.hoymercedes.com.ar\/principal\/wp-content\/uploads\/2017\/08\/28-miguez-pelu-4-300x200.jpg 300w\" sizes=\"auto, (max-width: 630px) 100vw, 630px\" \/><\/p>\n<p>En un merecido homenaje que ofrecieron con una interpretaci\u00f3n asombrosamente lograda y con salas desbordada de p\u00fablico, se pudo ver en dos oportunidades la escena de la peluquer\u00eda del pueblo, dise\u00f1ada en los a\u00f1os 70, donde los artistas interpretaron textos de \u00c1ngeles Mastretta, Hebe Uhart y Silvina Ocampo.<\/p>\n<p>Fue grato ver a Sergio Dematei interpretando a Perla Canon, con su porte sobresaliente y sus morisquetas luminosas, acompa\u00f1ado de una gran productora devenida en asistente c\u00f3mplice y audaz como Gabriela Florella. Adem\u00e1s, la belleza en el decir y en el ser de Eliana Ramponi, la asombrosa actuaci\u00f3n, fresca y genuina, de Gabriela Bourdieau, una sorprendente Magui Uncal, cargada de tensi\u00f3n y personalidad y la esquizofrenia contagiosa de Patricio Uncal en un personaje altamente nocivo y complejo, majestuosamente logrado.<\/p>\n<p><img loading=\"lazy\" decoding=\"async\" data-attachment-id=\"66493\" data-permalink=\"https:\/\/www.hoymercedes.com.ar\/principal\/2017\/08\/28\/adultos-mayores-vivieron-su-encuentro-entre-amigos-en-la-trocha\/28-miguez-pelu-2\/#main\" data-orig-file=\"https:\/\/www.hoymercedes.com.ar\/principal\/wp-content\/uploads\/2017\/08\/28-miguez-pelu-2.jpg\" data-orig-size=\"630,420\" data-comments-opened=\"0\" data-image-meta=\"{&quot;aperture&quot;:&quot;3.5&quot;,&quot;credit&quot;:&quot;&quot;,&quot;camera&quot;:&quot;NIKON D3100&quot;,&quot;caption&quot;:&quot;&quot;,&quot;created_timestamp&quot;:&quot;1503863388&quot;,&quot;copyright&quot;:&quot;&quot;,&quot;focal_length&quot;:&quot;18&quot;,&quot;iso&quot;:&quot;1800&quot;,&quot;shutter_speed&quot;:&quot;0.016666666666667&quot;,&quot;title&quot;:&quot;&quot;,&quot;orientation&quot;:&quot;1&quot;}\" data-image-title=\"28 miguez pelu 2\" data-image-description=\"\" data-image-caption=\"\" data-large-file=\"https:\/\/www.hoymercedes.com.ar\/principal\/wp-content\/uploads\/2017\/08\/28-miguez-pelu-2.jpg\" class=\"aligncenter size-medium wp-image-66493\" src=\"https:\/\/www.hoymercedes.com.ar\/principal\/wp-content\/uploads\/2017\/08\/28-miguez-pelu-2-630x420.jpg\" alt=\"\" width=\"630\" height=\"420\" srcset=\"https:\/\/www.hoymercedes.com.ar\/principal\/wp-content\/uploads\/2017\/08\/28-miguez-pelu-2.jpg 630w, https:\/\/www.hoymercedes.com.ar\/principal\/wp-content\/uploads\/2017\/08\/28-miguez-pelu-2-150x100.jpg 150w, https:\/\/www.hoymercedes.com.ar\/principal\/wp-content\/uploads\/2017\/08\/28-miguez-pelu-2-300x200.jpg 300w\" sizes=\"auto, (max-width: 630px) 100vw, 630px\" \/><\/p>\n<p>\u201cPelo y barba. El oficio del peluquero\u201d es una muestra que se extender\u00e1 durante todo septiembre, con nuevas propuestas en vivo que ser\u00e1n parte de ella y que convocar\u00e1n a m\u00e1s p\u00fablico en ese espacio. Todo podr\u00eda haber sido una inauguraci\u00f3n m\u00e1s. Una exposici\u00f3n corriente y sobria. Pero no. Las ideas todav\u00eda pueden atravesar las fronteras de lo com\u00fan y eso es un beso en la mejilla.<\/p>\n<p>&nbsp;<\/p>\n<p>Texto: Prensa Municipal<\/p>\n<p>Fotos: Clarisa Altieri<\/p>\n<p><img loading=\"lazy\" decoding=\"async\" data-attachment-id=\"66492\" data-permalink=\"https:\/\/www.hoymercedes.com.ar\/principal\/2017\/08\/28\/adultos-mayores-vivieron-su-encuentro-entre-amigos-en-la-trocha\/28-miguez-pelu-1\/#main\" data-orig-file=\"https:\/\/www.hoymercedes.com.ar\/principal\/wp-content\/uploads\/2017\/08\/28-miguez-pelu-1.jpg\" data-orig-size=\"630,420\" data-comments-opened=\"0\" data-image-meta=\"{&quot;aperture&quot;:&quot;3.5&quot;,&quot;credit&quot;:&quot;&quot;,&quot;camera&quot;:&quot;NIKON D3100&quot;,&quot;caption&quot;:&quot;&quot;,&quot;created_timestamp&quot;:&quot;1503863111&quot;,&quot;copyright&quot;:&quot;&quot;,&quot;focal_length&quot;:&quot;18&quot;,&quot;iso&quot;:&quot;1600&quot;,&quot;shutter_speed&quot;:&quot;0.016666666666667&quot;,&quot;title&quot;:&quot;&quot;,&quot;orientation&quot;:&quot;1&quot;}\" data-image-title=\"28 miguez pelu 1\" data-image-description=\"\" data-image-caption=\"\" data-large-file=\"https:\/\/www.hoymercedes.com.ar\/principal\/wp-content\/uploads\/2017\/08\/28-miguez-pelu-1.jpg\" class=\"aligncenter size-medium wp-image-66492\" src=\"https:\/\/www.hoymercedes.com.ar\/principal\/wp-content\/uploads\/2017\/08\/28-miguez-pelu-1-630x420.jpg\" alt=\"\" width=\"630\" height=\"420\" srcset=\"https:\/\/www.hoymercedes.com.ar\/principal\/wp-content\/uploads\/2017\/08\/28-miguez-pelu-1.jpg 630w, https:\/\/www.hoymercedes.com.ar\/principal\/wp-content\/uploads\/2017\/08\/28-miguez-pelu-1-150x100.jpg 150w, https:\/\/www.hoymercedes.com.ar\/principal\/wp-content\/uploads\/2017\/08\/28-miguez-pelu-1-300x200.jpg 300w\" sizes=\"auto, (max-width: 630px) 100vw, 630px\" \/><\/p>\n<p><img loading=\"lazy\" decoding=\"async\" data-attachment-id=\"66494\" data-permalink=\"https:\/\/www.hoymercedes.com.ar\/principal\/2017\/08\/28\/adultos-mayores-vivieron-su-encuentro-entre-amigos-en-la-trocha\/28-miguez-pelu-3\/#main\" data-orig-file=\"https:\/\/www.hoymercedes.com.ar\/principal\/wp-content\/uploads\/2017\/08\/28-miguez-pelu-3.jpg\" data-orig-size=\"630,420\" data-comments-opened=\"0\" data-image-meta=\"{&quot;aperture&quot;:&quot;3.5&quot;,&quot;credit&quot;:&quot;&quot;,&quot;camera&quot;:&quot;NIKON D3100&quot;,&quot;caption&quot;:&quot;&quot;,&quot;created_timestamp&quot;:&quot;1503864317&quot;,&quot;copyright&quot;:&quot;&quot;,&quot;focal_length&quot;:&quot;18&quot;,&quot;iso&quot;:&quot;3200&quot;,&quot;shutter_speed&quot;:&quot;0.02&quot;,&quot;title&quot;:&quot;&quot;,&quot;orientation&quot;:&quot;1&quot;}\" data-image-title=\"28 miguez pelu 3\" data-image-description=\"\" data-image-caption=\"\" data-large-file=\"https:\/\/www.hoymercedes.com.ar\/principal\/wp-content\/uploads\/2017\/08\/28-miguez-pelu-3.jpg\" class=\"aligncenter size-medium wp-image-66494\" src=\"https:\/\/www.hoymercedes.com.ar\/principal\/wp-content\/uploads\/2017\/08\/28-miguez-pelu-3-630x420.jpg\" alt=\"\" width=\"630\" height=\"420\" srcset=\"https:\/\/www.hoymercedes.com.ar\/principal\/wp-content\/uploads\/2017\/08\/28-miguez-pelu-3.jpg 630w, https:\/\/www.hoymercedes.com.ar\/principal\/wp-content\/uploads\/2017\/08\/28-miguez-pelu-3-150x100.jpg 150w, https:\/\/www.hoymercedes.com.ar\/principal\/wp-content\/uploads\/2017\/08\/28-miguez-pelu-3-300x200.jpg 300w\" sizes=\"auto, (max-width: 630px) 100vw, 630px\" \/><\/p>\n","protected":false},"excerpt":{"rendered":"<p>En la tarde del domingo se inaugur\u00f3 \u00abPelo y barba. El oficio del Peluquero\u00bb en el Museo Hist\u00f3rico V\u00edctor M\u00edguez. &#8230; <a title=\"La peluquer\u00eda y la barber\u00eda en el Miguez\" class=\"read-more\" href=\"https:\/\/www.hoymercedes.com.ar\/principal\/2017\/08\/28\/la-peluqueria-y-la-barberia-en-el-miguez\/\" aria-label=\"Leer m\u00e1s sobre La peluquer\u00eda y la barber\u00eda en el Miguez\">Leer m\u00e1s<\/a><\/p>\n","protected":false},"author":1,"featured_media":66493,"comment_status":"closed","ping_status":"open","sticky":false,"template":"","format":"standard","meta":{"_monsterinsights_skip_tracking":false,"_monsterinsights_sitenote_active":false,"_monsterinsights_sitenote_note":"","_monsterinsights_sitenote_category":0,"jetpack_post_was_ever_published":false,"_jetpack_newsletter_access":"","_jetpack_dont_email_post_to_subs":false,"_jetpack_newsletter_tier_id":0,"_jetpack_memberships_contains_paywalled_content":false,"_jetpack_memberships_contains_paid_content":false,"footnotes":"","jetpack_publicize_message":"","jetpack_publicize_feature_enabled":true,"jetpack_social_post_already_shared":true,"jetpack_social_options":{"image_generator_settings":{"template":"highway","default_image_id":0,"font":"","enabled":false},"version":2},"_wpas_customize_per_network":false},"categories":[104],"tags":[7805,10,8715,3766,10060],"class_list":["post-66510","post","type-post","status-publish","format-standard","has-post-thumbnail","hentry","category-cultura","tag-cultura","tag-mercedes","tag-muestra","tag-museo-miguez","tag-peluqueria","generate-columns","tablet-grid-50","mobile-grid-100","grid-parent","grid-50"],"jetpack_publicize_connections":[],"jetpack_featured_media_url":"https:\/\/www.hoymercedes.com.ar\/principal\/wp-content\/uploads\/2017\/08\/28-miguez-pelu-2.jpg","wps_subtitle":"Exposici\u00f3n abierta","jetpack_sharing_enabled":true,"_links":{"self":[{"href":"https:\/\/www.hoymercedes.com.ar\/principal\/wp-json\/wp\/v2\/posts\/66510","targetHints":{"allow":["GET"]}}],"collection":[{"href":"https:\/\/www.hoymercedes.com.ar\/principal\/wp-json\/wp\/v2\/posts"}],"about":[{"href":"https:\/\/www.hoymercedes.com.ar\/principal\/wp-json\/wp\/v2\/types\/post"}],"author":[{"embeddable":true,"href":"https:\/\/www.hoymercedes.com.ar\/principal\/wp-json\/wp\/v2\/users\/1"}],"replies":[{"embeddable":true,"href":"https:\/\/www.hoymercedes.com.ar\/principal\/wp-json\/wp\/v2\/comments?post=66510"}],"version-history":[{"count":0,"href":"https:\/\/www.hoymercedes.com.ar\/principal\/wp-json\/wp\/v2\/posts\/66510\/revisions"}],"wp:featuredmedia":[{"embeddable":true,"href":"https:\/\/www.hoymercedes.com.ar\/principal\/wp-json\/wp\/v2\/media\/66493"}],"wp:attachment":[{"href":"https:\/\/www.hoymercedes.com.ar\/principal\/wp-json\/wp\/v2\/media?parent=66510"}],"wp:term":[{"taxonomy":"category","embeddable":true,"href":"https:\/\/www.hoymercedes.com.ar\/principal\/wp-json\/wp\/v2\/categories?post=66510"},{"taxonomy":"post_tag","embeddable":true,"href":"https:\/\/www.hoymercedes.com.ar\/principal\/wp-json\/wp\/v2\/tags?post=66510"}],"curies":[{"name":"wp","href":"https:\/\/api.w.org\/{rel}","templated":true}]}}