{"id":66556,"date":"2017-08-29T08:00:43","date_gmt":"2017-08-29T11:00:43","guid":{"rendered":"http:\/\/www.hoymercedes.com.ar\/principal\/?p=66556"},"modified":"2017-08-28T20:03:09","modified_gmt":"2017-08-28T23:03:09","slug":"rapidamente-la-policia-comunal-esclarece-detiene-responsables-y-recupera-bienes-robados-en-humeda","status":"publish","type":"post","link":"https:\/\/www.hoymercedes.com.ar\/principal\/2017\/08\/29\/rapidamente-la-policia-comunal-esclarece-detiene-responsables-y-recupera-bienes-robados-en-humeda\/","title":{"rendered":"R\u00e1pidamente la Polic\u00eda Comunal esclarece, detiene responsables y recupera bienes robados en Uh`Meda?"},"content":{"rendered":"<figure id=\"attachment_66558\" aria-describedby=\"caption-attachment-66558\" style=\"width: 620px\" class=\"wp-caption aligncenter\"><img loading=\"lazy\" decoding=\"async\" data-attachment-id=\"66558\" data-permalink=\"https:\/\/www.hoymercedes.com.ar\/principal\/2017\/08\/29\/rapidamente-la-policia-comunal-esclarece-detiene-responsables-y-recupera-bienes-robados-en-humeda\/robo-uh-merda-3\/#main\" data-orig-file=\"https:\/\/www.hoymercedes.com.ar\/principal\/wp-content\/uploads\/2017\/08\/robo-uh-merda-3.jpeg\" data-orig-size=\"1152,648\" data-comments-opened=\"0\" data-image-meta=\"{&quot;aperture&quot;:&quot;0&quot;,&quot;credit&quot;:&quot;&quot;,&quot;camera&quot;:&quot;&quot;,&quot;caption&quot;:&quot;&quot;,&quot;created_timestamp&quot;:&quot;0&quot;,&quot;copyright&quot;:&quot;&quot;,&quot;focal_length&quot;:&quot;0&quot;,&quot;iso&quot;:&quot;0&quot;,&quot;shutter_speed&quot;:&quot;0&quot;,&quot;title&quot;:&quot;&quot;,&quot;orientation&quot;:&quot;0&quot;}\" data-image-title=\"robo-uh-merda (3)\" data-image-description=\"\" data-image-caption=\"&lt;p&gt;Detenidos por el robo&lt;\/p&gt;\n\" data-large-file=\"https:\/\/www.hoymercedes.com.ar\/principal\/wp-content\/uploads\/2017\/08\/robo-uh-merda-3-1024x576.jpeg\" class=\"size-medium wp-image-66558\" src=\"https:\/\/www.hoymercedes.com.ar\/principal\/wp-content\/uploads\/2017\/08\/robo-uh-merda-3-630x354.jpeg\" alt=\"\" width=\"630\" height=\"354\" srcset=\"https:\/\/www.hoymercedes.com.ar\/principal\/wp-content\/uploads\/2017\/08\/robo-uh-merda-3-630x354.jpeg 630w, https:\/\/www.hoymercedes.com.ar\/principal\/wp-content\/uploads\/2017\/08\/robo-uh-merda-3-150x84.jpeg 150w, https:\/\/www.hoymercedes.com.ar\/principal\/wp-content\/uploads\/2017\/08\/robo-uh-merda-3-1024x576.jpeg 1024w, https:\/\/www.hoymercedes.com.ar\/principal\/wp-content\/uploads\/2017\/08\/robo-uh-merda-3.jpeg 1152w\" sizes=\"auto, (max-width: 630px) 100vw, 630px\" \/><figcaption id=\"caption-attachment-66558\" class=\"wp-caption-text\">Detenidos por el robo<\/figcaption><\/figure>\n<p>En apenas horas de sucedido el hecho la Polic\u00eda Comunal, conducida por el Comisario Sergio Macedo, logr\u00f3 esclarecer y detener a los responsables del robo al pub Uh! Meda?. Los autores son dos masculinos mayores de edad con antecedentes. Hubo allanamiento y secuestro de los bienes sustra\u00eddos.<\/p>\n<p>Tras la denuncia efectuada por el damnificado, de apellido Punte, comerciante y vecino de nuestra ciudad se inici\u00f3 la investigaci\u00f3n y alerta del hecho a instancias del Personal del Gabinete de Prevenci\u00f3n Criminol\u00f3gica de la Estaci\u00f3n de la Polic\u00eda Comunal Mercedes.<\/p>\n<p>El pasado viernes por la ma\u00f1ana en el comercio Uh! Meda? ubicado en ex ruta 5 y calle 178, siendo zona rural, se concret\u00f3 el il\u00edcito. Los ahora tras las rejas ingresaron al lugar forzando una ventana del ba\u00f1o y sustraen diversos elementos, entre ellos una amoladora, una calculadora, taladro el\u00e9ctrico de 13mm, caladora, lijadora de banda marcha bosk, frezadora de mano Black and deker, cepilladora bosk, frezadora de mano, herramientas varias con su caja de herramientas completa, crikers, escofina, motosierra, \u00a0entre otros tantos elementos que incluyeron una notebook Lenovo y un disco externo sony, elementos cl\u00e1sicos en un espacio donde la m\u00fasica es parte de su estructura.<\/p>\n<figure id=\"attachment_66559\" aria-describedby=\"caption-attachment-66559\" style=\"width: 339px\" class=\"wp-caption alignleft\"><img loading=\"lazy\" decoding=\"async\" data-attachment-id=\"66559\" data-permalink=\"https:\/\/www.hoymercedes.com.ar\/principal\/2017\/08\/29\/rapidamente-la-policia-comunal-esclarece-detiene-responsables-y-recupera-bienes-robados-en-humeda\/robo-uh-merda-5\/#main\" data-orig-file=\"https:\/\/www.hoymercedes.com.ar\/principal\/wp-content\/uploads\/2017\/08\/robo-uh-merda-5.jpeg\" data-orig-size=\"581,1032\" data-comments-opened=\"0\" data-image-meta=\"{&quot;aperture&quot;:&quot;0&quot;,&quot;credit&quot;:&quot;&quot;,&quot;camera&quot;:&quot;&quot;,&quot;caption&quot;:&quot;&quot;,&quot;created_timestamp&quot;:&quot;0&quot;,&quot;copyright&quot;:&quot;&quot;,&quot;focal_length&quot;:&quot;0&quot;,&quot;iso&quot;:&quot;0&quot;,&quot;shutter_speed&quot;:&quot;0&quot;,&quot;title&quot;:&quot;&quot;,&quot;orientation&quot;:&quot;0&quot;}\" data-image-title=\"robo-uh-merda (5)\" data-image-description=\"\" data-image-caption=\"&lt;p&gt;Alguno de los elementos recuperados&lt;\/p&gt;\n\" data-large-file=\"https:\/\/www.hoymercedes.com.ar\/principal\/wp-content\/uploads\/2017\/08\/robo-uh-merda-5-576x1024.jpeg\" class=\"size-medium wp-image-66559\" src=\"https:\/\/www.hoymercedes.com.ar\/principal\/wp-content\/uploads\/2017\/08\/robo-uh-merda-5-349x620.jpeg\" alt=\"\" width=\"349\" height=\"620\" srcset=\"https:\/\/www.hoymercedes.com.ar\/principal\/wp-content\/uploads\/2017\/08\/robo-uh-merda-5-349x620.jpeg 349w, https:\/\/www.hoymercedes.com.ar\/principal\/wp-content\/uploads\/2017\/08\/robo-uh-merda-5-84x150.jpeg 84w, https:\/\/www.hoymercedes.com.ar\/principal\/wp-content\/uploads\/2017\/08\/robo-uh-merda-5-576x1024.jpeg 576w, https:\/\/www.hoymercedes.com.ar\/principal\/wp-content\/uploads\/2017\/08\/robo-uh-merda-5.jpeg 581w\" sizes=\"auto, (max-width: 349px) 100vw, 349px\" \/><figcaption id=\"caption-attachment-66559\" class=\"wp-caption-text\">Alguno de los elementos recuperados<\/figcaption><\/figure>\n<p>Como se observa, fueron muchos los elementos sustra\u00eddos.<\/p>\n<p>Consultado, el Comisario Sergio Macedo aprovech\u00f3 para felicitar a su equipo de trabajo, a las cuadrillas de calle, a toda la fuerza que viene sistem\u00e1ticamente dando respuesta a los vecinos y remarc\u00f3 \u201cla importancia que tiene el hecho de que el vecino se involucre, que tambi\u00e9n tenga la conciencia ciudadana de denunciar cuando alguien le quiere vender un elemento robado porque permite abrir m\u00e1s caminos investigativos y arribar pronto a la soluci\u00f3n de un caso\u201d.<\/p>\n<p>D\u00edas atr\u00e1s, el propio intendente, cuando presentaban motos para la fuerza, destac\u00f3 y felicit\u00f3 a la Polic\u00eda Comunal por el alto grado de resoluci\u00f3n de casos que tiene, por haber logrado disminuir todos los \u00edndices y hacer un gran uso de las herramientas existentes, como las c\u00e1maras, la posta m\u00f3vil, los veh\u00edculo y con la presencia del responsable de la fuerza, Sergio Macedo, record\u00f3 Ustarroz lo bien que se manej\u00f3 y resolvi\u00f3 el robo a Ben\u00edtez con 7 allanamientos sin olvidar que hace tan s\u00f3lo quince d\u00edas hab\u00edan tambi\u00e9n desmantelado una red de venta de sustancias ilegales con muchas detenciones a cargo de la Comunal.<\/p>\n<p>Finalmente, a las horas de efectuado el robo a Hu! Meda?, la Polic\u00eda Comunal logr\u00f3 la detenci\u00f3n de un masculino de apellido Mu\u00f1oz en calle 6 y 61, nacido en Mendoza y a partir de all\u00ed, tras dar r\u00e1pido a viso a la Justica, logran efectuar allanamiento y detenci\u00f3n de otro sujeto, mercedino en este caso, en calle 63 entre 4 y 6, de apellido Far\u00edas.<\/p>\n<p>Puesto en conocimiento al se\u00f1or agente fiscal Dr. Guillermo Massaroni, avala lo actuado y dispone se eleven las actuaciones para luego llevar este lunes a declarar ante la Justicia. Intervino la Unidad Funcional de Instrucci\u00f3n N\u00b0 6, a cargo del Dr. Massaroni Guillermo, Depto. Judicial Mercedes.<\/p>\n","protected":false},"excerpt":{"rendered":"<p>En apenas horas de sucedido el hecho la Polic\u00eda Comunal, conducida por el Comisario Sergio Macedo, logr\u00f3 esclarecer y detener &#8230; <a title=\"R\u00e1pidamente la Polic\u00eda Comunal esclarece, detiene responsables y recupera bienes robados en Uh`Meda?\" class=\"read-more\" href=\"https:\/\/www.hoymercedes.com.ar\/principal\/2017\/08\/29\/rapidamente-la-policia-comunal-esclarece-detiene-responsables-y-recupera-bienes-robados-en-humeda\/\" aria-label=\"Leer m\u00e1s sobre R\u00e1pidamente la Polic\u00eda Comunal esclarece, detiene responsables y recupera bienes robados en Uh`Meda?\">Leer m\u00e1s<\/a><\/p>\n","protected":false},"author":1,"featured_media":66558,"comment_status":"closed","ping_status":"open","sticky":false,"template":"","format":"standard","meta":{"_monsterinsights_skip_tracking":false,"_monsterinsights_sitenote_active":false,"_monsterinsights_sitenote_note":"","_monsterinsights_sitenote_category":0,"jetpack_post_was_ever_published":false,"_jetpack_newsletter_access":"","_jetpack_dont_email_post_to_subs":false,"_jetpack_newsletter_tier_id":0,"_jetpack_memberships_contains_paywalled_content":false,"_jetpack_memberships_contains_paid_content":false,"footnotes":"","jetpack_publicize_message":"","jetpack_publicize_feature_enabled":true,"jetpack_social_post_already_shared":true,"jetpack_social_options":{"image_generator_settings":{"template":"highway","default_image_id":0,"font":"","enabled":false},"version":2},"_wpas_customize_per_network":false},"categories":[85],"tags":[126,889],"class_list":["post-66556","post","type-post","status-publish","format-standard","has-post-thumbnail","hentry","category-policial","tag-policia-mercedes","tag-robo","generate-columns","tablet-grid-50","mobile-grid-100","grid-parent","grid-50"],"jetpack_publicize_connections":[],"jetpack_featured_media_url":"https:\/\/www.hoymercedes.com.ar\/principal\/wp-content\/uploads\/2017\/08\/robo-uh-merda-3.jpeg","wps_subtitle":"Seguridad ","jetpack_sharing_enabled":true,"_links":{"self":[{"href":"https:\/\/www.hoymercedes.com.ar\/principal\/wp-json\/wp\/v2\/posts\/66556","targetHints":{"allow":["GET"]}}],"collection":[{"href":"https:\/\/www.hoymercedes.com.ar\/principal\/wp-json\/wp\/v2\/posts"}],"about":[{"href":"https:\/\/www.hoymercedes.com.ar\/principal\/wp-json\/wp\/v2\/types\/post"}],"author":[{"embeddable":true,"href":"https:\/\/www.hoymercedes.com.ar\/principal\/wp-json\/wp\/v2\/users\/1"}],"replies":[{"embeddable":true,"href":"https:\/\/www.hoymercedes.com.ar\/principal\/wp-json\/wp\/v2\/comments?post=66556"}],"version-history":[{"count":0,"href":"https:\/\/www.hoymercedes.com.ar\/principal\/wp-json\/wp\/v2\/posts\/66556\/revisions"}],"wp:featuredmedia":[{"embeddable":true,"href":"https:\/\/www.hoymercedes.com.ar\/principal\/wp-json\/wp\/v2\/media\/66558"}],"wp:attachment":[{"href":"https:\/\/www.hoymercedes.com.ar\/principal\/wp-json\/wp\/v2\/media?parent=66556"}],"wp:term":[{"taxonomy":"category","embeddable":true,"href":"https:\/\/www.hoymercedes.com.ar\/principal\/wp-json\/wp\/v2\/categories?post=66556"},{"taxonomy":"post_tag","embeddable":true,"href":"https:\/\/www.hoymercedes.com.ar\/principal\/wp-json\/wp\/v2\/tags?post=66556"}],"curies":[{"name":"wp","href":"https:\/\/api.w.org\/{rel}","templated":true}]}}