{"id":66609,"date":"2017-08-31T07:16:22","date_gmt":"2017-08-31T10:16:22","guid":{"rendered":"http:\/\/www.hoymercedes.com.ar\/principal\/?p=66609"},"modified":"2017-08-30T23:25:47","modified_gmt":"2017-08-31T02:25:47","slug":"reordenan-turnos-en-el-caps-de-trocha-por-trabajos-en-obra","status":"publish","type":"post","link":"https:\/\/www.hoymercedes.com.ar\/principal\/2017\/08\/31\/reordenan-turnos-en-el-caps-de-trocha-por-trabajos-en-obra\/","title":{"rendered":"Reordenan turnos en el CAPS de Trocha por trabajos en obra"},"content":{"rendered":"<p>Tras la importante remodelaci\u00f3n del edificio del CAPS del Barrio Trocha se reprogramaron las atenciones m\u00e9dicas para barrio Los Robles y San Jos\u00e9. Son $180.000 para dar mejores atenciones y personal administrativo y profesional recorren la zona entregando en mano informaci\u00f3n a los vecinos para que no se pierda ni una sola atenci\u00f3n. \u201cEs un ejemplo de compromiso, seriedad y sentirse parte de la comunidad\u201d, destac\u00f3 el primer mandatario Ustarroz adem\u00e1s de ponderar la importancia de las reformas.<\/p>\n<p>El personal administrativo y profesionales que desarrollan actividades en el CAPS del Barrio Trocha est\u00e1n recorriendo la zona entregando, en mano, informaci\u00f3n de utilidad a los vecinos. Se trata de los detalles de las reprogramaciones en las atenciones m\u00e9dicas motivadas por las important\u00edsimas obras de remodelaci\u00f3n y puesta en valor que la Municipalidad inici\u00f3 con el objetivo de dar m\u00e1s y mejor atenci\u00f3n. Ya se hab\u00edan ampliado las prestaciones m\u00e9dicas.<\/p>\n<p>El primer mandatario local, Juan Ignacio Ustarroz, felicit\u00f3 al personal \u201cpor un compromiso que merece ser destacado, un compromiso con sus vecinos, con la salud\u201d y record\u00f3 que \u201cesta obra muestra la firme decisi\u00f3n pol\u00edtica de trabajar en la tem\u00e1tica, de seguir apostando al cuidado de todos los vecinos con esta inversi\u00f3n de $180.000 y que se suma a las acciones que incluyen tres Espacios de Primera Infancia, el CAPS Marchetti, el programa Mercedes Sonr\u00ede, Primeros Mil D\u00edas, el Centro Terap\u00e9utico Infantil, es decir, tratamos de ir por distintos canales a un mismo lugar que es el bienestar de los mercedinos\u201d.<\/p>\n<p>Por su parte, el Secretario de Salud, Pablo Cassiani, remarc\u00f3 que es una obra m\u00e1s de las que se han realizado y las que tenemos programadas porque \u201cnuestra mirada es integral, mejoramos desde los profesional y la atenci\u00f3n a la ampliaci\u00f3n de programar, pero, tambi\u00e9n en lo edilicio y el confort y para ello fue fundamental el arduo trabajo de gesti\u00f3n que demand\u00f3 lograr la habilitaci\u00f3n del CAPS\u201d, coment\u00f3.<\/p>\n<p>De esta manera, la gran cantidad de vecinos que habitualmente concurren a Trocha, pueden seguir sus atenciones reprogramando las consultas, moment\u00e1neamente, en los espacios de atenci\u00f3n en San Jos\u00e9 y Los Robles.<\/p>\n<p>Fuente; prensa municipal<\/p>\n<p><img loading=\"lazy\" decoding=\"async\" data-attachment-id=\"66611\" data-permalink=\"https:\/\/www.hoymercedes.com.ar\/principal\/2017\/08\/31\/reordenan-turnos-en-el-caps-de-trocha-por-trabajos-en-obra\/31-reprogramacion-trocha\/#main\" data-orig-file=\"https:\/\/www.hoymercedes.com.ar\/principal\/wp-content\/uploads\/2017\/08\/31-Reprogramaci\u00f3n-Trocha.jpeg\" data-orig-size=\"563,630\" data-comments-opened=\"0\" data-image-meta=\"{&quot;aperture&quot;:&quot;0&quot;,&quot;credit&quot;:&quot;&quot;,&quot;camera&quot;:&quot;&quot;,&quot;caption&quot;:&quot;&quot;,&quot;created_timestamp&quot;:&quot;0&quot;,&quot;copyright&quot;:&quot;&quot;,&quot;focal_length&quot;:&quot;0&quot;,&quot;iso&quot;:&quot;0&quot;,&quot;shutter_speed&quot;:&quot;0&quot;,&quot;title&quot;:&quot;&quot;,&quot;orientation&quot;:&quot;0&quot;}\" data-image-title=\"31 Reprogramaci\u00f3n-Trocha\" data-image-description=\"\" data-image-caption=\"\" data-large-file=\"https:\/\/www.hoymercedes.com.ar\/principal\/wp-content\/uploads\/2017\/08\/31-Reprogramaci\u00f3n-Trocha.jpeg\" class=\"aligncenter size-medium wp-image-66611\" src=\"https:\/\/www.hoymercedes.com.ar\/principal\/wp-content\/uploads\/2017\/08\/31-Reprogramaci\u00f3n-Trocha-554x620.jpeg\" alt=\"\" width=\"554\" height=\"620\" srcset=\"https:\/\/www.hoymercedes.com.ar\/principal\/wp-content\/uploads\/2017\/08\/31-Reprogramaci\u00f3n-Trocha-554x620.jpeg 554w, https:\/\/www.hoymercedes.com.ar\/principal\/wp-content\/uploads\/2017\/08\/31-Reprogramaci\u00f3n-Trocha-134x150.jpeg 134w, https:\/\/www.hoymercedes.com.ar\/principal\/wp-content\/uploads\/2017\/08\/31-Reprogramaci\u00f3n-Trocha.jpeg 563w\" sizes=\"auto, (max-width: 554px) 100vw, 554px\" \/><\/p>\n","protected":false},"excerpt":{"rendered":"<p>Tras la importante remodelaci\u00f3n del edificio del CAPS del Barrio Trocha se reprogramaron las atenciones m\u00e9dicas para barrio Los Robles &#8230; <a title=\"Reordenan turnos en el CAPS de Trocha por trabajos en obra\" class=\"read-more\" href=\"https:\/\/www.hoymercedes.com.ar\/principal\/2017\/08\/31\/reordenan-turnos-en-el-caps-de-trocha-por-trabajos-en-obra\/\" aria-label=\"Leer m\u00e1s sobre Reordenan turnos en el CAPS de Trocha por trabajos en obra\">Leer m\u00e1s<\/a><\/p>\n","protected":false},"author":1,"featured_media":66610,"comment_status":"closed","ping_status":"open","sticky":false,"template":"","format":"standard","meta":{"_monsterinsights_skip_tracking":false,"_monsterinsights_sitenote_active":false,"_monsterinsights_sitenote_note":"","_monsterinsights_sitenote_category":0,"jetpack_post_was_ever_published":false,"_jetpack_newsletter_access":"","_jetpack_dont_email_post_to_subs":false,"_jetpack_newsletter_tier_id":0,"_jetpack_memberships_contains_paywalled_content":false,"_jetpack_memberships_contains_paid_content":false,"footnotes":"","jetpack_publicize_message":"","jetpack_publicize_feature_enabled":true,"jetpack_social_post_already_shared":true,"jetpack_social_options":{"image_generator_settings":{"template":"highway","default_image_id":0,"font":"","enabled":false},"version":2},"_wpas_customize_per_network":false},"categories":[30],"tags":[1078,10,244,1014,134,1379],"class_list":["post-66609","post","type-post","status-publish","format-standard","has-post-thumbnail","hentry","category-municipio","tag-caps","tag-mercedes","tag-municipio-2","tag-obras","tag-salud","tag-trocha","generate-columns","tablet-grid-50","mobile-grid-100","grid-parent","grid-50"],"jetpack_publicize_connections":[],"jetpack_featured_media_url":"https:\/\/www.hoymercedes.com.ar\/principal\/wp-content\/uploads\/2017\/08\/31-Trocha.jpg","wps_subtitle":"Salud Municipal","jetpack_sharing_enabled":true,"_links":{"self":[{"href":"https:\/\/www.hoymercedes.com.ar\/principal\/wp-json\/wp\/v2\/posts\/66609","targetHints":{"allow":["GET"]}}],"collection":[{"href":"https:\/\/www.hoymercedes.com.ar\/principal\/wp-json\/wp\/v2\/posts"}],"about":[{"href":"https:\/\/www.hoymercedes.com.ar\/principal\/wp-json\/wp\/v2\/types\/post"}],"author":[{"embeddable":true,"href":"https:\/\/www.hoymercedes.com.ar\/principal\/wp-json\/wp\/v2\/users\/1"}],"replies":[{"embeddable":true,"href":"https:\/\/www.hoymercedes.com.ar\/principal\/wp-json\/wp\/v2\/comments?post=66609"}],"version-history":[{"count":0,"href":"https:\/\/www.hoymercedes.com.ar\/principal\/wp-json\/wp\/v2\/posts\/66609\/revisions"}],"wp:featuredmedia":[{"embeddable":true,"href":"https:\/\/www.hoymercedes.com.ar\/principal\/wp-json\/wp\/v2\/media\/66610"}],"wp:attachment":[{"href":"https:\/\/www.hoymercedes.com.ar\/principal\/wp-json\/wp\/v2\/media?parent=66609"}],"wp:term":[{"taxonomy":"category","embeddable":true,"href":"https:\/\/www.hoymercedes.com.ar\/principal\/wp-json\/wp\/v2\/categories?post=66609"},{"taxonomy":"post_tag","embeddable":true,"href":"https:\/\/www.hoymercedes.com.ar\/principal\/wp-json\/wp\/v2\/tags?post=66609"}],"curies":[{"name":"wp","href":"https:\/\/api.w.org\/{rel}","templated":true}]}}