{"id":6662,"date":"2011-08-24T03:52:17","date_gmt":"2011-08-24T03:52:17","guid":{"rendered":"http:\/\/www.hoymercedes.com.ar\/principal\/?p=6662"},"modified":"2011-08-24T03:52:17","modified_gmt":"2011-08-24T03:52:17","slug":"juan-ustarroz-festeja-el-dia-del-nino-en-los-barrios","status":"publish","type":"post","link":"https:\/\/www.hoymercedes.com.ar\/principal\/2011\/08\/24\/juan-ustarroz-festeja-el-dia-del-nino-en-los-barrios\/","title":{"rendered":"Juan Ustarroz festeja el dia del ni\u00f1o en los barrios"},"content":{"rendered":"<p><a href=\"https:\/\/www.hoymercedes.com.ar\/principal\/wp-content\/uploads\/2011\/08\/diani\u00f1o-frente-ustarroz.jpg\"><img loading=\"lazy\" decoding=\"async\" data-attachment-id=\"6664\" data-permalink=\"https:\/\/www.hoymercedes.com.ar\/principal\/2011\/08\/24\/juan-ustarroz-festeja-el-dia-del-nino-en-los-barrios\/dianino-frente-ustarroz\/#main\" data-orig-file=\"https:\/\/www.hoymercedes.com.ar\/principal\/wp-content\/uploads\/2011\/08\/diani\u00f1o-frente-ustarroz.jpg\" data-orig-size=\"605,402\" data-comments-opened=\"1\" data-image-meta=\"{&quot;aperture&quot;:&quot;5&quot;,&quot;credit&quot;:&quot;Moreira Mario Hugo    FOTOGRAFIA&quot;,&quot;camera&quot;:&quot;NIKON D300&quot;,&quot;caption&quot;:&quot;&quot;,&quot;created_timestamp&quot;:&quot;1313948281&quot;,&quot;copyright&quot;:&quot;AW Fotografia   Moreira Mario Hugo&quot;,&quot;focal_length&quot;:&quot;18&quot;,&quot;iso&quot;:&quot;400&quot;,&quot;shutter_speed&quot;:&quot;0.005&quot;,&quot;title&quot;:&quot;&quot;}\" data-image-title=\"diani\u00f1o-frente-ustarroz\" data-image-description=\"\" data-image-caption=\"\" data-large-file=\"https:\/\/www.hoymercedes.com.ar\/principal\/wp-content\/uploads\/2011\/08\/diani\u00f1o-frente-ustarroz.jpg\" class=\"aligncenter size-full wp-image-6664\" title=\"diani\u00f1o-frente-ustarroz\" src=\"https:\/\/www.hoymercedes.com.ar\/principal\/wp-content\/uploads\/2011\/08\/diani\u00f1o-frente-ustarroz.jpg\" alt=\"\" width=\"605\" height=\"402\" \/><\/a><\/p>\n<p>El candidato a intendente del Frente Mercedino para la Victoria junto a su equipo de trabajo realizo una jornada por los festejos del dia del ni\u00f1o, esta cuenta con una recorrida por mas de 25 barrios de Mercedes, compartiendo este dia tan especial con los chicos de las barriadas.<\/p>\n<p>En la organizaci\u00f3n en conjunto con los vecinos de la ciudad se pudo ver a mucha militancia y a muchos vecinos que se han sumado al proyecto de Ustarroz d\u00e1ndole ese impulso por el que el Frente trabaja.<\/p>\n<p>En horas de la ma\u00f1ana del s\u00e1bado ya se pod\u00eda ver a los organizadores junto a los referentes barriales y Juan Ustarroz en el local del Frente Mercedino diagramando como iban a ser las actividades y los barrios a visitar, los lugares donde se llevaria a cabo esta multitudinaria jornada y donde se seguir\u00e1 el fin de semana que viene debido a la gran demanda de barrios que deseaban que se realicen estos festejos.<\/p>\n<p>En dialogo con los equipos de profesionales que estaban a cargo de toda esta movida hablamos con los Profesores de Educacion Fisica Mirta Ricomini y Fabian Brandoni que nos contaron como surgi\u00f3 esta jornada:\u201dLa idea surge por parte de algunos referentes de los barrios , que sintieron la necesidad de hacer el festejo del dia del ni\u00f1o y a partir de la captaci\u00f3n de esa necesidad es que el Frente Mercedino toma la decisi\u00f3n de acompa\u00f1ar y ayudar esos barrios en todo lo que tiene que ver con la parte organizativa, nosotros lo que garantizamos fue la llegada de una chocolatada para los pibes del barrio, de peloteros y por sobre todo trabajamos mucho para conseguir que puedan tener un juguete en su dia\u201d<\/p>\n<p>\u201cNosotros lo \u00fanico que le pedimos a los barrios fue que nos provean de un lugar para calentar la chocolatada, adultos responsables para el cuidado de los ni\u00f1os y que ellos participen por sobre todas las cosas, le dimos algunas ideas de c\u00f3mo se ten\u00edan que organizar para que pasen una linda tarde\u201d<\/p>\n<p>\u201cDentro de las actividades que se realizaron en cada uno de los barrios tuvimos en cuenta a cada barrio que tiene su idiosincrasia y su organizaci\u00f3n, respetando quiz\u00e1 a cada barrio para que pueda festejar como lo venia haciendo a\u00f1os anteriores pero tuvimos muy en cuenta que tipo de juegos se pod\u00edan realizar, asi que desde la parte pedag\u00f3gica dimos algunas herramientas que tienen que ver con la seguridad por ejemplo en los peloteros se lleva un control estricto de normas de seguridad o por ejemplo el uso de la famosa \u00a8pi\u00f1ata\u00a8, nosotros sugerimos que no porque es un juego altamente ego\u00edsta donde muchos agarran golosinas y otros nada, hablamos de juegos mas cooperativos y solidarios, juegos que fortalezcan valores como la amistad, la paz, el servicio hacia el compa\u00f1ero, por eso sugerimos a los referentes de los barrios respetar esos criterios para fortalecer el barrio que se puedan compartir cosas en comunes con su vecino\u201d<\/p>\n<p>Cristina del barrio Trocha por ejemplo nos dec\u00eda:\u201dLa verdad que quiero felicitar a Juani y todos los integrantes del Frente por la predisposici\u00f3n que han demostrado y por volver a llenar de alegr\u00eda las calles del barrio, esto hace mucho tiempo que no lo ve\u00eda, compartir una tarde espectacular junto a mis nietos no tiene precio, la alegr\u00eda en sus caritas me emociona\u201d<\/p>\n<p>El dia s\u00e1bado 20 a partir de las 14 se comenz\u00f3 con los festejos en los barrios America, Marchetti, Facundo Quiroga, Mitre, Amistad, Malvinas y San Justo, la recorrida sigui\u00f3 el dia domingo en los barrios Villa Industrial Este y Oeste, Lomas del Pacifico, La Colina, Almafuerte, Obrero, Virgen del Rosario, Guemes, Blandengues, Pe\u00f1aloza, Eva Duarte, Los Robles y Trocha y en el dia de hoy se realizaran los festejos en el Barrio Esperanza, Lopardo y Ravello.<\/p>\n<p>Estas jornadas del dia del ni\u00f1o culminaran el fin de semana venidero, el viernes en la Escuela n\u00b0 26 y finalmente en el barrio de la Gendarmeria, San Jorge y los pueblos vecinos de Gowland y Goldney.<\/p>\n","protected":false},"excerpt":{"rendered":"<p>El candidato a intendente del Frente Mercedino para la Victoria junto a su equipo de trabajo realizo una jornada por &#8230; <a title=\"Juan Ustarroz festeja el dia del ni\u00f1o en los barrios\" class=\"read-more\" href=\"https:\/\/www.hoymercedes.com.ar\/principal\/2011\/08\/24\/juan-ustarroz-festeja-el-dia-del-nino-en-los-barrios\/\" aria-label=\"Leer m\u00e1s sobre Juan Ustarroz festeja el dia del ni\u00f1o en los barrios\">Leer m\u00e1s<\/a><\/p>\n","protected":false},"author":1,"featured_media":0,"comment_status":"open","ping_status":"open","sticky":false,"template":"","format":"standard","meta":{"_monsterinsights_skip_tracking":false,"_monsterinsights_sitenote_active":false,"_monsterinsights_sitenote_note":"","_monsterinsights_sitenote_category":0,"jetpack_post_was_ever_published":false,"_jetpack_newsletter_access":"","_jetpack_dont_email_post_to_subs":false,"_jetpack_newsletter_tier_id":0,"_jetpack_memberships_contains_paywalled_content":false,"_jetpack_memberships_contains_paid_content":false,"footnotes":"","jetpack_publicize_message":"","jetpack_publicize_feature_enabled":true,"jetpack_social_post_already_shared":false,"jetpack_social_options":{"image_generator_settings":{"template":"highway","default_image_id":0,"font":"","enabled":false},"version":2},"_wpas_customize_per_network":false},"categories":[5],"tags":[1174,424],"class_list":["post-6662","post","type-post","status-publish","format-standard","hentry","category-politica","tag-dia-del-nino","tag-ustarroz","generate-columns","tablet-grid-50","mobile-grid-100","grid-parent","grid-50"],"jetpack_publicize_connections":[],"jetpack_featured_media_url":"","wps_subtitle":"","jetpack_sharing_enabled":true,"_links":{"self":[{"href":"https:\/\/www.hoymercedes.com.ar\/principal\/wp-json\/wp\/v2\/posts\/6662","targetHints":{"allow":["GET"]}}],"collection":[{"href":"https:\/\/www.hoymercedes.com.ar\/principal\/wp-json\/wp\/v2\/posts"}],"about":[{"href":"https:\/\/www.hoymercedes.com.ar\/principal\/wp-json\/wp\/v2\/types\/post"}],"author":[{"embeddable":true,"href":"https:\/\/www.hoymercedes.com.ar\/principal\/wp-json\/wp\/v2\/users\/1"}],"replies":[{"embeddable":true,"href":"https:\/\/www.hoymercedes.com.ar\/principal\/wp-json\/wp\/v2\/comments?post=6662"}],"version-history":[{"count":0,"href":"https:\/\/www.hoymercedes.com.ar\/principal\/wp-json\/wp\/v2\/posts\/6662\/revisions"}],"wp:attachment":[{"href":"https:\/\/www.hoymercedes.com.ar\/principal\/wp-json\/wp\/v2\/media?parent=6662"}],"wp:term":[{"taxonomy":"category","embeddable":true,"href":"https:\/\/www.hoymercedes.com.ar\/principal\/wp-json\/wp\/v2\/categories?post=6662"},{"taxonomy":"post_tag","embeddable":true,"href":"https:\/\/www.hoymercedes.com.ar\/principal\/wp-json\/wp\/v2\/tags?post=6662"}],"curies":[{"name":"wp","href":"https:\/\/api.w.org\/{rel}","templated":true}]}}