{"id":66662,"date":"2017-09-01T16:47:18","date_gmt":"2017-09-01T19:47:18","guid":{"rendered":"http:\/\/www.hoymercedes.com.ar\/principal\/?p=66662"},"modified":"2017-09-02T16:28:34","modified_gmt":"2017-09-02T19:28:34","slug":"la-sub-15-de-mercedes-derroto-a-chacabuco-en-el-debut","status":"publish","type":"post","link":"https:\/\/www.hoymercedes.com.ar\/principal\/2017\/09\/01\/la-sub-15-de-mercedes-derroto-a-chacabuco-en-el-debut\/","title":{"rendered":"La Sub 15 de Mercedes derrot\u00f3 a Chacabuco en el debut"},"content":{"rendered":"<p><em><strong>Para la Selecci\u00f3n Sub 15 de Mercedes comenz\u00f3 el torneo Nacional de Selecciones organizado por el Consejo Federal. Tras haber quedado libre en el debut, el conjunto dirigido por Diego Silvestre y Juan Pablo Vitetta, debut\u00f3 este mi\u00e9rcoles ante su par de Chacabuco en cancha de la Liga Mercedina y consigui\u00f3 un importante triunfo por 3 a 1.<\/strong><\/em><\/p>\n<p><img loading=\"lazy\" decoding=\"async\" data-attachment-id=\"66663\" data-permalink=\"https:\/\/www.hoymercedes.com.ar\/principal\/2017\/09\/01\/la-sub-15-de-mercedes-derroto-a-chacabuco-en-el-debut\/seleccion-sub-15-mercedes-2017\/#main\" data-orig-file=\"https:\/\/www.hoymercedes.com.ar\/principal\/wp-content\/uploads\/2017\/09\/Seleccion-Sub-15-Mercedes-2017.jpg\" data-orig-size=\"1024,683\" data-comments-opened=\"0\" data-image-meta=\"{&quot;aperture&quot;:&quot;3.5&quot;,&quot;credit&quot;:&quot;&quot;,&quot;camera&quot;:&quot;Canon EOS DIGITAL REBEL XSi&quot;,&quot;caption&quot;:&quot;&quot;,&quot;created_timestamp&quot;:&quot;1504126017&quot;,&quot;copyright&quot;:&quot;&quot;,&quot;focal_length&quot;:&quot;20&quot;,&quot;iso&quot;:&quot;1600&quot;,&quot;shutter_speed&quot;:&quot;0.00625&quot;,&quot;title&quot;:&quot;&quot;,&quot;orientation&quot;:&quot;1&quot;}\" data-image-title=\"Seleccion Sub 15 Mercedes 2017\" data-image-description=\"\" data-image-caption=\"\" data-large-file=\"https:\/\/www.hoymercedes.com.ar\/principal\/wp-content\/uploads\/2017\/09\/Seleccion-Sub-15-Mercedes-2017-1024x683.jpg\" class=\"aligncenter size-medium wp-image-66663\" src=\"https:\/\/www.hoymercedes.com.ar\/principal\/wp-content\/uploads\/2017\/09\/Seleccion-Sub-15-Mercedes-2017-630x420.jpg\" alt=\"\" width=\"630\" height=\"420\" srcset=\"https:\/\/www.hoymercedes.com.ar\/principal\/wp-content\/uploads\/2017\/09\/Seleccion-Sub-15-Mercedes-2017-630x420.jpg 630w, https:\/\/www.hoymercedes.com.ar\/principal\/wp-content\/uploads\/2017\/09\/Seleccion-Sub-15-Mercedes-2017-150x100.jpg 150w, https:\/\/www.hoymercedes.com.ar\/principal\/wp-content\/uploads\/2017\/09\/Seleccion-Sub-15-Mercedes-2017.jpg 1024w, https:\/\/www.hoymercedes.com.ar\/principal\/wp-content\/uploads\/2017\/09\/Seleccion-Sub-15-Mercedes-2017-300x200.jpg 300w\" sizes=\"auto, (max-width: 630px) 100vw, 630px\" \/><\/p>\n<p>Tras un primer tiempo sin goles,\u00a0\u00a0Valentino Vitetta puso el 1 a 0 en el complemento a los 12 minutos con un tiro penal y ampli\u00f3 la diferencia un gol en contra de Valent\u00edn Abaca a los 20. Luego, el propio Abaca achic\u00f3 distancia a los 25, pero a los 29, Jenaro Mustoni puso el 3 a 1 final.<\/p>\n<p>Ahora se vendr\u00e1 Chivilcoy, el pr\u00f3ximo mi\u00e9rcoles, en condici\u00f3n de visitante, por la tercera fecha. Luego volver\u00e1 a quedar libre para retomar viajando a Chacabuco y cerrar como local, ante Chivilcoy.<\/p>\n<p>&nbsp;<\/p>\n<p><strong>Selecci\u00f3n Mercedes 3:<\/strong>\u00a0Agust\u00edn Moles, Joaqu\u00edn Andreoli, Cristian Ullua, Juan Musso, Marcos Nieves, Tom\u00e1s Deluca, Jer\u00f3nimo Mustoni, Dante Garc\u00eda, Lucio R\u00edos, Jerem\u00edas Quintana y Valentino Vitetta.\u00a0<strong>DT:<\/strong>\u00a0Diego Silvestre y Juan Vitetta.\u00a0<strong>Suplentes:\u00a0<\/strong>Felipe Fededullo, Joaqu\u00edn Batista Homero Gelves.<br \/>\n<strong>Selecci\u00f3n Chacabuco 1:<\/strong>\u00a0Santiago Fain, Mat\u00edas Varela, Augusto Barcena, Santiago Diagiacomo, Mateo Olivera, Valent\u00edn Abaca, Ari\u00e1n Burgos, Leonardo D\u00edaz, Federico Nani, Tom\u00e1s Tulli y Alexander L\u00f3pez.\u00a0<strong>DT:<\/strong>\u00a0Gabriel Cicerchia.\u00a0<strong>Suplentes:\u00a0<\/strong>Lucas Casanova, Nole Pietro, Nicol\u00e1s Escobedo y Valent\u00edn Minchili.<\/p>\n<p><strong>Goles en el ST:<\/strong>\u00a0A los 12\u2019 de penal Valentino Vitetta, 20\u2019Valent\u00edn Abaca en contra para Mercedes, 25\u2019 Valent\u00edn Abaca de penal para Chacabuco y a los 29\u2019 Jenaro Mustoni para Mercedes.<br \/>\n<strong>Cambios:<\/strong>\u00a0Valent\u00edn Rossi por Cristian Ullua, Franco Cruz por Valentino Vitetta, Fausto Guzm\u00e1n por Lucio R\u00edos y Mateo Battoia por Juan Musso en Mercedes. Dante Bruno por Ari\u00e1n Burgos, El\u00edas Garc\u00eda por Federico Nani y Paulo Coronel por Santiago Digiacomo en Chacabuco.<br \/>\n<strong>Arbitro:\u00a0<\/strong>N\u00e9stor Cardozo (Liga de Z\u00e1rate).<\/p>\n","protected":false},"excerpt":{"rendered":"<p>Para la Selecci\u00f3n Sub 15 de Mercedes comenz\u00f3 el torneo Nacional de Selecciones organizado por el Consejo Federal. Tras haber &#8230; <a title=\"La Sub 15 de Mercedes derrot\u00f3 a Chacabuco en el debut\" class=\"read-more\" href=\"https:\/\/www.hoymercedes.com.ar\/principal\/2017\/09\/01\/la-sub-15-de-mercedes-derroto-a-chacabuco-en-el-debut\/\" aria-label=\"Leer m\u00e1s sobre La Sub 15 de Mercedes derrot\u00f3 a Chacabuco en el debut\">Leer m\u00e1s<\/a><\/p>\n","protected":false},"author":1,"featured_media":66663,"comment_status":"closed","ping_status":"open","sticky":false,"template":"","format":"standard","meta":{"_monsterinsights_skip_tracking":false,"_monsterinsights_sitenote_active":false,"_monsterinsights_sitenote_note":"","_monsterinsights_sitenote_category":0,"jetpack_post_was_ever_published":false,"_jetpack_newsletter_access":"","_jetpack_dont_email_post_to_subs":false,"_jetpack_newsletter_tier_id":0,"_jetpack_memberships_contains_paywalled_content":false,"_jetpack_memberships_contains_paid_content":false,"footnotes":"","jetpack_publicize_message":"","jetpack_publicize_feature_enabled":true,"jetpack_social_post_already_shared":true,"jetpack_social_options":{"image_generator_settings":{"template":"highway","default_image_id":0,"font":"","enabled":false},"version":2},"_wpas_customize_per_network":false},"categories":[21],"tags":[204,1003,10,11800,11323],"class_list":["post-66662","post","type-post","status-publish","format-standard","has-post-thumbnail","hentry","category-deportes","tag-deportes-2","tag-futbol","tag-mercedes","tag-nacional-de-selecciones","tag-sub-15","generate-columns","tablet-grid-50","mobile-grid-100","grid-parent","grid-50"],"jetpack_publicize_connections":[],"jetpack_featured_media_url":"https:\/\/www.hoymercedes.com.ar\/principal\/wp-content\/uploads\/2017\/09\/Seleccion-Sub-15-Mercedes-2017.jpg","wps_subtitle":"Nacional de Selecciones","jetpack_sharing_enabled":true,"_links":{"self":[{"href":"https:\/\/www.hoymercedes.com.ar\/principal\/wp-json\/wp\/v2\/posts\/66662","targetHints":{"allow":["GET"]}}],"collection":[{"href":"https:\/\/www.hoymercedes.com.ar\/principal\/wp-json\/wp\/v2\/posts"}],"about":[{"href":"https:\/\/www.hoymercedes.com.ar\/principal\/wp-json\/wp\/v2\/types\/post"}],"author":[{"embeddable":true,"href":"https:\/\/www.hoymercedes.com.ar\/principal\/wp-json\/wp\/v2\/users\/1"}],"replies":[{"embeddable":true,"href":"https:\/\/www.hoymercedes.com.ar\/principal\/wp-json\/wp\/v2\/comments?post=66662"}],"version-history":[{"count":0,"href":"https:\/\/www.hoymercedes.com.ar\/principal\/wp-json\/wp\/v2\/posts\/66662\/revisions"}],"wp:featuredmedia":[{"embeddable":true,"href":"https:\/\/www.hoymercedes.com.ar\/principal\/wp-json\/wp\/v2\/media\/66663"}],"wp:attachment":[{"href":"https:\/\/www.hoymercedes.com.ar\/principal\/wp-json\/wp\/v2\/media?parent=66662"}],"wp:term":[{"taxonomy":"category","embeddable":true,"href":"https:\/\/www.hoymercedes.com.ar\/principal\/wp-json\/wp\/v2\/categories?post=66662"},{"taxonomy":"post_tag","embeddable":true,"href":"https:\/\/www.hoymercedes.com.ar\/principal\/wp-json\/wp\/v2\/tags?post=66662"}],"curies":[{"name":"wp","href":"https:\/\/api.w.org\/{rel}","templated":true}]}}