{"id":66665,"date":"2017-09-03T12:20:08","date_gmt":"2017-09-03T15:20:08","guid":{"rendered":"http:\/\/www.hoymercedes.com.ar\/principal\/?p=66665"},"modified":"2017-09-02T16:37:39","modified_gmt":"2017-09-02T19:37:39","slug":"juan-martinez-volvera-a-pelear-a-nivel-profesional","status":"publish","type":"post","link":"https:\/\/www.hoymercedes.com.ar\/principal\/2017\/09\/03\/juan-martinez-volvera-a-pelear-a-nivel-profesional\/","title":{"rendered":"Juan Mart\u00ednez volver\u00e1 a pelear a nivel profesional"},"content":{"rendered":"<p><em><strong>El programa radial Autobox, que se emite por FM La Tribuna, tom\u00f3 contacto con Ricardo Montes, entrenador de boxeo,\u00a0<\/strong><span class=\"x_gmail-text_exposed_show\"><strong>para conocer mas sobre el presente de dicha instituci\u00f3n.<\/strong><br \/>\n<\/span><\/em><\/p>\n<p><img loading=\"lazy\" decoding=\"async\" data-attachment-id=\"65944\" data-permalink=\"https:\/\/www.hoymercedes.com.ar\/principal\/2017\/08\/12\/debut-con-derrota-para-juan-martinez-en-cordoba-video\/juan-martinez-debut\/#main\" data-orig-file=\"https:\/\/www.hoymercedes.com.ar\/principal\/wp-content\/uploads\/2017\/08\/Juan-Martinez-debut.jpg\" data-orig-size=\"960,666\" data-comments-opened=\"0\" data-image-meta=\"{&quot;aperture&quot;:&quot;0&quot;,&quot;credit&quot;:&quot;&quot;,&quot;camera&quot;:&quot;&quot;,&quot;caption&quot;:&quot;&quot;,&quot;created_timestamp&quot;:&quot;0&quot;,&quot;copyright&quot;:&quot;&quot;,&quot;focal_length&quot;:&quot;0&quot;,&quot;iso&quot;:&quot;0&quot;,&quot;shutter_speed&quot;:&quot;0&quot;,&quot;title&quot;:&quot;&quot;,&quot;orientation&quot;:&quot;0&quot;}\" data-image-title=\"Juan Martinez debut\" data-image-description=\"\" data-image-caption=\"\" data-large-file=\"https:\/\/www.hoymercedes.com.ar\/principal\/wp-content\/uploads\/2017\/08\/Juan-Martinez-debut.jpg\" class=\"aligncenter size-medium wp-image-65944\" src=\"https:\/\/www.hoymercedes.com.ar\/principal\/wp-content\/uploads\/2017\/08\/Juan-Martinez-debut-630x437.jpg\" alt=\"\" width=\"630\" height=\"437\" srcset=\"https:\/\/www.hoymercedes.com.ar\/principal\/wp-content\/uploads\/2017\/08\/Juan-Martinez-debut-630x437.jpg 630w, https:\/\/www.hoymercedes.com.ar\/principal\/wp-content\/uploads\/2017\/08\/Juan-Martinez-debut-150x104.jpg 150w, https:\/\/www.hoymercedes.com.ar\/principal\/wp-content\/uploads\/2017\/08\/Juan-Martinez-debut.jpg 960w\" sizes=\"auto, (max-width: 630px) 100vw, 630px\" \/><\/p>\n<p><span class=\"x_gmail-text_exposed_show\">La \u00abPromesa\u00bb Lujanense Papeschi intentar\u00e1 retener su corona Latina del CMB el proximo 9 de Septiembre en el Tattersal, que se encuentra dentro del edificio h\u00edpico de San Isidro. Ser\u00e1 con entrada libre y gratuita, donde enfrentar\u00e1 a Francisco Torres. El evento sera transmitido por Tyc Sports.<br \/>\n<\/span><\/p>\n<p><span class=\"x_gmail-text_exposed_show\">El boxeador mercedino Juan Mart\u00ednez, viene de debutar como boxeador rentado ante Maximiliano Coronel en la provincia de Cordoba, el cual Montes califico como \u00abpositivo, ya que tuvo que esperar mucho para debutar, y tuvo la bendicion de ser televisado en directo\u00bb. Volver\u00e1 a combatir en Mercedes el pr\u00f3ximo 7 de octubre en el Complejo Cultural La Trocha. El evento tendr\u00e1 una buena cartelera de caracter amateur con 12 combates de los cuales 7 tendr\u00e1n t\u00edtulos en juego. En los pr\u00f3ximos d\u00edas el Municipio local comenzara la difusi\u00f3n y carteler\u00eda de dicho evento.<\/span><\/p>\n<div><span class=\"x_gmail-text_exposed_show\">Escucha la palabra de\u00a0Ricardo Montes\u00a0en este video<br \/>\n<\/span><\/div>\n<div><\/div>\n<div>\n<p><span class=\"embed-youtube\" style=\"text-align:center; display: block;\"><iframe loading=\"lazy\" class=\"youtube-player\" width=\"1200\" height=\"675\" src=\"https:\/\/www.youtube.com\/embed\/3x258JHIaYY?version=3&#038;rel=1&#038;showsearch=0&#038;showinfo=1&#038;iv_load_policy=1&#038;fs=1&#038;hl=es-ES&#038;autohide=2&#038;start=5&#038;wmode=transparent\" allowfullscreen=\"true\" style=\"border:0;\" sandbox=\"allow-scripts allow-same-origin allow-popups allow-presentation allow-popups-to-escape-sandbox\"><\/iframe><\/span><\/p>\n<\/div>\n<div><\/div>\n","protected":false},"excerpt":{"rendered":"<p>El programa radial Autobox, que se emite por FM La Tribuna, tom\u00f3 contacto con Ricardo Montes, entrenador de boxeo,\u00a0para conocer &#8230; <a title=\"Juan Mart\u00ednez volver\u00e1 a pelear a nivel profesional\" class=\"read-more\" href=\"https:\/\/www.hoymercedes.com.ar\/principal\/2017\/09\/03\/juan-martinez-volvera-a-pelear-a-nivel-profesional\/\" aria-label=\"Leer m\u00e1s sobre Juan Mart\u00ednez volver\u00e1 a pelear a nivel profesional\">Leer m\u00e1s<\/a><\/p>\n","protected":false},"author":1,"featured_media":65944,"comment_status":"closed","ping_status":"open","sticky":false,"template":"","format":"standard","meta":{"_monsterinsights_skip_tracking":false,"_monsterinsights_sitenote_active":false,"_monsterinsights_sitenote_note":"","_monsterinsights_sitenote_category":0,"jetpack_post_was_ever_published":false,"_jetpack_newsletter_access":"","_jetpack_dont_email_post_to_subs":false,"_jetpack_newsletter_tier_id":0,"_jetpack_memberships_contains_paywalled_content":false,"_jetpack_memberships_contains_paid_content":false,"footnotes":"","jetpack_publicize_message":"","jetpack_publicize_feature_enabled":true,"jetpack_social_post_already_shared":true,"jetpack_social_options":{"image_generator_settings":{"template":"highway","default_image_id":0,"font":"","enabled":false},"version":2},"_wpas_customize_per_network":false},"categories":[21],"tags":[1279,204,11687,10],"class_list":["post-66665","post","type-post","status-publish","format-standard","has-post-thumbnail","hentry","category-deportes","tag-boxeo","tag-deportes-2","tag-juan-martinez","tag-mercedes","generate-columns","tablet-grid-50","mobile-grid-100","grid-parent","grid-50"],"jetpack_publicize_connections":[],"jetpack_featured_media_url":"https:\/\/www.hoymercedes.com.ar\/principal\/wp-content\/uploads\/2017\/08\/Juan-Martinez-debut.jpg","wps_subtitle":"Boxeo","jetpack_sharing_enabled":true,"_links":{"self":[{"href":"https:\/\/www.hoymercedes.com.ar\/principal\/wp-json\/wp\/v2\/posts\/66665","targetHints":{"allow":["GET"]}}],"collection":[{"href":"https:\/\/www.hoymercedes.com.ar\/principal\/wp-json\/wp\/v2\/posts"}],"about":[{"href":"https:\/\/www.hoymercedes.com.ar\/principal\/wp-json\/wp\/v2\/types\/post"}],"author":[{"embeddable":true,"href":"https:\/\/www.hoymercedes.com.ar\/principal\/wp-json\/wp\/v2\/users\/1"}],"replies":[{"embeddable":true,"href":"https:\/\/www.hoymercedes.com.ar\/principal\/wp-json\/wp\/v2\/comments?post=66665"}],"version-history":[{"count":0,"href":"https:\/\/www.hoymercedes.com.ar\/principal\/wp-json\/wp\/v2\/posts\/66665\/revisions"}],"wp:featuredmedia":[{"embeddable":true,"href":"https:\/\/www.hoymercedes.com.ar\/principal\/wp-json\/wp\/v2\/media\/65944"}],"wp:attachment":[{"href":"https:\/\/www.hoymercedes.com.ar\/principal\/wp-json\/wp\/v2\/media?parent=66665"}],"wp:term":[{"taxonomy":"category","embeddable":true,"href":"https:\/\/www.hoymercedes.com.ar\/principal\/wp-json\/wp\/v2\/categories?post=66665"},{"taxonomy":"post_tag","embeddable":true,"href":"https:\/\/www.hoymercedes.com.ar\/principal\/wp-json\/wp\/v2\/tags?post=66665"}],"curies":[{"name":"wp","href":"https:\/\/api.w.org\/{rel}","templated":true}]}}