{"id":66672,"date":"2017-09-02T18:00:35","date_gmt":"2017-09-02T21:00:35","guid":{"rendered":"http:\/\/www.hoymercedes.com.ar\/principal\/?p=66672"},"modified":"2017-09-02T17:12:24","modified_gmt":"2017-09-02T20:12:24","slug":"mercedes-sonrie-se-amplia-y-abre-100-nuevas-atenciones-en-el-c-i-c","status":"publish","type":"post","link":"https:\/\/www.hoymercedes.com.ar\/principal\/2017\/09\/02\/mercedes-sonrie-se-amplia-y-abre-100-nuevas-atenciones-en-el-c-i-c\/","title":{"rendered":"\u201cMercedes Sonr\u00ede\u201d se ampl\u00eda y abre 100 nuevas atenciones en el C.I.C"},"content":{"rendered":"<p>los 100 nuevos cupos equivalen a 1000 turnos. Se suma personal y se inicia un proceso en la zona norte de la ciudad para que el programa llegue a cada vez m\u00e1s vecinos. Ustarroz recalc\u00f3 que es un programa que impacta en la salud y en la felicidad de los vecinos.<\/p>\n<p><img loading=\"lazy\" decoding=\"async\" data-attachment-id=\"66673\" data-permalink=\"https:\/\/www.hoymercedes.com.ar\/principal\/2017\/09\/02\/mercedes-sonrie-se-amplia-y-abre-100-nuevas-atenciones-en-el-c-i-c\/02-mercedes-sonrie-2\/#main\" data-orig-file=\"https:\/\/www.hoymercedes.com.ar\/principal\/wp-content\/uploads\/2017\/09\/02-Mercedes-Sonrie-2.jpg\" data-orig-size=\"630,421\" data-comments-opened=\"0\" data-image-meta=\"{&quot;aperture&quot;:&quot;0&quot;,&quot;credit&quot;:&quot;&quot;,&quot;camera&quot;:&quot;&quot;,&quot;caption&quot;:&quot;&quot;,&quot;created_timestamp&quot;:&quot;0&quot;,&quot;copyright&quot;:&quot;&quot;,&quot;focal_length&quot;:&quot;0&quot;,&quot;iso&quot;:&quot;0&quot;,&quot;shutter_speed&quot;:&quot;0&quot;,&quot;title&quot;:&quot;&quot;,&quot;orientation&quot;:&quot;0&quot;}\" data-image-title=\"02 Mercedes-Sonrie-2\" data-image-description=\"\" data-image-caption=\"\" data-large-file=\"https:\/\/www.hoymercedes.com.ar\/principal\/wp-content\/uploads\/2017\/09\/02-Mercedes-Sonrie-2.jpg\" class=\"aligncenter size-medium wp-image-66673\" src=\"https:\/\/www.hoymercedes.com.ar\/principal\/wp-content\/uploads\/2017\/09\/02-Mercedes-Sonrie-2-630x421.jpg\" alt=\"\" width=\"630\" height=\"421\" srcset=\"https:\/\/www.hoymercedes.com.ar\/principal\/wp-content\/uploads\/2017\/09\/02-Mercedes-Sonrie-2.jpg 630w, https:\/\/www.hoymercedes.com.ar\/principal\/wp-content\/uploads\/2017\/09\/02-Mercedes-Sonrie-2-150x100.jpg 150w, https:\/\/www.hoymercedes.com.ar\/principal\/wp-content\/uploads\/2017\/09\/02-Mercedes-Sonrie-2-300x200.jpg 300w\" sizes=\"auto, (max-width: 630px) 100vw, 630px\" \/><\/p>\n<p>En el espacio del Centro Integrador Complementario, que adem\u00e1s est\u00e1 siendo parte de reformas y puesta en valor muy importante, para dar mejor atenci\u00f3n a todos los vecinos, se llev\u00f3 a cabo el anuncio.<\/p>\n<p>El intendente Juan Ignacio Ustarroz, coment\u00f3 que \u00abpara nosotros es un orgullo estar presentando la ampliaci\u00f3n del \u2018Programa Mercedes Sonr\u00ede\u2019 en el cual\u00a0 ya hemos llegado cuando estaban los dispositivos en La Trocha a 500 personas a los cuales se les han realizados pr\u00f3tesis nuevas, vecinos que por ah\u00ed no ten\u00edan la dentadura\u201d coment\u00f3 y remarc\u00f3 que \u201cesto ha generado una transformaci\u00f3n en su vida muy importante. Con el Dr Cassiani seguimos gestionando con la posibilidad de duplicar esos esfuerzos y esas cantidades que se han realizado en su momento\u201d sostuvo ante los medio y acompa\u00f1ado de los profesionales y personal del C.I.C<\/p>\n<p>M\u00e1s adelante remarc\u00f3 que \u201ceste es un Programa que cuando uno ve el final en el paciente, casi todos hacen referencia a\u00a0 lo mismo y es a que antes le costaba sonre\u00edr, antes le costaba hablar, y el tema de la boca hace que uno se vaya excluyendo, hemos conocido a muchas de esas personas y el resultado es un\u00e1nime, todos est\u00e1n muy contentos, y como dio buen resultado y\u00a0 lo que es bueno hay que continuarlo y hacer esfuerzo y trabajo para poder ampliarlo\u00bb afirm\u00f3 Ustarroz, en una nueva medida que da amplios beneficios sociales a los vecinos.<\/p>\n<p>Por su parte, el Secretario de Salud, Pablo Cassiani, coment\u00f3 que \u201cvamos a hacer lo mismo que hicimos en la trocha con la incorporaci\u00f3n de una nueva odont\u00f3loga que va a estar atendiendo y haciendo la rehabilitaci\u00f3n en los consultorios del CIC, inaugurados el a\u00f1o pasado. A partir de hoy se empiezan a inscribir cien nuevos pacientes que equivales a 1000 turnos, aproximadamente, porque cada persona equivale a 10 turnos, depende la gravedad del caso\u00bb.<\/p>\n<p>&nbsp;<\/p>\n<p>&nbsp;<\/p>\n<p>Nueva coordinaci\u00f3n<\/p>\n<p>El intendente aprovecho la ocasi\u00f3n para presentar a la nueva Coordinadora del C.I.C, la Dra Anal\u00eda Serebrisky y destac\u00f3 que \u00abla f\u00f3rmula es constituir equipos de trabajo con mucho compromiso, vocaci\u00f3n de servicios y una misi\u00f3n desde la Municipalidad para todas las \u00e1reas donde siempre busquemos dar respuesta a los vecinos\u201d junto a la reconocida profesional de nuestra ciudad que ya est\u00e1 en funciones planificando, organizando y llevando adelante los destinos de un centro sumamente convocante para los mercedinos.<\/p>\n<p>&nbsp;<\/p>\n<p>De esta manera, la Municipalidad de Mercedes, sigue sosteniendo firme su vocaci\u00f3n de dar beneficios sociales, como lo hace con Primeros Mil D\u00edas, el plan Nutricional, los curos pre partos, el Consultorio Odontol\u00f3gico que inaugur\u00f3 meses atr\u00e1s y la contrataci\u00f3n de m\u00e1s profesionales para dar m\u00e1s y mejores servicios.<\/p>\n<p>&nbsp;<\/p>\n<p>Fuente: Prensa Municipal<\/p>\n","protected":false},"excerpt":{"rendered":"<p>los 100 nuevos cupos equivalen a 1000 turnos. Se suma personal y se inicia un proceso en la zona norte &#8230; <a title=\"\u201cMercedes Sonr\u00ede\u201d se ampl\u00eda y abre 100 nuevas atenciones en el C.I.C\" class=\"read-more\" href=\"https:\/\/www.hoymercedes.com.ar\/principal\/2017\/09\/02\/mercedes-sonrie-se-amplia-y-abre-100-nuevas-atenciones-en-el-c-i-c\/\" aria-label=\"Leer m\u00e1s sobre \u201cMercedes Sonr\u00ede\u201d se ampl\u00eda y abre 100 nuevas atenciones en el C.I.C\">Leer m\u00e1s<\/a><\/p>\n","protected":false},"author":1,"featured_media":66673,"comment_status":"closed","ping_status":"open","sticky":false,"template":"","format":"standard","meta":{"_monsterinsights_skip_tracking":false,"_monsterinsights_sitenote_active":false,"_monsterinsights_sitenote_note":"","_monsterinsights_sitenote_category":0,"jetpack_post_was_ever_published":false,"_jetpack_newsletter_access":"","_jetpack_dont_email_post_to_subs":false,"_jetpack_newsletter_tier_id":0,"_jetpack_memberships_contains_paywalled_content":false,"_jetpack_memberships_contains_paid_content":false,"footnotes":"","jetpack_publicize_message":"","jetpack_publicize_feature_enabled":true,"jetpack_social_post_already_shared":true,"jetpack_social_options":{"image_generator_settings":{"template":"highway","default_image_id":0,"font":"","enabled":false},"version":2},"_wpas_customize_per_network":false},"categories":[30],"tags":[773,10,10152,244,134],"class_list":["post-66672","post","type-post","status-publish","format-standard","has-post-thumbnail","hentry","category-municipio","tag-cic","tag-mercedes","tag-mercedes-sonrie","tag-municipio-2","tag-salud","generate-columns","tablet-grid-50","mobile-grid-100","grid-parent","grid-50"],"jetpack_publicize_connections":[],"jetpack_featured_media_url":"https:\/\/www.hoymercedes.com.ar\/principal\/wp-content\/uploads\/2017\/09\/02-Mercedes-Sonrie-2.jpg","wps_subtitle":"Salud Municipal","jetpack_sharing_enabled":true,"_links":{"self":[{"href":"https:\/\/www.hoymercedes.com.ar\/principal\/wp-json\/wp\/v2\/posts\/66672","targetHints":{"allow":["GET"]}}],"collection":[{"href":"https:\/\/www.hoymercedes.com.ar\/principal\/wp-json\/wp\/v2\/posts"}],"about":[{"href":"https:\/\/www.hoymercedes.com.ar\/principal\/wp-json\/wp\/v2\/types\/post"}],"author":[{"embeddable":true,"href":"https:\/\/www.hoymercedes.com.ar\/principal\/wp-json\/wp\/v2\/users\/1"}],"replies":[{"embeddable":true,"href":"https:\/\/www.hoymercedes.com.ar\/principal\/wp-json\/wp\/v2\/comments?post=66672"}],"version-history":[{"count":0,"href":"https:\/\/www.hoymercedes.com.ar\/principal\/wp-json\/wp\/v2\/posts\/66672\/revisions"}],"wp:featuredmedia":[{"embeddable":true,"href":"https:\/\/www.hoymercedes.com.ar\/principal\/wp-json\/wp\/v2\/media\/66673"}],"wp:attachment":[{"href":"https:\/\/www.hoymercedes.com.ar\/principal\/wp-json\/wp\/v2\/media?parent=66672"}],"wp:term":[{"taxonomy":"category","embeddable":true,"href":"https:\/\/www.hoymercedes.com.ar\/principal\/wp-json\/wp\/v2\/categories?post=66672"},{"taxonomy":"post_tag","embeddable":true,"href":"https:\/\/www.hoymercedes.com.ar\/principal\/wp-json\/wp\/v2\/tags?post=66672"}],"curies":[{"name":"wp","href":"https:\/\/api.w.org\/{rel}","templated":true}]}}