{"id":66686,"date":"2017-09-03T22:15:59","date_gmt":"2017-09-04T01:15:59","guid":{"rendered":"http:\/\/www.hoymercedes.com.ar\/principal\/?p=66686"},"modified":"2017-09-03T22:51:49","modified_gmt":"2017-09-04T01:51:49","slug":"avanzan-las-mejoras-en-el-facundo-quiroga-con-la-cuadrilla-de-zanjeo","status":"publish","type":"post","link":"https:\/\/www.hoymercedes.com.ar\/principal\/2017\/09\/03\/avanzan-las-mejoras-en-el-facundo-quiroga-con-la-cuadrilla-de-zanjeo\/","title":{"rendered":"Avanzan las mejoras en el Facundo Quiroga con la cuadrilla de zanjeo"},"content":{"rendered":"<p><img loading=\"lazy\" decoding=\"async\" data-attachment-id=\"66687\" data-permalink=\"https:\/\/www.hoymercedes.com.ar\/principal\/2017\/09\/03\/avanzan-las-mejoras-en-el-facundo-quiroga-con-la-cuadrilla-de-zanjeo\/facundo-quiroga-zanjeo\/#main\" data-orig-file=\"https:\/\/www.hoymercedes.com.ar\/principal\/wp-content\/uploads\/2017\/09\/facundo-quiroga-zanjeo.jpg\" data-orig-size=\"630,421\" data-comments-opened=\"0\" data-image-meta=\"{&quot;aperture&quot;:&quot;0&quot;,&quot;credit&quot;:&quot;&quot;,&quot;camera&quot;:&quot;&quot;,&quot;caption&quot;:&quot;&quot;,&quot;created_timestamp&quot;:&quot;0&quot;,&quot;copyright&quot;:&quot;&quot;,&quot;focal_length&quot;:&quot;0&quot;,&quot;iso&quot;:&quot;0&quot;,&quot;shutter_speed&quot;:&quot;0&quot;,&quot;title&quot;:&quot;&quot;,&quot;orientation&quot;:&quot;0&quot;}\" data-image-title=\"facundo-quiroga-zanjeo\" data-image-description=\"\" data-image-caption=\"\" data-large-file=\"https:\/\/www.hoymercedes.com.ar\/principal\/wp-content\/uploads\/2017\/09\/facundo-quiroga-zanjeo.jpg\" class=\"aligncenter size-medium wp-image-66687\" src=\"https:\/\/www.hoymercedes.com.ar\/principal\/wp-content\/uploads\/2017\/09\/facundo-quiroga-zanjeo-630x421.jpg\" alt=\"\" width=\"630\" height=\"421\" srcset=\"https:\/\/www.hoymercedes.com.ar\/principal\/wp-content\/uploads\/2017\/09\/facundo-quiroga-zanjeo.jpg 630w, https:\/\/www.hoymercedes.com.ar\/principal\/wp-content\/uploads\/2017\/09\/facundo-quiroga-zanjeo-150x100.jpg 150w, https:\/\/www.hoymercedes.com.ar\/principal\/wp-content\/uploads\/2017\/09\/facundo-quiroga-zanjeo-300x200.jpg 300w\" sizes=\"auto, (max-width: 630px) 100vw, 630px\" \/><\/p>\n<p>El \u00e1rea de Servicios P\u00fablicos, adem\u00e1s de sumar m\u00e1s de 40 m\u00e1quinas, tiene las cuadrillas de limpieza y zanjeo que junto a la de bacheo contin\u00faan trabajando en distintos puntos de la ciudad, destacaron desde la Municipalidad. Ustarroz recorri\u00f3 las acciones que se desplegaron durante la semana en Facundo Quiroga.<\/p>\n<p>El intendente Ustarroz remarc\u00f3 que \u201cuna de las decisiones que tomamos desde el primer d\u00eda fue volver a tener cuadrilla de zanjeo. Tenemos tres equipos que van realizando tareas en los barrios y se complementa con la retropala donde hemos comprado dos que se combinan con los nuevos camiones y tractores\u201d coment\u00f3 y destac\u00f3 que \u201cahora si podemos ir dando respuesta a los vecinos, con las nuevas herramientas, llevando acci\u00f3n, como ahora en Facundo Quiroga, donde hay trabajos de distinto tipos, como los niveles que deben ser mejorados, por ejemplo, y la idea es hacer un trabajo integral donde luego s\u00f3lo hagamos mantenimiento\u201d.<\/p>\n<p>Junto a los trabajadores tambi\u00e9n coment\u00f3 que \u201csi bien nos cuesta llegar a todos los barrios sabeos que hay un rumbo y una forma de trabajar que cada d\u00eda da mejores resultados y con las zanjas en condiciones nos habilita a luego trabajar los caminos sabiendo que los vecinos requieren tosca, motoniveladora, y es central por eso que el agua corra\u201d destac\u00f3.<\/p>\n<p>M\u00e1s adelante, ante de finalizar su encuentro con los medios que observaron los trabajos mencion\u00f3 que \u201cefectivamente, hemos colocado m\u00e1s de 1500 ca\u00f1os, levantando zanjas, mejorando los niveles y esta zona que ha sufrido el agua. Ttrabajamos con esta visi\u00f3n y perspectiva que es darle soluciones a la gente que es lo que nos demanda cada d\u00eda\u201d, sostuvo.<\/p>\n<p>De esta manera, como ha pasado en otras zonas, la Municipalidad de Mercedes contin\u00faa su tarea en pos de llevar a dar soluciones cada vez a m\u00e1s vecinos.<\/p>\n<p><span style=\"color: #808080;\">Fuente: Prensa Municipal<\/span><\/p>\n","protected":false},"excerpt":{"rendered":"<p>El \u00e1rea de Servicios P\u00fablicos, adem\u00e1s de sumar m\u00e1s de 40 m\u00e1quinas, tiene las cuadrillas de limpieza y zanjeo que &#8230; <a title=\"Avanzan las mejoras en el Facundo Quiroga con la cuadrilla de zanjeo\" class=\"read-more\" href=\"https:\/\/www.hoymercedes.com.ar\/principal\/2017\/09\/03\/avanzan-las-mejoras-en-el-facundo-quiroga-con-la-cuadrilla-de-zanjeo\/\" aria-label=\"Leer m\u00e1s sobre Avanzan las mejoras en el Facundo Quiroga con la cuadrilla de zanjeo\">Leer m\u00e1s<\/a><\/p>\n","protected":false},"author":1,"featured_media":66687,"comment_status":"closed","ping_status":"open","sticky":false,"template":"","format":"standard","meta":{"_monsterinsights_skip_tracking":false,"_monsterinsights_sitenote_active":false,"_monsterinsights_sitenote_note":"","_monsterinsights_sitenote_category":0,"jetpack_post_was_ever_published":false,"_jetpack_newsletter_access":"","_jetpack_dont_email_post_to_subs":false,"_jetpack_newsletter_tier_id":0,"_jetpack_memberships_contains_paywalled_content":false,"_jetpack_memberships_contains_paid_content":false,"footnotes":"","jetpack_publicize_message":"","jetpack_publicize_feature_enabled":true,"jetpack_social_post_already_shared":false,"jetpack_social_options":{"image_generator_settings":{"template":"highway","default_image_id":0,"font":"","enabled":false},"version":2},"_wpas_customize_per_network":false},"categories":[30],"tags":[11804,6803,7220],"class_list":["post-66686","post","type-post","status-publish","format-standard","has-post-thumbnail","hentry","category-municipio","tag-cuadrilla-de-zanjeo-mercedes","tag-facundo-quiroga","tag-zanjeo","generate-columns","tablet-grid-50","mobile-grid-100","grid-parent","grid-50"],"jetpack_publicize_connections":[],"jetpack_featured_media_url":"https:\/\/www.hoymercedes.com.ar\/principal\/wp-content\/uploads\/2017\/09\/facundo-quiroga-zanjeo.jpg","wps_subtitle":"Espacio p\u00fablico","jetpack_sharing_enabled":true,"_links":{"self":[{"href":"https:\/\/www.hoymercedes.com.ar\/principal\/wp-json\/wp\/v2\/posts\/66686","targetHints":{"allow":["GET"]}}],"collection":[{"href":"https:\/\/www.hoymercedes.com.ar\/principal\/wp-json\/wp\/v2\/posts"}],"about":[{"href":"https:\/\/www.hoymercedes.com.ar\/principal\/wp-json\/wp\/v2\/types\/post"}],"author":[{"embeddable":true,"href":"https:\/\/www.hoymercedes.com.ar\/principal\/wp-json\/wp\/v2\/users\/1"}],"replies":[{"embeddable":true,"href":"https:\/\/www.hoymercedes.com.ar\/principal\/wp-json\/wp\/v2\/comments?post=66686"}],"version-history":[{"count":0,"href":"https:\/\/www.hoymercedes.com.ar\/principal\/wp-json\/wp\/v2\/posts\/66686\/revisions"}],"wp:featuredmedia":[{"embeddable":true,"href":"https:\/\/www.hoymercedes.com.ar\/principal\/wp-json\/wp\/v2\/media\/66687"}],"wp:attachment":[{"href":"https:\/\/www.hoymercedes.com.ar\/principal\/wp-json\/wp\/v2\/media?parent=66686"}],"wp:term":[{"taxonomy":"category","embeddable":true,"href":"https:\/\/www.hoymercedes.com.ar\/principal\/wp-json\/wp\/v2\/categories?post=66686"},{"taxonomy":"post_tag","embeddable":true,"href":"https:\/\/www.hoymercedes.com.ar\/principal\/wp-json\/wp\/v2\/tags?post=66686"}],"curies":[{"name":"wp","href":"https:\/\/api.w.org\/{rel}","templated":true}]}}