{"id":66699,"date":"2017-09-05T08:00:42","date_gmt":"2017-09-05T11:00:42","guid":{"rendered":"http:\/\/www.hoymercedes.com.ar\/principal\/?p=66699"},"modified":"2017-09-03T18:33:12","modified_gmt":"2017-09-03T21:33:12","slug":"tras-investigar-el-hecho-policia-comunal-logra-resolver-robo","status":"publish","type":"post","link":"https:\/\/www.hoymercedes.com.ar\/principal\/2017\/09\/05\/tras-investigar-el-hecho-policia-comunal-logra-resolver-robo\/","title":{"rendered":"Tras investigar el hecho Polic\u00eda Comunal logra resolver robo"},"content":{"rendered":"<figure id=\"attachment_66700\" aria-describedby=\"caption-attachment-66700\" style=\"width: 620px\" class=\"wp-caption aligncenter\"><img loading=\"lazy\" decoding=\"async\" data-attachment-id=\"66700\" data-permalink=\"https:\/\/www.hoymercedes.com.ar\/principal\/2017\/09\/05\/tras-investigar-el-hecho-policia-comunal-logra-resolver-robo\/yamaha-robada\/#main\" data-orig-file=\"https:\/\/www.hoymercedes.com.ar\/principal\/wp-content\/uploads\/2017\/09\/yamaha.robada.jpg\" data-orig-size=\"1032,581\" data-comments-opened=\"0\" data-image-meta=\"{&quot;aperture&quot;:&quot;0&quot;,&quot;credit&quot;:&quot;&quot;,&quot;camera&quot;:&quot;&quot;,&quot;caption&quot;:&quot;&quot;,&quot;created_timestamp&quot;:&quot;0&quot;,&quot;copyright&quot;:&quot;&quot;,&quot;focal_length&quot;:&quot;0&quot;,&quot;iso&quot;:&quot;0&quot;,&quot;shutter_speed&quot;:&quot;0&quot;,&quot;title&quot;:&quot;&quot;,&quot;orientation&quot;:&quot;0&quot;}\" data-image-title=\"yamaha.robada\" data-image-description=\"\" data-image-caption=\"&lt;p&gt;Moto recuperada&lt;\/p&gt;\n\" data-large-file=\"https:\/\/www.hoymercedes.com.ar\/principal\/wp-content\/uploads\/2017\/09\/yamaha.robada-1024x576.jpg\" class=\"size-medium wp-image-66700\" src=\"https:\/\/www.hoymercedes.com.ar\/principal\/wp-content\/uploads\/2017\/09\/yamaha.robada-630x355.jpg\" alt=\"\" width=\"630\" height=\"355\" srcset=\"https:\/\/www.hoymercedes.com.ar\/principal\/wp-content\/uploads\/2017\/09\/yamaha.robada-630x355.jpg 630w, https:\/\/www.hoymercedes.com.ar\/principal\/wp-content\/uploads\/2017\/09\/yamaha.robada-150x84.jpg 150w, https:\/\/www.hoymercedes.com.ar\/principal\/wp-content\/uploads\/2017\/09\/yamaha.robada-1024x576.jpg 1024w, https:\/\/www.hoymercedes.com.ar\/principal\/wp-content\/uploads\/2017\/09\/yamaha.robada.jpg 1032w\" sizes=\"auto, (max-width: 630px) 100vw, 630px\" \/><figcaption id=\"caption-attachment-66700\" class=\"wp-caption-text\">Moto recuperada<\/figcaption><\/figure>\n<p>La Polic\u00eda Comunal logr\u00f3 recuperar una moto que hab\u00eda sido sustra\u00edda a una vecina de nuestra localidad. El autor del hecho est\u00e1 detenido y a disposici\u00f3n de la justicia. Esta semana, en cuesti\u00f3n de horas, los conducidos por el Comisario Sergio Macedo tuvieron dos hechos con resoluci\u00f3n \u00f3ptima en ambos casos recuperando los bienes para sus leg\u00edtimos propietarios.<br \/>\nLa acci\u00f3n permiti\u00f3 recuperar una Yamaha Crypton sustra\u00edda en calle 20 y 55 a una vecina de apellido Garc\u00eda quien busc\u00f3 apoyo en la Estaci\u00f3n Comunal Mercedes e inici\u00f3 as\u00ed la tarea del Gabinete de Prevenci\u00f3n Criminol\u00f3gica.<\/p>\n<p>Seg\u00fan se supo, extra oficialmente, a la vecina le result\u00f3 sospechoso que un joven, d\u00edas atr\u00e1s, le hab\u00eda solicitado trabajo. Lo hizo entrar a su vivienda, pero, la actividad laboral nunca se concret\u00f3. Poco despu\u00e9s not\u00f3 que le faltaba una motocicleta.<\/p>\n<p>Por medio de la tarea investigativa terminan los uniformados tejiendo una red de hechos que los llev\u00f3 al sitio donde estaba la motocicleta como as\u00ed tambi\u00e9n el responsable del robo.<\/p>\n<p>El equipo del Jefe de la Estaci\u00f3n, Alejando Delporto, subcomisario, con la cuadrilla de calle que gu\u00eda, pudo nuevamente llevar tranquilidad y esclarecer un acontecimiento fuera de la ley.<br \/>\nVale destacar que una vez m\u00e1s queda demostrado el compromiso del grupo de calle, gabinete de prevenci\u00f3n, siendo un pilar fundamental para el esclarecimiento de las denuncias efectuadas.<\/p>\n<p>Por otra parte, apenas unos d\u00edas atr\u00e1s, hab\u00eda la misma fuerza policial concretado un esclarecimiento de robo de una motocicleta cross, tambi\u00e9n, por un vecino que acudi\u00f3 a efectuar la denuncia y abriendo as\u00ed el camino investigativo. En esta ocasi\u00f3n la recuperaron en el radio c\u00e9ntrico y los autores quedaron a disposici\u00f3n de la justicia.<\/p>\n<p>Vale recordar que hace algunas jornadas, en el acto de entrega de motocicletas aportadas por el municipio a la fuerza, el propio intendente Ustarroz tuvo palabras de elogio a los niveles de efectividad logrados por la Polic\u00eda Comunal y en casos resonados como el robo a Ben\u00edtez donde con la fina tarea investigativa resolvieron el il\u00edcito.<\/p>\n","protected":false},"excerpt":{"rendered":"<p>La Polic\u00eda Comunal logr\u00f3 recuperar una moto que hab\u00eda sido sustra\u00edda a una vecina de nuestra localidad. El autor del &#8230; <a title=\"Tras investigar el hecho Polic\u00eda Comunal logra resolver robo\" class=\"read-more\" href=\"https:\/\/www.hoymercedes.com.ar\/principal\/2017\/09\/05\/tras-investigar-el-hecho-policia-comunal-logra-resolver-robo\/\" aria-label=\"Leer m\u00e1s sobre Tras investigar el hecho Polic\u00eda Comunal logra resolver robo\">Leer m\u00e1s<\/a><\/p>\n","protected":false},"author":1,"featured_media":66700,"comment_status":"closed","ping_status":"open","sticky":false,"template":"","format":"standard","meta":{"_monsterinsights_skip_tracking":false,"_monsterinsights_sitenote_active":false,"_monsterinsights_sitenote_note":"","_monsterinsights_sitenote_category":0,"jetpack_post_was_ever_published":false,"_jetpack_newsletter_access":"","_jetpack_dont_email_post_to_subs":false,"_jetpack_newsletter_tier_id":0,"_jetpack_memberships_contains_paywalled_content":false,"_jetpack_memberships_contains_paid_content":false,"footnotes":"","jetpack_publicize_message":"","jetpack_publicize_feature_enabled":true,"jetpack_social_post_already_shared":true,"jetpack_social_options":{"image_generator_settings":{"template":"highway","default_image_id":0,"font":"","enabled":false},"version":2},"_wpas_customize_per_network":false},"categories":[85],"tags":[1752,11809],"class_list":["post-66699","post","type-post","status-publish","format-standard","has-post-thumbnail","hentry","category-policial","tag-policia-comunal-mercedes","tag-policia-recupera-moto","generate-columns","tablet-grid-50","mobile-grid-100","grid-parent","grid-50"],"jetpack_publicize_connections":[],"jetpack_featured_media_url":"https:\/\/www.hoymercedes.com.ar\/principal\/wp-content\/uploads\/2017\/09\/yamaha.robada.jpg","wps_subtitle":"Cuadrilla de calle","jetpack_sharing_enabled":true,"_links":{"self":[{"href":"https:\/\/www.hoymercedes.com.ar\/principal\/wp-json\/wp\/v2\/posts\/66699","targetHints":{"allow":["GET"]}}],"collection":[{"href":"https:\/\/www.hoymercedes.com.ar\/principal\/wp-json\/wp\/v2\/posts"}],"about":[{"href":"https:\/\/www.hoymercedes.com.ar\/principal\/wp-json\/wp\/v2\/types\/post"}],"author":[{"embeddable":true,"href":"https:\/\/www.hoymercedes.com.ar\/principal\/wp-json\/wp\/v2\/users\/1"}],"replies":[{"embeddable":true,"href":"https:\/\/www.hoymercedes.com.ar\/principal\/wp-json\/wp\/v2\/comments?post=66699"}],"version-history":[{"count":0,"href":"https:\/\/www.hoymercedes.com.ar\/principal\/wp-json\/wp\/v2\/posts\/66699\/revisions"}],"wp:featuredmedia":[{"embeddable":true,"href":"https:\/\/www.hoymercedes.com.ar\/principal\/wp-json\/wp\/v2\/media\/66700"}],"wp:attachment":[{"href":"https:\/\/www.hoymercedes.com.ar\/principal\/wp-json\/wp\/v2\/media?parent=66699"}],"wp:term":[{"taxonomy":"category","embeddable":true,"href":"https:\/\/www.hoymercedes.com.ar\/principal\/wp-json\/wp\/v2\/categories?post=66699"},{"taxonomy":"post_tag","embeddable":true,"href":"https:\/\/www.hoymercedes.com.ar\/principal\/wp-json\/wp\/v2\/tags?post=66699"}],"curies":[{"name":"wp","href":"https:\/\/api.w.org\/{rel}","templated":true}]}}