{"id":66716,"date":"2017-09-04T00:23:19","date_gmt":"2017-09-04T03:23:19","guid":{"rendered":"http:\/\/www.hoymercedes.com.ar\/principal\/?p=66716"},"modified":"2017-09-04T16:34:53","modified_gmt":"2017-09-04T19:34:53","slug":"club-mercedes-dio-ventaja-en-el-primer-tiempo-y-lo-pago-caro-ante-independiente","status":"publish","type":"post","link":"https:\/\/www.hoymercedes.com.ar\/principal\/2017\/09\/04\/club-mercedes-dio-ventaja-en-el-primer-tiempo-y-lo-pago-caro-ante-independiente\/","title":{"rendered":"Club Mercedes dio ventaja en el primer tiempo y lo pag\u00f3 caro ante Independiente"},"content":{"rendered":"<p><em><strong>En una cancha de la Liga Mercedina que mostr\u00f3 m\u00e1s verde que en otras fechas, pero con un terreno de juego complicado por la incesante llovizna del domingo, que termin\u00f3 haciendo que el partido se jugara en un barrial, Club Mercedes otra vez no pudo ganar de local. Independiente, con dos golpes en el primer tiempo, le alcanz\u00f3 para ganar 2 a 0, con gritos de Diego Ludue\u00f1a y Marcos Salvaggio.<\/strong><\/em><\/p>\n<p>Ante un muy buen marco de p\u00fablico a pesar de la desapacible tarde de domingo, Club Mercedes sali\u00f3 a la cancha con el cambio obligado de Ruben G\u00f3mez por Thomas Schenone, expulsado ante ADIP, y manteniendo el mismo equipo que gan\u00f3 en Gonnet el s\u00e1bado pasado. Sin embargo, no tuvo buen nivel de juego en los primeros 45 minutos y fue siempre desbordado por los costados, llegando un gol por cada lado.<\/p>\n<p>El primero de los gritos chivilcoyanos fue luego de que Pacheco desbordara por derecha, superando a Ruben G\u00f3mez. El centro enviado por el ex San Lorenzo y Nicol\u00e1s Alegr\u00eda apareci\u00f3 por atr\u00e1s de todos sorprendiendo y llev\u00e1ndose la pelota con la mano. La defensa de Club Mercedes se qued\u00f3 protestando, Alegr\u00eda dio la pelota en el palo, Rose qued\u00f3 descolocado y mientras Mercedes no reaccionaba, Diego Ludue\u00f1a apareci\u00f3 en el \u00e1rea chica para poner el 1 a 0 a los 13 minutos.<\/p>\n<p>Luego, Independiente sigui\u00f3 dominando el juego, lastimando por los costados ante un Club Mercedes que no lograba hacer pie y a los 22 minutos, Cipriano Treppo tom\u00f3 la pelota por izquierda, super\u00f3 una vez m\u00e1s a Parra, quien lo termin\u00f3 soltando. El volante entr\u00f3 al \u00e1rea y envi\u00f3 un centro atr\u00e1s a Marcos Salvaggio, que estaba s\u00f3lo a la altura del punto del penal para disparar al arco y poner el 2 a 0.<\/p>\n<p>En el medio, Emilio Rose tuvo dos atajadas que podr\u00edan haber terminado en gol, en ambos casos mano a mano, primero a Treppo y luego a Ludue\u00f1a. La reacci\u00f3n de Mercedes lleg\u00f3 a la media hora, empezando a apurar a Independiente, teniendo la pelota, cort\u00e1ndole el circuito de juego y llegando dos veces, la primera termin\u00f3 en un cabezazo de Esteban Rodr\u00edguez, otra vez el mejor del cuadro mercedino y la segunda, con Barrientos que dentro del \u00e1rea chica revent\u00f3 el travesa\u00f1o.<\/p>\n<p>Mercedes en el segundo tiempo comenz\u00f3 mejor, domin\u00f3 el juego y solamente una vez fue inquietado Rose tras un tiro libre que sac\u00f3 con los pu\u00f1os. Mientras que el blanquinegro tuvo dos situaciones claras de convertir, ambas de Rodr\u00edguez. La primera de ellas termin\u00f3 en la base del palo y la segunda, fue un cabezazo que no pudo conectar bien y que cruz\u00f3 toda el \u00e1rea chica de Caputo.<\/p>\n<p>Los minutos se fueron consumiendo y la derrota, consumando. Una nueva como local, donde de 15 puntos pudo conseguir uno s\u00f3lo, ante Viamonte y luego derrotas frente a Camioneros, Bragado Club, Jorge Newbery e Independiente, marcando s\u00f3lo tres goles en total en casa. Mercedes deber\u00e1 rever la situaci\u00f3n de los \u00abrefuerzos\u00bb que siguen sin aparecer, ya que s\u00f3lo se sostiene con los jugadores que ya ven\u00edan del a\u00f1o pasado, como Barrientos y de los que son nacidos en la ciudad, como Esteban Rodr\u00edguez, Juan Pedro Gatti, Nicol\u00e1s Contardi y Thomas Schenone, aunque este domingo no estuvo. Del resto, poco y nada, y ocho partidos son suficientes para saber qui\u00e9nes son los que est\u00e1n para bancar la parada, m\u00e1s all\u00e1 del curriculum que traen en su espalda.<\/p>\n<p>El pr\u00f3ximo fin de semana cerrar\u00e1 la primera rueda ante CRIBA, en Gonnet y luego se vendr\u00e1 una segunda vuelta con muchos viajes, y donde deber\u00e1 tener un equipo consumado para no sufrir, porque si bien empez\u00f3 la jornada en el cuarto puesto y ahora qued\u00f3 quinto, los de abajo juegan y cada tanto, ganan. Si Mercedes no logra comenzar a sumar de local, en el futuro se le puede llegar a complicar.<\/p>\n<p><strong>Club Mercedes 0:<\/strong> Emilio Rose, Joaqu\u00edn Parra, Juan Pedro Gatti, Hern\u00e1n Bruno, Ruben G\u00f3mez; Nicol\u00e1s Contardi, Cristian Barrientos, Daniel Ojeda e Ivan Arbello; Esteban Rodr\u00edguez y Nicol\u00e1s Minetti. <strong>DT:<\/strong> Walter D\u00edaz. <strong>Suplentes:<\/strong> Agust\u00edn Rodr\u00edguez, Agust\u00edn Juanicotena, Luis Lawler y Franco Gatti.<\/p>\n<p><strong>Independiente 2:<\/strong> Mat\u00edas Caputo, Facundo Tumbessi, David Orellana, Lucas Abetti y Nicol\u00e1s Alegr\u00eda; H\u00e9ctor Olmedo, Jonathan Pacheco, Marcos Salvaggio, Cipriano Treppo y Jorge Pereyra; Diego Ludue\u00f1a. <strong>DT:<\/strong> Alberto Salvaggio. <strong>Suplentes:<\/strong> Esteban Iba\u00f1ez, Mart\u00edn Gallo, Valent\u00edn Bozzini y Nicol\u00e1s Slimens.<\/p>\n<p><strong>Goles en el PT:<\/strong> A los 13, Diego Ludue\u00f1a y a los 22 Marcos Salvaggio para Independiente<\/p>\n<p><strong>Cambios:<\/strong> Juli\u00e1n Alarc\u00f3n por G\u00f3mez, Thiago Portessi por Parra, Gabino Regueiro por Gatti en Mercedes. Lucas Salazar por Pacheco, Jos\u00e9 Castillo por Salvaggio y Nicol\u00e1s Rolandelli por Ludue\u00f1a en Independiente.<\/p>\n<p><strong>Amonestados:<\/strong> Bruno y Alarc\u00f3n en Mercedes. Tumbessi en Independiente.<\/p>\n<p><strong>\u00c1rbitro:<\/strong> Diego Gil (regular). Asistentes: Cristian Ronchi y Diego Brindesi (La Plata)<\/p>\n<p><img loading=\"lazy\" decoding=\"async\" data-attachment-id=\"66722\" data-permalink=\"https:\/\/www.hoymercedes.com.ar\/principal\/2017\/09\/04\/club-mercedes-dio-ventaja-en-el-primer-tiempo-y-lo-pago-caro-ante-independiente\/zona-a-5\/#main\" data-orig-file=\"https:\/\/www.hoymercedes.com.ar\/principal\/wp-content\/uploads\/2017\/09\/Zona-A.png\" data-orig-size=\"501,257\" data-comments-opened=\"0\" data-image-meta=\"{&quot;aperture&quot;:&quot;0&quot;,&quot;credit&quot;:&quot;&quot;,&quot;camera&quot;:&quot;&quot;,&quot;caption&quot;:&quot;&quot;,&quot;created_timestamp&quot;:&quot;0&quot;,&quot;copyright&quot;:&quot;&quot;,&quot;focal_length&quot;:&quot;0&quot;,&quot;iso&quot;:&quot;0&quot;,&quot;shutter_speed&quot;:&quot;0&quot;,&quot;title&quot;:&quot;&quot;,&quot;orientation&quot;:&quot;0&quot;}\" data-image-title=\"Zona A\" data-image-description=\"\" data-image-caption=\"\" data-large-file=\"https:\/\/www.hoymercedes.com.ar\/principal\/wp-content\/uploads\/2017\/09\/Zona-A.png\" class=\"aligncenter size-full wp-image-66722\" src=\"https:\/\/www.hoymercedes.com.ar\/principal\/wp-content\/uploads\/2017\/09\/Zona-A.png\" alt=\"\" width=\"501\" height=\"257\" srcset=\"https:\/\/www.hoymercedes.com.ar\/principal\/wp-content\/uploads\/2017\/09\/Zona-A.png 501w, https:\/\/www.hoymercedes.com.ar\/principal\/wp-content\/uploads\/2017\/09\/Zona-A-150x77.png 150w\" sizes=\"auto, (max-width: 501px) 100vw, 501px\" \/><\/p>\n<p><strong>El resto de la fecha<\/strong><\/p>\n<p><strong>El Linque\u00f1o 1:<\/strong> Ezequiel Petrovelli<\/p>\n<p><strong>Camioneros 3:<\/strong> Jorge Gonz\u00e1lez, Lucas Vico, Laureano Tello<\/p>\n<p>&nbsp;<\/p>\n<p><strong>Bragado Club 3:<\/strong> Dardo Sosa, Agust\u00edn Fazio, Mat\u00edas D\u00edaz<\/p>\n<p><strong>CRIBA 3:<\/strong> Diego Villalba, Dami\u00e1n Silva y Adri\u00e1n Ya\u00f1es<\/p>\n<p>&nbsp;<\/p>\n<p><strong>Jorge Newbery 1:<\/strong> Gast\u00f3n Campos<\/p>\n<p><strong>Viamonte FC 0<\/strong><\/p>\n<p>&nbsp;<\/p>\n<p><strong>Everton 1:<\/strong> Federico Reichenbach<\/p>\n<p><strong>ADIP 0<\/strong><\/p>\n<p>&nbsp;<\/p>\n<p><img loading=\"lazy\" decoding=\"async\" data-attachment-id=\"66723\" data-permalink=\"https:\/\/www.hoymercedes.com.ar\/principal\/2017\/09\/04\/club-mercedes-dio-ventaja-en-el-primer-tiempo-y-lo-pago-caro-ante-independiente\/goles-zona-a-6\/#main\" data-orig-file=\"https:\/\/www.hoymercedes.com.ar\/principal\/wp-content\/uploads\/2017\/09\/Goles-Zona-A.png\" data-orig-size=\"296,238\" data-comments-opened=\"0\" data-image-meta=\"{&quot;aperture&quot;:&quot;0&quot;,&quot;credit&quot;:&quot;&quot;,&quot;camera&quot;:&quot;&quot;,&quot;caption&quot;:&quot;&quot;,&quot;created_timestamp&quot;:&quot;0&quot;,&quot;copyright&quot;:&quot;&quot;,&quot;focal_length&quot;:&quot;0&quot;,&quot;iso&quot;:&quot;0&quot;,&quot;shutter_speed&quot;:&quot;0&quot;,&quot;title&quot;:&quot;&quot;,&quot;orientation&quot;:&quot;0&quot;}\" data-image-title=\"Goles Zona A\" data-image-description=\"\" data-image-caption=\"\" data-large-file=\"https:\/\/www.hoymercedes.com.ar\/principal\/wp-content\/uploads\/2017\/09\/Goles-Zona-A.png\" class=\"aligncenter size-full wp-image-66723\" src=\"https:\/\/www.hoymercedes.com.ar\/principal\/wp-content\/uploads\/2017\/09\/Goles-Zona-A.png\" alt=\"\" width=\"296\" height=\"238\" srcset=\"https:\/\/www.hoymercedes.com.ar\/principal\/wp-content\/uploads\/2017\/09\/Goles-Zona-A.png 296w, https:\/\/www.hoymercedes.com.ar\/principal\/wp-content\/uploads\/2017\/09\/Goles-Zona-A-150x121.png 150w\" sizes=\"auto, (max-width: 296px) 100vw, 296px\" \/><\/p>\n","protected":false},"excerpt":{"rendered":"<p>En una cancha de la Liga Mercedina que mostr\u00f3 m\u00e1s verde que en otras fechas, pero con un terreno de &#8230; <a title=\"Club Mercedes dio ventaja en el primer tiempo y lo pag\u00f3 caro ante Independiente\" class=\"read-more\" href=\"https:\/\/www.hoymercedes.com.ar\/principal\/2017\/09\/04\/club-mercedes-dio-ventaja-en-el-primer-tiempo-y-lo-pago-caro-ante-independiente\/\" aria-label=\"Leer m\u00e1s sobre Club Mercedes dio ventaja en el primer tiempo y lo pag\u00f3 caro ante Independiente\">Leer m\u00e1s<\/a><\/p>\n","protected":false},"author":1,"featured_media":66722,"comment_status":"closed","ping_status":"open","sticky":false,"template":"","format":"standard","meta":{"_monsterinsights_skip_tracking":false,"_monsterinsights_sitenote_active":false,"_monsterinsights_sitenote_note":"","_monsterinsights_sitenote_category":0,"jetpack_post_was_ever_published":false,"_jetpack_newsletter_access":"","_jetpack_dont_email_post_to_subs":false,"_jetpack_newsletter_tier_id":0,"_jetpack_memberships_contains_paywalled_content":false,"_jetpack_memberships_contains_paid_content":false,"footnotes":"","jetpack_publicize_message":"","jetpack_publicize_feature_enabled":true,"jetpack_social_post_already_shared":true,"jetpack_social_options":{"image_generator_settings":{"template":"highway","default_image_id":0,"font":"","enabled":false},"version":2},"_wpas_customize_per_network":false},"categories":[21],"tags":[122,204,9674,1003],"class_list":["post-66716","post","type-post","status-publish","format-standard","has-post-thumbnail","hentry","category-deportes","tag-club-mercedes","tag-deportes-2","tag-federal-b","tag-futbol","generate-columns","tablet-grid-50","mobile-grid-100","grid-parent","grid-50"],"jetpack_publicize_connections":[],"jetpack_featured_media_url":"https:\/\/www.hoymercedes.com.ar\/principal\/wp-content\/uploads\/2017\/09\/Zona-A.png","wps_subtitle":"Federal B","jetpack_sharing_enabled":true,"_links":{"self":[{"href":"https:\/\/www.hoymercedes.com.ar\/principal\/wp-json\/wp\/v2\/posts\/66716","targetHints":{"allow":["GET"]}}],"collection":[{"href":"https:\/\/www.hoymercedes.com.ar\/principal\/wp-json\/wp\/v2\/posts"}],"about":[{"href":"https:\/\/www.hoymercedes.com.ar\/principal\/wp-json\/wp\/v2\/types\/post"}],"author":[{"embeddable":true,"href":"https:\/\/www.hoymercedes.com.ar\/principal\/wp-json\/wp\/v2\/users\/1"}],"replies":[{"embeddable":true,"href":"https:\/\/www.hoymercedes.com.ar\/principal\/wp-json\/wp\/v2\/comments?post=66716"}],"version-history":[{"count":0,"href":"https:\/\/www.hoymercedes.com.ar\/principal\/wp-json\/wp\/v2\/posts\/66716\/revisions"}],"wp:featuredmedia":[{"embeddable":true,"href":"https:\/\/www.hoymercedes.com.ar\/principal\/wp-json\/wp\/v2\/media\/66722"}],"wp:attachment":[{"href":"https:\/\/www.hoymercedes.com.ar\/principal\/wp-json\/wp\/v2\/media?parent=66716"}],"wp:term":[{"taxonomy":"category","embeddable":true,"href":"https:\/\/www.hoymercedes.com.ar\/principal\/wp-json\/wp\/v2\/categories?post=66716"},{"taxonomy":"post_tag","embeddable":true,"href":"https:\/\/www.hoymercedes.com.ar\/principal\/wp-json\/wp\/v2\/tags?post=66716"}],"curies":[{"name":"wp","href":"https:\/\/api.w.org\/{rel}","templated":true}]}}