{"id":6673,"date":"2011-08-24T04:13:32","date_gmt":"2011-08-24T04:13:32","guid":{"rendered":"http:\/\/www.hoymercedes.com.ar\/principal\/?p=6673"},"modified":"2011-08-24T04:13:32","modified_gmt":"2011-08-24T04:13:32","slug":"historico-selva-convoco-a-todos-los-candidatos-a-intendente","status":"publish","type":"post","link":"https:\/\/www.hoymercedes.com.ar\/principal\/2011\/08\/24\/historico-selva-convoco-a-todos-los-candidatos-a-intendente\/","title":{"rendered":"Hist\u00f3rico: Selva convoc\u00f3 a todos los candidatos a intendente"},"content":{"rendered":"<p><a href=\"https:\/\/www.hoymercedes.com.ar\/principal\/wp-content\/uploads\/2011\/08\/selva-y-candidatos_dia-primavera.jpg\"><img loading=\"lazy\" decoding=\"async\" data-attachment-id=\"6675\" data-permalink=\"https:\/\/www.hoymercedes.com.ar\/principal\/2011\/08\/24\/historico-selva-convoco-a-todos-los-candidatos-a-intendente\/selva-y-candidatos_dia-primavera\/#main\" data-orig-file=\"https:\/\/www.hoymercedes.com.ar\/principal\/wp-content\/uploads\/2011\/08\/selva-y-candidatos_dia-primavera.jpg\" data-orig-size=\"605,454\" data-comments-opened=\"1\" data-image-meta=\"{&quot;aperture&quot;:&quot;2.8&quot;,&quot;credit&quot;:&quot;&quot;,&quot;camera&quot;:&quot;COOLPIX L10&quot;,&quot;caption&quot;:&quot;&quot;,&quot;created_timestamp&quot;:&quot;1313915264&quot;,&quot;copyright&quot;:&quot;Copyright 2006&quot;,&quot;focal_length&quot;:&quot;6.2&quot;,&quot;iso&quot;:&quot;200&quot;,&quot;shutter_speed&quot;:&quot;0.016666666666667&quot;,&quot;title&quot;:&quot;&quot;}\" data-image-title=\"selva-y-candidatos_dia-primavera\" data-image-description=\"\" data-image-caption=\"\" data-large-file=\"https:\/\/www.hoymercedes.com.ar\/principal\/wp-content\/uploads\/2011\/08\/selva-y-candidatos_dia-primavera.jpg\" class=\"aligncenter size-full wp-image-6675\" title=\"selva-y-candidatos_dia-primavera\" src=\"https:\/\/www.hoymercedes.com.ar\/principal\/wp-content\/uploads\/2011\/08\/selva-y-candidatos_dia-primavera.jpg\" alt=\"\" width=\"605\" height=\"454\" \/><\/a><\/p>\n<p>El jefe comunal de nuestra ciudad, Carlos Selva, por primera vez a lo largo de su gesti\u00f3n al frente de la comuna de casi ya ocho a\u00f1os, recibi\u00f3 este martes al mediod\u00eda en su despacho a los restantes candidatos a intendente que se postulan en las elecciones de octubre con una asistencia completa si bien hubo dos que fueron reemplazados, tal el caso de Juan Carlos Ben\u00edtez representado por el concejal Mar\u00eda Ruth Muracca y Juan Manuel Torres concurriendo en su lugar el candidato en segundo t\u00e9rmino por el UDESO, es decir su hijo Javier Torres para tratar entre todos la manera en lograr el pr\u00f3ximo 21 de septiembre un D\u00eda de la Primavera sin ninguna clase de inconvenientes recordando que se cumplir\u00e1 un a\u00f1o de la muerte del joven Jonatan Villalba y que seguramente su familia concretar\u00e1 alg\u00fan tipo de acto conmemorativo<\/p>\n<p>Luego de una conversaci\u00f3n sin la presencia de los integrantes de los medios de comunicaciones en la que tambi\u00e9n participaron los concejales Juan Pablo L\u00f3pez, D\u00e9bora Lacasa y Mercedes Massocchi junto al Director de Seguridad Esteban Rossi, se llev\u00f3 a cabo el esperado encuentro con la prensa pero antes Selva dialog\u00f3 a solas con los candidatos.<\/p>\n<p>Durante la reuni\u00f3n con la prensa Carlos Selva sostuvo \u201cquiero aprovechar esta oportunidad para agradecer la deferencia de todos los candidatos a intendente de las fuerzas pol\u00edticas de nuestra ciudad que han concurrido para hablar de un tema que desde nuestra \u00f3ptica y desde nuestro lugar entendemos como un tema que supera cualquier esquema de partidismo, estamos hablando del festejo del 21 de septiembre, algo muy particular de nuestra ciudad.<\/p>\n<p>Hemos querido desde la municipalidad poner en antecedente a todos los candidatos con el mismo grado de informaci\u00f3n por igual de lo que se ha venido trabajando durante los \u00faltimos a\u00f1os en la organizaci\u00f3n entre comillas por decirlo de alguna forma, dir\u00eda el complemento de lo que los diferentes establecimientos educativos organizan para la conmemoraci\u00f3n del 21 de septiembre y por supuesto abrirnos a debatir ideas y dar una opini\u00f3n sobre un tema que creo con el esfuerzo de todos, y el compromiso de los se\u00f1ores padres y de los establecimientos educativos ha ido tomando un camino distinto pretendiendo que sea como lo que estamos haciendo ac\u00e1, un marco de la representaci\u00f3n pol\u00edtica de todos los sectores entendiendo que requiere una gran apuesta, redoblar el esfuerzo en un d\u00eda que es emblem\u00e1tico por circunstancias que todos conocemos para que vaya tomando las caracter\u00edsticas de un festejo donde toda la comunidad participa y festeja.<\/p>\n<p>Esto es lo que hemos hecho y reitero el agradecimiento a todos por haberse predispuesto para charlar un rato entre todos y hacer aportes de ideas contribuyendo al complemento de la organizaci\u00f3n.\u201d<\/p>\n<p>M\u00e1s adelante Selva precis\u00f3 \u201cestamos abiertos a todas la inquietudes de los se\u00f1ores que est\u00e1n formando parte de esta mesa y creo que el primer acuerdo es que todos tenemos que redoblar los esfuerzos para lograr la participaci\u00f3n, la presencia y las pautas que ordenen los posibles hechos contravencionales que ponen en riesgo la integridad f\u00edsica o vulneran derechos en la ni\u00f1ez para que sean acotados lo m\u00e1ximo posible para que no se produzcan.<\/p>\n<p>De ninguna manera apuntamos esto a un hecho partidario, al contrario, pretendimos que sea una cuesti\u00f3n de Estado m\u00e1s all\u00e1 del aporte que cada fuerza pol\u00edtica por su propia particularidad tenga la libertad para hacerlo, lo que hemos pretendido es que se entienda que es un tema com\u00fan y abierto a todos\u201d.<\/p>\n<p>Luego la mayor\u00eda de los candidatos dieron a conocer una opini\u00f3n, el primero en expresarse fue el docente Sergio Resqu\u00edn (FIyT) sosteniendo \u201clas dos muertes del a\u00f1o pasado est\u00e1n instaladas en el consiente del alumnado, ellos saben que han ocurrido cosas muy graves y de alguna manera lo que yo hago como la mayor\u00eda de los que trabajamos en la docencia en Mercedes es trabajar para que haya un debate genuino, politizado en el buen sentido de la palabra para evitar que estas cosas sigan ocurriendo. Este a\u00f1o el D\u00eda de la Primavera ser\u00e1 de luto porque se cumple un a\u00f1o de la muerte de Jonatan Villalba, por eso nuestro partido va a realizar una actividad pol\u00edtica dicho d\u00eda contra la impunidad, las patotas, y contra todo tipo de violencia\u201d.<\/p>\n<p>Luego el profesor Jos\u00e9 Cestari (Coalici\u00f3n C\u00edvica-Ari) precis\u00f3 \u201cyo hablo como docente en escuelas publicas que son en general las que no alquilan quintas para el D\u00eda de la Primavera.<\/p>\n<p>Pero es verdad que se concita en cierta medida la necesidad de debatir muy en serio lo que est\u00e1 pasando en los chicos en especial aqu\u00ed en Mercedes ya que es un fen\u00f3meno cultural que se viene dando desde hace tiempo y que hay que tratar de revertirlo de a poco, paso a paso ya que lamentablemente la culpa no es de los chicos sino de los grandes que les venden las bebidas alcoh\u00f3licas, las drogas, y de todo lo que se gener\u00f3 en nuestro pa\u00eds en general\u201d.<\/p>\n<p>Luego Fabi\u00e1n Badano (Nuevo Encuentro) dijo \u201ceste es un llamado a la responsabilidad civil que tenemos cada uno de los ciudadanos porque los somos adem\u00e1s se hacer pol\u00edtica y todo lo que se pueda hacer para evitar un acto de violencia o la muerte de una persona bien vale la pena.<\/p>\n<p>Creo que ser\u00eda muy bueno que esto sea un punto de partida para entender que hay muchas cosas que deben ser pol\u00edticas de Estado y como personas nos tiene que comenzar a interesar de manera com\u00fan\u201d-<\/p>\n<p>Luego fue el turno de Javier Torres (UDESO) quien entre otros t\u00e9rminos precis\u00f3 \u201cdesde el punto de vista de la pol\u00edtica de estado esta reuni\u00f3n es muy importante porque precisamente se est\u00e1n juntando la totalidad de las fuerzas pol\u00edticas para que se entienda que el problema de la minoridad, la adolescencia y la juventud no es un problema del intendente o de un partido pol\u00edtico sino que es de toda la comunidad.<\/p>\n<p>Es muy importante entender que los temas de seguridad, educaci\u00f3n y salud publica deben ser pol\u00edtica de estado, de todos los partidos pol\u00edticos m\u00e1s all\u00e1 de la diferencias o los matices que despu\u00e9s cada uno le quiera poner.<\/p>\n<p>M\u00e1s all\u00e1 del color pol\u00edtico que pueda tener el intendente a nosotros nos interesa que la ciudad de Mercedes empiece a progresar y a logar un desarrollo y eso lo hacemos entre todas la fuerzas pol\u00edticas\u201d.<\/p>\n<p>Luego fue el turno de Luis Colao (FAP) quien manifest\u00f3 \u201cel tema de las relaciones pol\u00edticas entre las diferentes fuerzas tiene que ver tambi\u00e9n con la fuerza que genere una imagen, la imagen de que gente que pensamos distinto, que tenemos diferentes or\u00edgenes pol\u00edticos podemos sentarnos a debatir algunas cuestiones tiene que se la imagen que trascienda a la Sociedad.<\/p>\n<p>Los j\u00f3venes tambi\u00e9n tienen que comenzar a asimilar que hay una sociedad que los tiene que integrar m\u00e1s all\u00e1 que el problema fundamental es el 21 de septiembre como bien lo dec\u00eda el intendente, lo que pueda dar el estado municipal es el marco para que no se produzcan ciertos actos que pueden hasta terminar con la vida de una persona: pero lo que nosotros tenemos que lograr es que el Acceso Sur termine de ser la muestra de la estratificaci\u00f3n de la ciudad, nosotros debemos volver a un festejo del D\u00eda de la Primavera en el que no haya quintas aisladas, donde no haya gheto alguno donde los j\u00f3venes puedan participar en su totalidad de manera mancomunada de dicha celebraci\u00f3n, Ese es el objetivo que tenemos que tener y ello lo vamos a lograr si comenzamos a entendernos entre nosotros como pares\u201d.<\/p>\n<p>A continuaci\u00f3n Gabriel \u00c1lvarez, (Compromiso Federal) expres\u00f3 \u201ccomo manera de reflexionar voy a decir que hemos sido convocados con la convicci\u00f3n de aunar esfuerzos y sumar criterio para tener un d\u00eda del estudiante en paz.<\/p>\n<p>Somos consientes que tambi\u00e9n este 21 se cumple un a\u00f1o del fallecimiento, el asesinato de un joven mercedino y ello nos debe llamar a la reflexi\u00f3n a todos y todos debemos trabajar sobre la toma de conciencia para que dicho d\u00eda se lo pase en paz y sobre todo a los j\u00f3venes decirles que esto que hoy se ha logrado que es muy importante de estar todos aqu\u00ed es para poder aportar y colaborar este 21 para que todo salga bien. Siempre es positivo sumarnos y trabajar juntos en un tema tan sensible como es el D\u00eda de la Primavera y en general en el grado de violencia que hay en nuestra juventud\u201d<\/p>\n<p>Luego Juan Ignacio Ustarroz dijo \u201ccreo que todos debemos ayudar a solucionar un problema que no deber\u00eda ser problema porque estamos tratando de hacer justamente todo lo contrario delo que deb\u00edamos hacer, tratamos de separar para evitar inconvenientes y no se peleen cuando en realidad deber\u00edamos juntar para participar de una fiesta como era antes.<\/p>\n<p>Finalmente Mar\u00eda Ruth Muracca sostuvo \u201ces importante destacar lo que est\u00e1 haciendo la comisi\u00f3n que se viene reuniendo desde el mes de febrero concretando reuniones con padres, colegios, y hay una buena predisposici\u00f3n de parte de los chicos porque ellos tienen conciencia de lo que paso el a\u00f1o pasado con la muerte de Jonatan Villalba\u201d.<\/p>\n","protected":false},"excerpt":{"rendered":"<p>El jefe comunal de nuestra ciudad, Carlos Selva, por primera vez a lo largo de su gesti\u00f3n al frente de &#8230; <a title=\"Hist\u00f3rico: Selva convoc\u00f3 a todos los candidatos a intendente\" class=\"read-more\" href=\"https:\/\/www.hoymercedes.com.ar\/principal\/2011\/08\/24\/historico-selva-convoco-a-todos-los-candidatos-a-intendente\/\" aria-label=\"Leer m\u00e1s sobre Hist\u00f3rico: Selva convoc\u00f3 a todos los candidatos a intendente\">Leer m\u00e1s<\/a><\/p>\n","protected":false},"author":1,"featured_media":0,"comment_status":"open","ping_status":"open","sticky":false,"template":"","format":"standard","meta":{"_monsterinsights_skip_tracking":false,"_monsterinsights_sitenote_active":false,"_monsterinsights_sitenote_note":"","_monsterinsights_sitenote_category":0,"jetpack_post_was_ever_published":false,"_jetpack_newsletter_access":"","_jetpack_dont_email_post_to_subs":false,"_jetpack_newsletter_tier_id":0,"_jetpack_memberships_contains_paywalled_content":false,"_jetpack_memberships_contains_paid_content":false,"footnotes":"","jetpack_publicize_message":"","jetpack_publicize_feature_enabled":true,"jetpack_social_post_already_shared":false,"jetpack_social_options":{"image_generator_settings":{"template":"highway","default_image_id":0,"font":"","enabled":false},"version":2},"_wpas_customize_per_network":false},"categories":[5],"tags":[173,1151,18,1081,424],"class_list":["post-6673","post","type-post","status-publish","format-standard","hentry","category-politica","tag-alvarez","tag-resquin","tag-selva","tag-torres","tag-ustarroz","generate-columns","tablet-grid-50","mobile-grid-100","grid-parent","grid-50"],"jetpack_publicize_connections":[],"jetpack_featured_media_url":"","wps_subtitle":"","jetpack_sharing_enabled":true,"_links":{"self":[{"href":"https:\/\/www.hoymercedes.com.ar\/principal\/wp-json\/wp\/v2\/posts\/6673","targetHints":{"allow":["GET"]}}],"collection":[{"href":"https:\/\/www.hoymercedes.com.ar\/principal\/wp-json\/wp\/v2\/posts"}],"about":[{"href":"https:\/\/www.hoymercedes.com.ar\/principal\/wp-json\/wp\/v2\/types\/post"}],"author":[{"embeddable":true,"href":"https:\/\/www.hoymercedes.com.ar\/principal\/wp-json\/wp\/v2\/users\/1"}],"replies":[{"embeddable":true,"href":"https:\/\/www.hoymercedes.com.ar\/principal\/wp-json\/wp\/v2\/comments?post=6673"}],"version-history":[{"count":0,"href":"https:\/\/www.hoymercedes.com.ar\/principal\/wp-json\/wp\/v2\/posts\/6673\/revisions"}],"wp:attachment":[{"href":"https:\/\/www.hoymercedes.com.ar\/principal\/wp-json\/wp\/v2\/media?parent=6673"}],"wp:term":[{"taxonomy":"category","embeddable":true,"href":"https:\/\/www.hoymercedes.com.ar\/principal\/wp-json\/wp\/v2\/categories?post=6673"},{"taxonomy":"post_tag","embeddable":true,"href":"https:\/\/www.hoymercedes.com.ar\/principal\/wp-json\/wp\/v2\/tags?post=6673"}],"curies":[{"name":"wp","href":"https:\/\/api.w.org\/{rel}","templated":true}]}}