{"id":66752,"date":"2017-09-04T17:51:20","date_gmt":"2017-09-04T20:51:20","guid":{"rendered":"http:\/\/www.hoymercedes.com.ar\/principal\/?p=66752"},"modified":"2017-09-04T17:06:36","modified_gmt":"2017-09-04T20:06:36","slug":"el-diputado-selva-participa-de-la-gira-legislativa-por-europa","status":"publish","type":"post","link":"https:\/\/www.hoymercedes.com.ar\/principal\/2017\/09\/04\/el-diputado-selva-participa-de-la-gira-legislativa-por-europa\/","title":{"rendered":"El Diputado Selva participa de la gira legislativa por Europa"},"content":{"rendered":"<p><em><strong>Entre este domingo y el viernes, el mercedino estar\u00e1 en Espa\u00f1a y B\u00e9lgica. Es parte de una delegaci\u00f3n de legisladores que buscar\u00e1 profundizar relaciones bilaterales. Agitada agenda y reuniones con pol\u00edticos, empresarios y embajadores.<\/strong><\/em><\/p>\n<p>El diputado nacional Carlos Selva se encuentra desde este domingo de gira por Espa\u00f1a y B\u00e9lgica. El mercedino es parte de una comitiva de legisladores que realizar\u00e1 varias actividades en las ciudades de Madrid y Bruselas.<br \/>\nA la ciudad de Madrid el diputado junto a sus pares viaj\u00f3 este domingo 3, y permanecer\u00e1 all\u00ed hasta el 6 de septiembre. Selva vol\u00f3 por Iberia y se hospeda en el Hotel NH Madrid Zurbano. A su llegada fue parte este domingo por la noche de una cena en la residencia del Embajador Argentino ante el Reino de Espa\u00f1a, ingeniero Ram\u00f3n Puerta, donde se repas\u00f3 tem\u00e1tica y agenda de actividades.<\/p>\n<p>Este lunes a las 15.30 formar\u00eda parte de una reuni\u00f3n de Diputados con Ana Pastor Juli\u00e1n, Presidenta del Congreso de los Diputados de Espa\u00f1a. Luego har\u00eda una visita guiada al edificio hist\u00f3rico. A continuaci\u00f3n mantendr\u00eda una reuni\u00f3n cerrada en conjunto con la delegaci\u00f3n de legisladores con Josep Piqu\u00e9, ex Ministro de Asuntos Exteriores y de Cooperaci\u00f3n (Partido Popular), Trinidad Jim\u00e9nez, ex Ministra de Asuntos Exteriores y de Cooperaci\u00f3n (Partido Socialista), Miguel Angel Cort\u00e9s, Senador, ex Secretario de Estado para la Cooperaci\u00f3n Internacional y para Iberoam\u00e9rica, Director de Fundaci\u00f3n Iberoamericana Empresarial. El di\u00e1logo ser\u00eda sobre el \u201cestado de la relaci\u00f3n bilateral y oportunidades frente al contexto internacional actual\u201d, y \u201cposibles implicancias del Acuerdo Mercosur-UE\u201d.<br \/>\nLa cena ser\u00e1 en la residencia de Leandro Sigman, Presidente de la C\u00e1mara Empresarial Argentina en Espa\u00f1a (CEAES), junto a empresarios y pol\u00edticos espa\u00f1oles.<\/p>\n<p>Para el martes la agenda tendr\u00e1 desde las 10 su participaci\u00f3n en el encuentro bilateral Consejo Econ\u00f3mico y Social de Espa\u00f1a (CES) \u2013 con la delegaci\u00f3n legislativa de la Rep\u00fablica de Argentina.<\/p>\n<p>El mi\u00e9rcoles temprano la delegaci\u00f3n partir\u00e1 desde hotel hacia aeropuerto de Barajas, y volar\u00e1 por Iberia hacia Bruselas, por algo m\u00e1s de 2 horas. Al arribo se alojar\u00e1n en el Hotel Thon. En B\u00e9lgica, Selva y los legisladores estar\u00e1n otros tres d\u00edas. A su arribo en el almuerzo habr\u00e1 una reuni\u00f3n de la delegaci\u00f3n parlamentaria con el doctor Mario Ver\u00f3n Guerra, quien es Embajador de Argentina ante la Uni\u00f3n Europea, dem\u00e1s funcionarios y equipo de trabajo de la Embajada.<\/p>\n<p>A las 15 se llevar\u00e1 adelante una reuni\u00f3n con la Comisi\u00f3n de Comercio Internacional del Parlamento Europeo. Y a las 17.30 horas una reuni\u00f3n cerrada de la Delegaci\u00f3n parlamentaria con autoridades argentinas negociadoras del Acuerdo. Repaso de los resultados y avances de la Reuni\u00f3n intersesional del Comit\u00e9 de Negociaciones Birregionales MERCOSUR \u2013 UE. Se preparar\u00e1n las posiciones para el seminario del d\u00eda jueves.<\/p>\n<p>Ya el jueves 7 se dirigir\u00e1n hacia el Parlamento de la Uni\u00f3n Europea. Ser\u00e1n parte del Seminario \u201cOportunidades y desaf\u00edos del Acuerdo Mercosur \u2013 UE\u201d, con Europarlamentarios de diversas fuerzas pol\u00edticas, la Delegaci\u00f3n de parlamentarios argentinos y de diversos funcionarios de Argentina y de la UE. Todo con coordinaci\u00f3n de Jos\u00e9 Ignacio Salafranca (Eurodiputado. Vicecoordinador en la Comisi\u00f3n de Asuntos Exteriores y Ponente del Acuerdo Uni\u00f3n EuropeaMercosur en la Comisi\u00f3n de Comercio Internacional. Ex Embajador de la UE en Argentina).<\/p>\n<p>De 12 a 14 horas habr\u00e1 una recepci\u00f3n ofrecida por la Embajada de Brasil, en el 195\u00ba aniversario de la Independencia. Asisten equipos negociadores y delegaciones.<\/p>\n<p>Tras otras actividades por la noche, el viernes 8 muy temprano ser\u00e1 la partida desde Bruselas para la combinaci\u00f3n con vuelos Madrid \u2013 Buenos Aires y el regreso.<\/p>\n<p>&nbsp;<\/p>\n<p>Fuente: Prensa Carlos Selva<\/p>\n","protected":false},"excerpt":{"rendered":"<p>Entre este domingo y el viernes, el mercedino estar\u00e1 en Espa\u00f1a y B\u00e9lgica. Es parte de una delegaci\u00f3n de legisladores &#8230; <a title=\"El Diputado Selva participa de la gira legislativa por Europa\" class=\"read-more\" href=\"https:\/\/www.hoymercedes.com.ar\/principal\/2017\/09\/04\/el-diputado-selva-participa-de-la-gira-legislativa-por-europa\/\" aria-label=\"Leer m\u00e1s sobre El Diputado Selva participa de la gira legislativa por Europa\">Leer m\u00e1s<\/a><\/p>\n","protected":false},"author":1,"featured_media":66754,"comment_status":"closed","ping_status":"open","sticky":false,"template":"","format":"standard","meta":{"_monsterinsights_skip_tracking":false,"_monsterinsights_sitenote_active":false,"_monsterinsights_sitenote_note":"","_monsterinsights_sitenote_category":0,"jetpack_post_was_ever_published":false,"_jetpack_newsletter_access":"","_jetpack_dont_email_post_to_subs":false,"_jetpack_newsletter_tier_id":0,"_jetpack_memberships_contains_paywalled_content":false,"_jetpack_memberships_contains_paid_content":false,"footnotes":"","jetpack_publicize_message":"","jetpack_publicize_feature_enabled":true,"jetpack_social_post_already_shared":true,"jetpack_social_options":{"image_generator_settings":{"template":"highway","default_image_id":0,"font":"","enabled":false},"version":2},"_wpas_customize_per_network":false},"categories":[5210],"tags":[39,7500,11814,11815,10113],"class_list":["post-66752","post","type-post","status-publish","format-standard","has-post-thumbnail","hentry","category-politica-nacional","tag-carlos-selva","tag-diputado-nacional","tag-europa","tag-gira-legislativa","tag-politica-nacional","generate-columns","tablet-grid-50","mobile-grid-100","grid-parent","grid-50"],"jetpack_publicize_connections":[],"jetpack_featured_media_url":"https:\/\/www.hoymercedes.com.ar\/principal\/wp-content\/uploads\/2017\/09\/04-selva-europa.jpeg","wps_subtitle":"Junto a otros Diputados Nacionales","jetpack_sharing_enabled":true,"_links":{"self":[{"href":"https:\/\/www.hoymercedes.com.ar\/principal\/wp-json\/wp\/v2\/posts\/66752","targetHints":{"allow":["GET"]}}],"collection":[{"href":"https:\/\/www.hoymercedes.com.ar\/principal\/wp-json\/wp\/v2\/posts"}],"about":[{"href":"https:\/\/www.hoymercedes.com.ar\/principal\/wp-json\/wp\/v2\/types\/post"}],"author":[{"embeddable":true,"href":"https:\/\/www.hoymercedes.com.ar\/principal\/wp-json\/wp\/v2\/users\/1"}],"replies":[{"embeddable":true,"href":"https:\/\/www.hoymercedes.com.ar\/principal\/wp-json\/wp\/v2\/comments?post=66752"}],"version-history":[{"count":0,"href":"https:\/\/www.hoymercedes.com.ar\/principal\/wp-json\/wp\/v2\/posts\/66752\/revisions"}],"wp:featuredmedia":[{"embeddable":true,"href":"https:\/\/www.hoymercedes.com.ar\/principal\/wp-json\/wp\/v2\/media\/66754"}],"wp:attachment":[{"href":"https:\/\/www.hoymercedes.com.ar\/principal\/wp-json\/wp\/v2\/media?parent=66752"}],"wp:term":[{"taxonomy":"category","embeddable":true,"href":"https:\/\/www.hoymercedes.com.ar\/principal\/wp-json\/wp\/v2\/categories?post=66752"},{"taxonomy":"post_tag","embeddable":true,"href":"https:\/\/www.hoymercedes.com.ar\/principal\/wp-json\/wp\/v2\/tags?post=66752"}],"curies":[{"name":"wp","href":"https:\/\/api.w.org\/{rel}","templated":true}]}}