{"id":66758,"date":"2017-09-06T07:39:25","date_gmt":"2017-09-06T10:39:25","guid":{"rendered":"http:\/\/www.hoymercedes.com.ar\/principal\/?p=66758"},"modified":"2017-09-04T21:20:16","modified_gmt":"2017-09-05T00:20:16","slug":"victorias-de-quilmes-en-mini-u13-y-u19","status":"publish","type":"post","link":"https:\/\/www.hoymercedes.com.ar\/principal\/2017\/09\/06\/victorias-de-quilmes-en-mini-u13-y-u19\/","title":{"rendered":"Victorias de Quilmes en Mini, U13 y U19"},"content":{"rendered":"<p><em><strong>Quilmes recibi\u00f3 (nuevamente en cancha de Estudiantes) a Ciudad de Saladillo, en el marco de la 16\u00ba fecha (5\u00ba de las revanchas) de las divisiones formativas de la ABCH. Fueron dos victorias claras en Mini \u00a0y U13, y \u00a0derrotas en U15 y U17.<\/strong><\/em><\/p>\n<p><img loading=\"lazy\" decoding=\"async\" data-attachment-id=\"66759\" data-permalink=\"https:\/\/www.hoymercedes.com.ar\/principal\/2017\/09\/06\/victorias-de-quilmes-en-mini-u13-y-u19\/whatsapp-image-2017-09-02-at-19-06-51\/#main\" data-orig-file=\"https:\/\/www.hoymercedes.com.ar\/principal\/wp-content\/uploads\/2017\/09\/WhatsApp-Image-2017-09-02-at-19.06.51.jpeg\" data-orig-size=\"1040,780\" data-comments-opened=\"0\" data-image-meta=\"{&quot;aperture&quot;:&quot;0&quot;,&quot;credit&quot;:&quot;&quot;,&quot;camera&quot;:&quot;&quot;,&quot;caption&quot;:&quot;&quot;,&quot;created_timestamp&quot;:&quot;0&quot;,&quot;copyright&quot;:&quot;&quot;,&quot;focal_length&quot;:&quot;0&quot;,&quot;iso&quot;:&quot;0&quot;,&quot;shutter_speed&quot;:&quot;0&quot;,&quot;title&quot;:&quot;&quot;,&quot;orientation&quot;:&quot;0&quot;}\" data-image-title=\"WhatsApp Image 2017-09-02 at 19.06.51\" data-image-description=\"\" data-image-caption=\"\" data-large-file=\"https:\/\/www.hoymercedes.com.ar\/principal\/wp-content\/uploads\/2017\/09\/WhatsApp-Image-2017-09-02-at-19.06.51-1024x768.jpeg\" class=\"aligncenter size-medium wp-image-66759\" src=\"https:\/\/www.hoymercedes.com.ar\/principal\/wp-content\/uploads\/2017\/09\/WhatsApp-Image-2017-09-02-at-19.06.51-630x473.jpeg\" alt=\"\" width=\"630\" height=\"473\" srcset=\"https:\/\/www.hoymercedes.com.ar\/principal\/wp-content\/uploads\/2017\/09\/WhatsApp-Image-2017-09-02-at-19.06.51-630x473.jpeg 630w, https:\/\/www.hoymercedes.com.ar\/principal\/wp-content\/uploads\/2017\/09\/WhatsApp-Image-2017-09-02-at-19.06.51-150x113.jpeg 150w, https:\/\/www.hoymercedes.com.ar\/principal\/wp-content\/uploads\/2017\/09\/WhatsApp-Image-2017-09-02-at-19.06.51-1024x768.jpeg 1024w, https:\/\/www.hoymercedes.com.ar\/principal\/wp-content\/uploads\/2017\/09\/WhatsApp-Image-2017-09-02-at-19.06.51.jpeg 1040w\" sizes=\"auto, (max-width: 630px) 100vw, 630px\" \/><\/p>\n<p>En MINI fue victoria por 47-35, doblegando a un rival con el cual hab\u00eda `perdido en la ida. C\u00f3modo el PT (28-10), tuvo un final m\u00e1s apretado pero no comprometido. Ante el siempre dif\u00edcil Ciudad de Saladillo, logr\u00f3 ganar como s\u00f3lo se hizo en la categor\u00eda en el 2015 para obtener aquel campeonato. Brillante lo de Juan Bourdieu (21 puntos).<\/p>\n<p>En U13, se repiti\u00f3 victoria como en la ida (aquella vez en suplementario). Esta vez muy clara por 63-44 con una actuaci\u00f3n descollante y pocas veces vista como la de Juan Bernardo (37 puntos) y una gran actuaci\u00f3n del conjunto todo.<\/p>\n<p>En U15 fue previsible derrota por 36-61 ante un rival superior que se despeg\u00f3, sobre todo, en el tramo final. Buenas actuaciones de Cabana, Aveiro y Valdez.<\/p>\n<p>En U17, tras un buen comienzo (16-13 el primer cuarto), el visitante sac\u00f3 grandes diferencias que culminaron en una diferencia de 19 puntos (49-68), en un juego \u00e1spero por momentos. Los puntos m\u00e1s altos del equipo fueron los de Cosentino y Zunino Sampablo. El equipo sufre la ausencia por lesi\u00f3n del base Gonzalo Alvarez. En el visitante gran actuaci\u00f3n de Arlego (25 ptos., 5 triples) y el jugador estrella que ha pasado por selecciones provinciales S. Mazza (24 ptos).<\/p>\n<p>&nbsp;<\/p>\n<p>La s\u00edntesis de los partidos fueron las siguientes:<\/p>\n<p>&nbsp;<\/p>\n<p><strong>MINI: <\/strong><\/p>\n<p><strong>QUILMES 47:<\/strong>\u00a0Bourdieu 21, J. Cabanas 7, T. Bongiorno 4, Almir\u00f3n 3, J. P. Fernandez 2, Ayesa 2, Milesi 2, Ponce 2, Cend\u00e1n 2, I. Alvarez 2, Acu\u00f1a, Gal\u00e1n, M. Brilado, Basualdo, Portessi, Vigo, Ramponi. DT: G. Retegui<\/p>\n<p><strong>CIUDAD DE SALADILLO 35:\u00a0<\/strong>M. Segura 12, Manzor 5, Galv\u00e1n 5, Vega 5, Valverde 4, Campagnucci 2, Leonardi 2, Hernaez, Grassi, Cui\u00f1as, England. DT: G. Molina<\/p>\n<p>&#8212;&#8212;&#8212;&#8212;&#8212;&#8212;&#8212;&#8212;&#8212;&#8212;&#8212;&#8212;&#8212;&#8212;&#8212;&#8212;&#8212;&#8212;&#8212;&#8212;&#8212;&#8212;&#8212;&#8212;&#8212;&#8212;&#8212;&#8212;&#8212;&#8212;&#8212;&#8212;&#8212;&#8212;&#8212;-<\/p>\n<p><strong>U13<\/strong><\/p>\n<p><strong>QUILMES 63:<\/strong>\u00a0J. Bernardo 37, Quinteros 8, Belzunces 6, Bourdieu 4, Wimber 4, Fanucci 2, Salvador 2, J. Cabanas, Fabro, Coronel, Torres, T. Bongiorno. DT: G. Retegui.<\/p>\n<p><strong>CIUDAD DE SALADILLO 44:<\/strong>\u00a0Garraham 19, M. Arlego 9, V. Silvero 9, F. Medrano 2, L. Rial 2, Pucciarelli 2, Manzor 1, M. Segura, Samperio. M. Contreras. DT: O. Debiasi<\/p>\n<p>&#8212;&#8212;&#8212;&#8212;&#8212;&#8212;&#8212;&#8212;&#8212;&#8212;&#8212;&#8212;&#8212;&#8212;&#8212;&#8212;&#8212;&#8212;&#8212;&#8212;&#8212;&#8212;&#8212;&#8212;&#8212;&#8212;&#8212;&#8212;&#8212;&#8212;&#8212;&#8212;&#8212;&#8212;&#8212;-<\/p>\n<p><strong>U15<\/strong><\/p>\n<p><strong>QUILMES 36:<\/strong>\u00a0Cabana 7, Valdez 7, Beyer 6, Aveiro 5, B. Brilado 3, Graziadei 3, Festugatto 2, Belzunces 2,\u00a0 Carcagno 1, \u00a0Indurain, Lencioni, Tassara. DT: G. Retegui<\/p>\n<p><strong>CIUDAD DE SALADILLO 61:<\/strong>\u00a0F. Sivero 13, Nissi 12, I. Segura 11, Dolcce 8, B. Idoeta 6, Alba 4,\u00a0 Fuillerat 4, Grassi 3, Storti, Samperio, Lucentini, Contreras. DT: O. Debiasi<\/p>\n<p>&#8212;&#8212;&#8212;&#8212;&#8212;&#8212;&#8212;&#8212;&#8212;&#8212;&#8212;&#8212;&#8212;&#8212;&#8212;&#8212;&#8212;&#8212;&#8212;&#8212;&#8212;&#8212;&#8212;&#8212;&#8212;&#8212;&#8212;&#8212;&#8212;&#8212;&#8212;&#8212;&#8212;&#8212;&#8212;-<\/p>\n<p><strong>U17<\/strong><\/p>\n<p><strong>QUILMES \u00a049:<\/strong> Gomez 15, Zunino Sampablo 11, T. Vallejos 10, Cosentino 7,\u00a0 Bal 6, Loch, Lam\u00f3nica, Sanchez, C\u00f3rdoba, B. Brilado, Taramasco, Graziadei. DT: J. L. Giallorenzo<\/p>\n<p><strong>CIUDAD DE SALADILLO 68:<\/strong>\u00a0Arlego 25, S. Mazza 24, Bello 11, Savone 3, F. Sivero 3, N. Segura 2, I. Segura, F. Idoeta, B. Idoeta. DT: O. Debiasi<\/p>\n<p>&nbsp;<\/p>\n<p><strong>JUECES:<\/strong> A. Guzm\u00e1n &#8211; Piacentini<\/p>\n<p>&nbsp;<\/p>\n<p><strong>PR\u00d3XIMA FECHA:<\/strong> 17\u00ba (6\u00ba de la 2\u00ba rueda): \u00a0Quilmes \u2013 Gimnasia (Ch)<\/p>\n<p>&nbsp;<\/p>\n<p><strong>U19:<\/strong> EXCELENTE COMIENZO DE QUILMES<\/p>\n<p>Comenz\u00f3 a desarrollarse el segundo campeonato del a\u00f1o de la categor\u00eda U19. Esta vez ser\u00e1n cinco los equipos participantes, agreg\u00e1ndose Deportivo Col\u00f3n (Ch) que qued\u00f3 libre en la primera fecha. El torneo se denominar\u00e1 \u201cPedro Ga\u00eddo\u201d en homenaje al gran jugador y goleador que pas\u00f3 por clubes de Chivilcoy como Racing y Argentino y otros de primer nivel nacional.<\/p>\n<p>En ese marco, Quilmes arranc\u00f3 el torneo en un gran nivel, superando a un rival muy dif\u00edcil como Ciudad de Saladillo. Fue victoria por 70-36 con grandes actuaciones de A. Vallejos y \u201cPato\u201d Moner, pero sobre todo el gran juego del equipo en defensa y en ataque permiti\u00f3 semejante triunfo.<\/p>\n<p>&nbsp;<\/p>\n<p>La\u00a0 s\u00edntesis del partido fue la siguiente:<\/p>\n<p><strong>QUILMES 70:<\/strong>\u00a0A.Vallejos 26, Moner 25, Cosentino 9, Gomez 3, N. Gonz\u00e1lez 3, Bal 2, Perdomo 2, Zunino Sampablo, Lam\u00f3nica, Taramasco, G. C\u00f3rdoba, T. Vallejos. DT: J. L. Giallorenzo<\/p>\n<p><strong>CIUDAD DE SALADILLO 36:\u00a0<\/strong>K. Rial 12, R. Arlego 11, S. Mazza 7, Bello 4, F. Idoeta 2, Savone, N. Segura, I. Segura. DT: O. Debiasi<\/p>\n<p>&nbsp;<\/p>\n<p><strong>PARCIALES:<\/strong> 20-15 \/ 9-8 \/ 22-4 \/ 19-9<\/p>\n<p>&nbsp;<\/p>\n<p><strong>OTRO RESULTADO:FECHA 1\u00ba<\/strong><\/p>\n<p>Argentino (Ch) 74 \u2013 Rcing Club (Ch) 57<\/p>\n<p>Libre: Col\u00f3n (Ch)<\/p>\n<p>&nbsp;<\/p>\n<p><strong>U13: JUAN BERNARDO CONFIRMADO ENTRE LOS 12<\/strong><\/p>\n<p>&nbsp;<\/p>\n<p>El jugador de b\u00e1squet de Quilmes Juan Bernardo fue confirmado entre los 12 que disputar\u00e1n el Provincial de la categor\u00eda en la Ciudad de Bragado entre los d\u00edas 14 y 17 de Septiembre. En el d\u00eda de ayer el cuerpo t\u00e9cnico que tiene a Juan Pablo Cassani de Bragado Club como entrenador principal, junto a Osvaldo Debiasi de Ciudad de Saladillo e Ignacio Devida de Deportivo Col\u00f3n como asistentes, ha citado a los 12 jugadores a las 10 hs en el estadio del Club San Lorenzo de Chivilcoy, donde se realiz\u00f3 un entrenamiento matutino y luego, desde las 15 en el Estadio \u00abNorte\u00bb del Club Racing, se jug\u00f3 un partido amistoso ante el equipo U15 del Club Deportivo Col\u00f3n.<\/p>\n<p>El equipo definitivo de la Asociaci\u00f3n B\u00e1squetbol Chivilcoy que participar\u00e1 del Campeonato Provincial U13, es el siguiente: Andr\u00e9s Ventieri, Mateo R\u00edos y Lorenzo Gonz\u00e1lez (Deportivo Col\u00f3n); Emanuel Boveri (Racing Club); Juan Lizos (San Lorenzo); Juan Bernardo (Quilmes de Mercedes); Ciro Coscarelli (Sportivo 25 de Mayo); Axel Garraham (Ciudad de Saladillo); Tom\u00e1s Loriente, Valent\u00edn Garruba, Juan Mendiz\u00e1bal, e I\u00f1igo Bulleguini (Bragado).<\/p>\n<p><img loading=\"lazy\" decoding=\"async\" data-attachment-id=\"66760\" data-permalink=\"https:\/\/www.hoymercedes.com.ar\/principal\/2017\/09\/06\/victorias-de-quilmes-en-mini-u13-y-u19\/whatsapp-image-2017-09-02-at-19-06-47\/#main\" data-orig-file=\"https:\/\/www.hoymercedes.com.ar\/principal\/wp-content\/uploads\/2017\/09\/WhatsApp-Image-2017-09-02-at-19.06.47.jpeg\" data-orig-size=\"586,1264\" data-comments-opened=\"0\" data-image-meta=\"{&quot;aperture&quot;:&quot;0&quot;,&quot;credit&quot;:&quot;&quot;,&quot;camera&quot;:&quot;&quot;,&quot;caption&quot;:&quot;&quot;,&quot;created_timestamp&quot;:&quot;0&quot;,&quot;copyright&quot;:&quot;&quot;,&quot;focal_length&quot;:&quot;0&quot;,&quot;iso&quot;:&quot;0&quot;,&quot;shutter_speed&quot;:&quot;0&quot;,&quot;title&quot;:&quot;&quot;,&quot;orientation&quot;:&quot;0&quot;}\" data-image-title=\"WhatsApp Image 2017-09-02 at 19.06.47\" data-image-description=\"\" data-image-caption=\"\" data-large-file=\"https:\/\/www.hoymercedes.com.ar\/principal\/wp-content\/uploads\/2017\/09\/WhatsApp-Image-2017-09-02-at-19.06.47-475x1024.jpeg\" class=\"aligncenter size-medium wp-image-66760\" src=\"https:\/\/www.hoymercedes.com.ar\/principal\/wp-content\/uploads\/2017\/09\/WhatsApp-Image-2017-09-02-at-19.06.47-287x620.jpeg\" alt=\"\" width=\"287\" height=\"620\" srcset=\"https:\/\/www.hoymercedes.com.ar\/principal\/wp-content\/uploads\/2017\/09\/WhatsApp-Image-2017-09-02-at-19.06.47-287x620.jpeg 287w, https:\/\/www.hoymercedes.com.ar\/principal\/wp-content\/uploads\/2017\/09\/WhatsApp-Image-2017-09-02-at-19.06.47-70x150.jpeg 70w, https:\/\/www.hoymercedes.com.ar\/principal\/wp-content\/uploads\/2017\/09\/WhatsApp-Image-2017-09-02-at-19.06.47-475x1024.jpeg 475w, https:\/\/www.hoymercedes.com.ar\/principal\/wp-content\/uploads\/2017\/09\/WhatsApp-Image-2017-09-02-at-19.06.47.jpeg 586w\" sizes=\"auto, (max-width: 287px) 100vw, 287px\" \/><\/p>\n","protected":false},"excerpt":{"rendered":"<p>Quilmes recibi\u00f3 (nuevamente en cancha de Estudiantes) a Ciudad de Saladillo, en el marco de la 16\u00ba fecha (5\u00ba de &#8230; <a title=\"Victorias de Quilmes en Mini, U13 y U19\" class=\"read-more\" href=\"https:\/\/www.hoymercedes.com.ar\/principal\/2017\/09\/06\/victorias-de-quilmes-en-mini-u13-y-u19\/\" aria-label=\"Leer m\u00e1s sobre Victorias de Quilmes en Mini, U13 y U19\">Leer m\u00e1s<\/a><\/p>\n","protected":false},"author":1,"featured_media":66759,"comment_status":"closed","ping_status":"open","sticky":false,"template":"","format":"standard","meta":{"_monsterinsights_skip_tracking":false,"_monsterinsights_sitenote_active":false,"_monsterinsights_sitenote_note":"","_monsterinsights_sitenote_category":0,"jetpack_post_was_ever_published":false,"_jetpack_newsletter_access":"","_jetpack_dont_email_post_to_subs":false,"_jetpack_newsletter_tier_id":0,"_jetpack_memberships_contains_paywalled_content":false,"_jetpack_memberships_contains_paid_content":false,"footnotes":"","jetpack_publicize_message":"","jetpack_publicize_feature_enabled":true,"jetpack_social_post_already_shared":true,"jetpack_social_options":{"image_generator_settings":{"template":"highway","default_image_id":0,"font":"","enabled":false},"version":2},"_wpas_customize_per_network":false},"categories":[21],"tags":[11301,204,11819,1413,10893],"class_list":["post-66758","post","type-post","status-publish","format-standard","has-post-thumbnail","hentry","category-deportes","tag-basquet-inferiores","tag-deportes-2","tag-mini-u13","tag-quilmes","tag-u19","generate-columns","tablet-grid-50","mobile-grid-100","grid-parent","grid-50"],"jetpack_publicize_connections":[],"jetpack_featured_media_url":"https:\/\/www.hoymercedes.com.ar\/principal\/wp-content\/uploads\/2017\/09\/WhatsApp-Image-2017-09-02-at-19.06.51.jpeg","wps_subtitle":"Basquet Inferiores","jetpack_sharing_enabled":true,"_links":{"self":[{"href":"https:\/\/www.hoymercedes.com.ar\/principal\/wp-json\/wp\/v2\/posts\/66758","targetHints":{"allow":["GET"]}}],"collection":[{"href":"https:\/\/www.hoymercedes.com.ar\/principal\/wp-json\/wp\/v2\/posts"}],"about":[{"href":"https:\/\/www.hoymercedes.com.ar\/principal\/wp-json\/wp\/v2\/types\/post"}],"author":[{"embeddable":true,"href":"https:\/\/www.hoymercedes.com.ar\/principal\/wp-json\/wp\/v2\/users\/1"}],"replies":[{"embeddable":true,"href":"https:\/\/www.hoymercedes.com.ar\/principal\/wp-json\/wp\/v2\/comments?post=66758"}],"version-history":[{"count":0,"href":"https:\/\/www.hoymercedes.com.ar\/principal\/wp-json\/wp\/v2\/posts\/66758\/revisions"}],"wp:featuredmedia":[{"embeddable":true,"href":"https:\/\/www.hoymercedes.com.ar\/principal\/wp-json\/wp\/v2\/media\/66759"}],"wp:attachment":[{"href":"https:\/\/www.hoymercedes.com.ar\/principal\/wp-json\/wp\/v2\/media?parent=66758"}],"wp:term":[{"taxonomy":"category","embeddable":true,"href":"https:\/\/www.hoymercedes.com.ar\/principal\/wp-json\/wp\/v2\/categories?post=66758"},{"taxonomy":"post_tag","embeddable":true,"href":"https:\/\/www.hoymercedes.com.ar\/principal\/wp-json\/wp\/v2\/tags?post=66758"}],"curies":[{"name":"wp","href":"https:\/\/api.w.org\/{rel}","templated":true}]}}