{"id":66769,"date":"2017-09-07T07:48:00","date_gmt":"2017-09-07T10:48:00","guid":{"rendered":"http:\/\/www.hoymercedes.com.ar\/principal\/?p=66769"},"modified":"2017-09-04T21:18:46","modified_gmt":"2017-09-05T00:18:46","slug":"el-fronton-campeon-de-primera-division-de-futbol-femenino","status":"publish","type":"post","link":"https:\/\/www.hoymercedes.com.ar\/principal\/2017\/09\/07\/el-fronton-campeon-de-primera-division-de-futbol-femenino\/","title":{"rendered":"El Front\u00f3n, campe\u00f3n de Primera Divisi\u00f3n de F\u00fatbol Femenino"},"content":{"rendered":"<p><strong><em>En el campo de Deportes del Club Mercedes se jug\u00f3 la \u00faltima fecha del torneo de Primera Divisi\u00f3n de F\u00fatbol Femenino, certamen organizado por primera vez por la Liga Mercedina de F\u00fatbol. El Front\u00f3n, que depend\u00eda de s\u00ed mismo para dar la vuelta ol\u00edmpica, termin\u00f3 logrando el objetivo al golear a V\u00e9lez, equipo que tambi\u00e9n peleaba por el t\u00edtulo, pero que no pudo sostener la lucha en las \u00faltimas dos jornadas.<\/em><\/strong><\/p>\n<p><img loading=\"lazy\" decoding=\"async\" data-attachment-id=\"66770\" data-permalink=\"https:\/\/www.hoymercedes.com.ar\/principal\/2017\/09\/07\/el-fronton-campeon-de-primera-division-de-futbol-femenino\/el-fronton-fut-fem\/#main\" data-orig-file=\"https:\/\/www.hoymercedes.com.ar\/principal\/wp-content\/uploads\/2017\/09\/El-Fronton-Fut-Fem.jpg\" data-orig-size=\"960,640\" data-comments-opened=\"0\" data-image-meta=\"{&quot;aperture&quot;:&quot;0&quot;,&quot;credit&quot;:&quot;&quot;,&quot;camera&quot;:&quot;&quot;,&quot;caption&quot;:&quot;&quot;,&quot;created_timestamp&quot;:&quot;0&quot;,&quot;copyright&quot;:&quot;&quot;,&quot;focal_length&quot;:&quot;0&quot;,&quot;iso&quot;:&quot;0&quot;,&quot;shutter_speed&quot;:&quot;0&quot;,&quot;title&quot;:&quot;&quot;,&quot;orientation&quot;:&quot;0&quot;}\" data-image-title=\"El Fronton Fut Fem\" data-image-description=\"\" data-image-caption=\"\" data-large-file=\"https:\/\/www.hoymercedes.com.ar\/principal\/wp-content\/uploads\/2017\/09\/El-Fronton-Fut-Fem.jpg\" class=\"aligncenter size-medium wp-image-66770\" src=\"https:\/\/www.hoymercedes.com.ar\/principal\/wp-content\/uploads\/2017\/09\/El-Fronton-Fut-Fem-630x420.jpg\" alt=\"\" width=\"630\" height=\"420\" srcset=\"https:\/\/www.hoymercedes.com.ar\/principal\/wp-content\/uploads\/2017\/09\/El-Fronton-Fut-Fem-630x420.jpg 630w, https:\/\/www.hoymercedes.com.ar\/principal\/wp-content\/uploads\/2017\/09\/El-Fronton-Fut-Fem-150x100.jpg 150w, https:\/\/www.hoymercedes.com.ar\/principal\/wp-content\/uploads\/2017\/09\/El-Fronton-Fut-Fem-300x200.jpg 300w, https:\/\/www.hoymercedes.com.ar\/principal\/wp-content\/uploads\/2017\/09\/El-Fronton-Fut-Fem.jpg 960w\" sizes=\"auto, (max-width: 630px) 100vw, 630px\" \/><\/p>\n<p>Fue victoria por 5 a 0 para las chicas de San Andr\u00e9s de Giles, con tantos de Lorena Cepeda en tres ocasiones, Josefina Mu\u00f1oz y Andrea Pacheco. La jornada se abri\u00f3 con la victoria de Uni\u00f3n por 2 a 0 ante Programa Envi\u00f3n y luego Club Mercedes perdi\u00f3 ante Estudiantes 3 a 1.<\/p>\n<p>El equipo campe\u00f3n estuvo integrado por Agostina Bustos, Daniela Cano, Mar\u00eda Lorena Cepeda, Yuliana Ifr\u00e1n, Mar\u00eda Vanesa ITurri\u00f3z, Josefina Mu\u00f1oz, Andrea Pacheco, Yamila Pacheco, Marina Prado, Teresa Vallejos, Delfina D\u00edaz, Laura Fern\u00e1ndez, Mar\u00eda Victoria Funes, Malena Gait\u00e1n y Marianela Sorensen.<\/p>\n<p>Una vez finalizado el torneo de inferiores, se reanudar\u00e1 una nueva media temporada con la posibilidad de que se sumen Comunicaciones y ALFA, de Olivera. Las categor\u00edas Sub 13 y Sub 15 se estar\u00e1n definiendo el pr\u00f3ximo domingo.<\/p>\n<p><strong>S\u00edntesis &#8211; fecha 6<\/strong><\/p>\n<p><strong>Uni\u00f3n 2<\/strong>: Mercedes Carabajal y Lucrecia Gamarra<\/p>\n<p><strong>Programa Envi\u00f3n 0<\/strong><\/p>\n<p>&nbsp;<\/p>\n<p><strong>Mercedes 1:<\/strong> Milagros Gauna<\/p>\n<p><strong>Estudiantes 3:<\/strong> Guillermina Crivella y Pamela Leiva (2)<\/p>\n<p>&nbsp;<\/p>\n<p><strong>V\u00e9lez 0<\/strong><\/p>\n<p><strong>El Front\u00f3n 5:\u00a0<\/strong>Lorena Cepeda (3), Josefina Mu\u00f1oz y Andrea Pacheco<\/p>\n<p><img loading=\"lazy\" decoding=\"async\" data-attachment-id=\"66771\" data-permalink=\"https:\/\/www.hoymercedes.com.ar\/principal\/2017\/09\/07\/el-fronton-campeon-de-primera-division-de-futbol-femenino\/primera-78\/#main\" data-orig-file=\"https:\/\/www.hoymercedes.com.ar\/principal\/wp-content\/uploads\/2017\/09\/PRIMERA.png\" data-orig-size=\"491,195\" data-comments-opened=\"0\" data-image-meta=\"{&quot;aperture&quot;:&quot;0&quot;,&quot;credit&quot;:&quot;&quot;,&quot;camera&quot;:&quot;&quot;,&quot;caption&quot;:&quot;&quot;,&quot;created_timestamp&quot;:&quot;0&quot;,&quot;copyright&quot;:&quot;&quot;,&quot;focal_length&quot;:&quot;0&quot;,&quot;iso&quot;:&quot;0&quot;,&quot;shutter_speed&quot;:&quot;0&quot;,&quot;title&quot;:&quot;&quot;,&quot;orientation&quot;:&quot;0&quot;}\" data-image-title=\"PRIMERA\" data-image-description=\"\" data-image-caption=\"\" data-large-file=\"https:\/\/www.hoymercedes.com.ar\/principal\/wp-content\/uploads\/2017\/09\/PRIMERA.png\" class=\"aligncenter size-full wp-image-66771\" src=\"https:\/\/www.hoymercedes.com.ar\/principal\/wp-content\/uploads\/2017\/09\/PRIMERA.png\" alt=\"\" width=\"491\" height=\"195\" srcset=\"https:\/\/www.hoymercedes.com.ar\/principal\/wp-content\/uploads\/2017\/09\/PRIMERA.png 491w, https:\/\/www.hoymercedes.com.ar\/principal\/wp-content\/uploads\/2017\/09\/PRIMERA-150x60.png 150w\" sizes=\"auto, (max-width: 491px) 100vw, 491px\" \/><\/p>\n<p>&nbsp;<\/p>\n<p><img loading=\"lazy\" decoding=\"async\" data-attachment-id=\"66772\" data-permalink=\"https:\/\/www.hoymercedes.com.ar\/principal\/2017\/09\/07\/el-fronton-campeon-de-primera-division-de-futbol-femenino\/goles-primera-5\/#main\" data-orig-file=\"https:\/\/www.hoymercedes.com.ar\/principal\/wp-content\/uploads\/2017\/09\/Goles-Primera.png\" data-orig-size=\"308,726\" data-comments-opened=\"0\" data-image-meta=\"{&quot;aperture&quot;:&quot;0&quot;,&quot;credit&quot;:&quot;&quot;,&quot;camera&quot;:&quot;&quot;,&quot;caption&quot;:&quot;&quot;,&quot;created_timestamp&quot;:&quot;0&quot;,&quot;copyright&quot;:&quot;&quot;,&quot;focal_length&quot;:&quot;0&quot;,&quot;iso&quot;:&quot;0&quot;,&quot;shutter_speed&quot;:&quot;0&quot;,&quot;title&quot;:&quot;&quot;,&quot;orientation&quot;:&quot;0&quot;}\" data-image-title=\"Goles Primera\" data-image-description=\"\" data-image-caption=\"\" data-large-file=\"https:\/\/www.hoymercedes.com.ar\/principal\/wp-content\/uploads\/2017\/09\/Goles-Primera.png\" class=\"aligncenter size-medium wp-image-66772\" src=\"https:\/\/www.hoymercedes.com.ar\/principal\/wp-content\/uploads\/2017\/09\/Goles-Primera-263x620.png\" alt=\"\" width=\"263\" height=\"620\" srcset=\"https:\/\/www.hoymercedes.com.ar\/principal\/wp-content\/uploads\/2017\/09\/Goles-Primera-263x620.png 263w, https:\/\/www.hoymercedes.com.ar\/principal\/wp-content\/uploads\/2017\/09\/Goles-Primera-64x150.png 64w, https:\/\/www.hoymercedes.com.ar\/principal\/wp-content\/uploads\/2017\/09\/Goles-Primera.png 308w\" sizes=\"auto, (max-width: 263px) 100vw, 263px\" \/><\/p>\n<p>&nbsp;<\/p>\n","protected":false},"excerpt":{"rendered":"<p>En el campo de Deportes del Club Mercedes se jug\u00f3 la \u00faltima fecha del torneo de Primera Divisi\u00f3n de F\u00fatbol &#8230; <a title=\"El Front\u00f3n, campe\u00f3n de Primera Divisi\u00f3n de F\u00fatbol Femenino\" class=\"read-more\" href=\"https:\/\/www.hoymercedes.com.ar\/principal\/2017\/09\/07\/el-fronton-campeon-de-primera-division-de-futbol-femenino\/\" aria-label=\"Leer m\u00e1s sobre El Front\u00f3n, campe\u00f3n de Primera Divisi\u00f3n de F\u00fatbol Femenino\">Leer m\u00e1s<\/a><\/p>\n","protected":false},"author":1,"featured_media":66770,"comment_status":"closed","ping_status":"open","sticky":false,"template":"","format":"standard","meta":{"_monsterinsights_skip_tracking":false,"_monsterinsights_sitenote_active":false,"_monsterinsights_sitenote_note":"","_monsterinsights_sitenote_category":0,"jetpack_post_was_ever_published":false,"_jetpack_newsletter_access":"","_jetpack_dont_email_post_to_subs":false,"_jetpack_newsletter_tier_id":0,"_jetpack_memberships_contains_paywalled_content":false,"_jetpack_memberships_contains_paid_content":false,"footnotes":"","jetpack_publicize_message":"","jetpack_publicize_feature_enabled":true,"jetpack_social_post_already_shared":true,"jetpack_social_options":{"image_generator_settings":{"template":"highway","default_image_id":0,"font":"","enabled":false},"version":2},"_wpas_customize_per_network":false},"categories":[21],"tags":[204,1812,895,1901,8996],"class_list":["post-66769","post","type-post","status-publish","format-standard","has-post-thumbnail","hentry","category-deportes","tag-deportes-2","tag-el-fronton","tag-futbol-femenino","tag-liga-mercedina","tag-primera-division","generate-columns","tablet-grid-50","mobile-grid-100","grid-parent","grid-50"],"jetpack_publicize_connections":[],"jetpack_featured_media_url":"https:\/\/www.hoymercedes.com.ar\/principal\/wp-content\/uploads\/2017\/09\/El-Fronton-Fut-Fem.jpg","wps_subtitle":"Liga Mercedina","jetpack_sharing_enabled":true,"_links":{"self":[{"href":"https:\/\/www.hoymercedes.com.ar\/principal\/wp-json\/wp\/v2\/posts\/66769","targetHints":{"allow":["GET"]}}],"collection":[{"href":"https:\/\/www.hoymercedes.com.ar\/principal\/wp-json\/wp\/v2\/posts"}],"about":[{"href":"https:\/\/www.hoymercedes.com.ar\/principal\/wp-json\/wp\/v2\/types\/post"}],"author":[{"embeddable":true,"href":"https:\/\/www.hoymercedes.com.ar\/principal\/wp-json\/wp\/v2\/users\/1"}],"replies":[{"embeddable":true,"href":"https:\/\/www.hoymercedes.com.ar\/principal\/wp-json\/wp\/v2\/comments?post=66769"}],"version-history":[{"count":0,"href":"https:\/\/www.hoymercedes.com.ar\/principal\/wp-json\/wp\/v2\/posts\/66769\/revisions"}],"wp:featuredmedia":[{"embeddable":true,"href":"https:\/\/www.hoymercedes.com.ar\/principal\/wp-json\/wp\/v2\/media\/66770"}],"wp:attachment":[{"href":"https:\/\/www.hoymercedes.com.ar\/principal\/wp-json\/wp\/v2\/media?parent=66769"}],"wp:term":[{"taxonomy":"category","embeddable":true,"href":"https:\/\/www.hoymercedes.com.ar\/principal\/wp-json\/wp\/v2\/categories?post=66769"},{"taxonomy":"post_tag","embeddable":true,"href":"https:\/\/www.hoymercedes.com.ar\/principal\/wp-json\/wp\/v2\/tags?post=66769"}],"curies":[{"name":"wp","href":"https:\/\/api.w.org\/{rel}","templated":true}]}}