{"id":66774,"date":"2017-09-05T10:30:37","date_gmt":"2017-09-05T13:30:37","guid":{"rendered":"http:\/\/www.hoymercedes.com.ar\/principal\/?p=66774"},"modified":"2017-09-05T10:06:19","modified_gmt":"2017-09-05T13:06:19","slug":"en-reserva-ateneo-goleo-velez-se-subio-a-la-punta-y-union-freno-a-el-fronton","status":"publish","type":"post","link":"https:\/\/www.hoymercedes.com.ar\/principal\/2017\/09\/05\/en-reserva-ateneo-goleo-velez-se-subio-a-la-punta-y-union-freno-a-el-fronton\/","title":{"rendered":"En Reserva, Ateneo gole\u00f3, V\u00e9lez se subi\u00f3 a la punta y Uni\u00f3n fren\u00f3 a El Front\u00f3n"},"content":{"rendered":"<p><em><strong>Con dos partidos suspendidos se jug\u00f3 este s\u00e1bado la sexta fecha del torneo de Reserva de la Liga Mercedina de F\u00fatbol que tiene varios encuentros adeudados. El Front\u00f3n fren\u00f3 su racha de victorias con un empate como local ante Uni\u00f3n, pero sigue liderando la Zona A. En la B, AMEFIP empat\u00f3 con Mercedes y eso le posibilit\u00f3 a V\u00e9lez ser el nuevo l\u00edder, ya que derrot\u00f3 a Trocha. En la Zona C, Ateneo gole\u00f3 a El Tim\u00f3n y Pabell\u00f3n perdi\u00f3 terreno tras perder ante Comunicaciones.\u00a0<\/strong><\/em><\/p>\n<p>&nbsp;<\/p>\n<table style=\"height: 506px;\" width=\"770\">\n<tbody>\n<tr>\n<td width=\"108\">Fecha 6<\/td>\n<td width=\"14\"><\/td>\n<td width=\"439\"><\/td>\n<\/tr>\n<tr>\n<td>Ateneo<\/td>\n<td>6<\/td>\n<td>Leonardo Chaparro (5) y Ger\u00f3nimo Puricelli<\/td>\n<\/tr>\n<tr>\n<td>El Tim\u00f3n<\/td>\n<td>1<\/td>\n<td>Federico Monz\u00f3n<\/td>\n<\/tr>\n<tr>\n<td><\/td>\n<td><\/td>\n<td><\/td>\n<\/tr>\n<tr>\n<td>AMEFIP<\/td>\n<td>2<\/td>\n<td>Mat\u00edas Baiardi (2)<\/td>\n<\/tr>\n<tr>\n<td>Mercedes<\/td>\n<td>2<\/td>\n<td>Juli\u00e1n Lussello y Guillermo Benedetti<\/td>\n<\/tr>\n<tr>\n<td><\/td>\n<td><\/td>\n<td><\/td>\n<\/tr>\n<tr>\n<td>Trocha<\/td>\n<td>0<\/td>\n<td><\/td>\n<\/tr>\n<tr>\n<td>Velez<\/td>\n<td>1<\/td>\n<td>Sebasti\u00e1n Viola<\/td>\n<\/tr>\n<tr>\n<td><\/td>\n<td><\/td>\n<td><\/td>\n<\/tr>\n<tr>\n<td>Comunicaciones<\/td>\n<td>1<\/td>\n<td>Mat\u00edas Colombo<\/td>\n<\/tr>\n<tr>\n<td>Pabell\u00f3n<\/td>\n<td>0<\/td>\n<td><\/td>\n<\/tr>\n<tr>\n<td><\/td>\n<td><\/td>\n<td><\/td>\n<\/tr>\n<tr>\n<td>Atl. MP<\/td>\n<td>2<\/td>\n<td>Alexis Rocha y Mat\u00edas \u00c1vila<\/td>\n<\/tr>\n<tr>\n<td>Costa Brava<\/td>\n<td>0<\/td>\n<td><\/td>\n<\/tr>\n<tr>\n<td><\/td>\n<td><\/td>\n<td><\/td>\n<\/tr>\n<tr>\n<td>El Front\u00f3n<\/td>\n<td>2<\/td>\n<td>Sergio G\u00f3mez y Jos\u00e9 Mansilla<\/td>\n<\/tr>\n<tr>\n<td>Costa Brava<\/td>\n<td>2<\/td>\n<td>Mauricio Delgado (2)<\/td>\n<\/tr>\n<\/tbody>\n<\/table>\n<p>&nbsp;<\/p>\n<p><img loading=\"lazy\" decoding=\"async\" data-attachment-id=\"66775\" data-permalink=\"https:\/\/www.hoymercedes.com.ar\/principal\/2017\/09\/05\/en-reserva-ateneo-goleo-velez-se-subio-a-la-punta-y-union-freno-a-el-fronton\/pos-reserva-30\/#main\" data-orig-file=\"https:\/\/www.hoymercedes.com.ar\/principal\/wp-content\/uploads\/2017\/09\/Pos-Reserva.png\" data-orig-size=\"488,577\" data-comments-opened=\"0\" data-image-meta=\"{&quot;aperture&quot;:&quot;0&quot;,&quot;credit&quot;:&quot;&quot;,&quot;camera&quot;:&quot;&quot;,&quot;caption&quot;:&quot;&quot;,&quot;created_timestamp&quot;:&quot;0&quot;,&quot;copyright&quot;:&quot;&quot;,&quot;focal_length&quot;:&quot;0&quot;,&quot;iso&quot;:&quot;0&quot;,&quot;shutter_speed&quot;:&quot;0&quot;,&quot;title&quot;:&quot;&quot;,&quot;orientation&quot;:&quot;0&quot;}\" data-image-title=\"Pos Reserva\" data-image-description=\"\" data-image-caption=\"\" data-large-file=\"https:\/\/www.hoymercedes.com.ar\/principal\/wp-content\/uploads\/2017\/09\/Pos-Reserva.png\" class=\"aligncenter size-full wp-image-66775\" src=\"https:\/\/www.hoymercedes.com.ar\/principal\/wp-content\/uploads\/2017\/09\/Pos-Reserva.png\" alt=\"\" width=\"488\" height=\"577\" srcset=\"https:\/\/www.hoymercedes.com.ar\/principal\/wp-content\/uploads\/2017\/09\/Pos-Reserva.png 488w, https:\/\/www.hoymercedes.com.ar\/principal\/wp-content\/uploads\/2017\/09\/Pos-Reserva-127x150.png 127w\" sizes=\"auto, (max-width: 488px) 100vw, 488px\" \/><\/p>\n<p>&nbsp;<\/p>\n<p><img loading=\"lazy\" decoding=\"async\" data-attachment-id=\"66776\" data-permalink=\"https:\/\/www.hoymercedes.com.ar\/principal\/2017\/09\/05\/en-reserva-ateneo-goleo-velez-se-subio-a-la-punta-y-union-freno-a-el-fronton\/goles-reserva-28\/#main\" data-orig-file=\"https:\/\/www.hoymercedes.com.ar\/principal\/wp-content\/uploads\/2017\/09\/Goles-Reserva.png\" data-orig-size=\"311,553\" data-comments-opened=\"0\" data-image-meta=\"{&quot;aperture&quot;:&quot;0&quot;,&quot;credit&quot;:&quot;&quot;,&quot;camera&quot;:&quot;&quot;,&quot;caption&quot;:&quot;&quot;,&quot;created_timestamp&quot;:&quot;0&quot;,&quot;copyright&quot;:&quot;&quot;,&quot;focal_length&quot;:&quot;0&quot;,&quot;iso&quot;:&quot;0&quot;,&quot;shutter_speed&quot;:&quot;0&quot;,&quot;title&quot;:&quot;&quot;,&quot;orientation&quot;:&quot;0&quot;}\" data-image-title=\"Goles Reserva\" data-image-description=\"\" data-image-caption=\"\" data-large-file=\"https:\/\/www.hoymercedes.com.ar\/principal\/wp-content\/uploads\/2017\/09\/Goles-Reserva.png\" class=\"aligncenter size-full wp-image-66776\" src=\"https:\/\/www.hoymercedes.com.ar\/principal\/wp-content\/uploads\/2017\/09\/Goles-Reserva.png\" alt=\"\" width=\"311\" height=\"553\" srcset=\"https:\/\/www.hoymercedes.com.ar\/principal\/wp-content\/uploads\/2017\/09\/Goles-Reserva.png 311w, https:\/\/www.hoymercedes.com.ar\/principal\/wp-content\/uploads\/2017\/09\/Goles-Reserva-84x150.png 84w\" sizes=\"auto, (max-width: 311px) 100vw, 311px\" \/><\/p>\n","protected":false},"excerpt":{"rendered":"<p>Con dos partidos suspendidos se jug\u00f3 este s\u00e1bado la sexta fecha del torneo de Reserva de la Liga Mercedina de &#8230; <a title=\"En Reserva, Ateneo gole\u00f3, V\u00e9lez se subi\u00f3 a la punta y Uni\u00f3n fren\u00f3 a El Front\u00f3n\" class=\"read-more\" href=\"https:\/\/www.hoymercedes.com.ar\/principal\/2017\/09\/05\/en-reserva-ateneo-goleo-velez-se-subio-a-la-punta-y-union-freno-a-el-fronton\/\" aria-label=\"Leer m\u00e1s sobre En Reserva, Ateneo gole\u00f3, V\u00e9lez se subi\u00f3 a la punta y Uni\u00f3n fren\u00f3 a El Front\u00f3n\">Leer m\u00e1s<\/a><\/p>\n","protected":false},"author":1,"featured_media":66775,"comment_status":"closed","ping_status":"open","sticky":false,"template":"","format":"standard","meta":{"_monsterinsights_skip_tracking":false,"_monsterinsights_sitenote_active":false,"_monsterinsights_sitenote_note":"","_monsterinsights_sitenote_category":0,"jetpack_post_was_ever_published":false,"_jetpack_newsletter_access":"","_jetpack_dont_email_post_to_subs":false,"_jetpack_newsletter_tier_id":0,"_jetpack_memberships_contains_paywalled_content":false,"_jetpack_memberships_contains_paid_content":false,"footnotes":"","jetpack_publicize_message":"","jetpack_publicize_feature_enabled":true,"jetpack_social_post_already_shared":true,"jetpack_social_options":{"image_generator_settings":{"template":"highway","default_image_id":0,"font":"","enabled":false},"version":2},"_wpas_customize_per_network":false},"categories":[21],"tags":[2254,204,1003,1901,8775,445],"class_list":["post-66774","post","type-post","status-publish","format-standard","has-post-thumbnail","hentry","category-deportes","tag-ateneo","tag-deportes-2","tag-futbol","tag-liga-mercedina","tag-reserva","tag-velez","generate-columns","tablet-grid-50","mobile-grid-100","grid-parent","grid-50"],"jetpack_publicize_connections":[],"jetpack_featured_media_url":"https:\/\/www.hoymercedes.com.ar\/principal\/wp-content\/uploads\/2017\/09\/Pos-Reserva.png","wps_subtitle":"Liga Mercedina","jetpack_sharing_enabled":true,"_links":{"self":[{"href":"https:\/\/www.hoymercedes.com.ar\/principal\/wp-json\/wp\/v2\/posts\/66774","targetHints":{"allow":["GET"]}}],"collection":[{"href":"https:\/\/www.hoymercedes.com.ar\/principal\/wp-json\/wp\/v2\/posts"}],"about":[{"href":"https:\/\/www.hoymercedes.com.ar\/principal\/wp-json\/wp\/v2\/types\/post"}],"author":[{"embeddable":true,"href":"https:\/\/www.hoymercedes.com.ar\/principal\/wp-json\/wp\/v2\/users\/1"}],"replies":[{"embeddable":true,"href":"https:\/\/www.hoymercedes.com.ar\/principal\/wp-json\/wp\/v2\/comments?post=66774"}],"version-history":[{"count":0,"href":"https:\/\/www.hoymercedes.com.ar\/principal\/wp-json\/wp\/v2\/posts\/66774\/revisions"}],"wp:featuredmedia":[{"embeddable":true,"href":"https:\/\/www.hoymercedes.com.ar\/principal\/wp-json\/wp\/v2\/media\/66775"}],"wp:attachment":[{"href":"https:\/\/www.hoymercedes.com.ar\/principal\/wp-json\/wp\/v2\/media?parent=66774"}],"wp:term":[{"taxonomy":"category","embeddable":true,"href":"https:\/\/www.hoymercedes.com.ar\/principal\/wp-json\/wp\/v2\/categories?post=66774"},{"taxonomy":"post_tag","embeddable":true,"href":"https:\/\/www.hoymercedes.com.ar\/principal\/wp-json\/wp\/v2\/tags?post=66774"}],"curies":[{"name":"wp","href":"https:\/\/api.w.org\/{rel}","templated":true}]}}