{"id":66783,"date":"2017-09-04T21:45:34","date_gmt":"2017-09-05T00:45:34","guid":{"rendered":"http:\/\/www.hoymercedes.com.ar\/principal\/?p=66783"},"modified":"2017-09-04T21:45:34","modified_gmt":"2017-09-05T00:45:34","slug":"celebraron-los-130-anos-de-la-biblioteca-sarmiento","status":"publish","type":"post","link":"https:\/\/www.hoymercedes.com.ar\/principal\/2017\/09\/04\/celebraron-los-130-anos-de-la-biblioteca-sarmiento\/","title":{"rendered":"Celebraron los 130 a\u00f1os de la Biblioteca Sarmiento"},"content":{"rendered":"<p>Este 4 de septiembre de 2017, la Biblioteca Popular Domingo Faustino Sarmiento de Mercedes, instituci\u00f3n que se cre\u00f3 en 1887 con el conocimiento de ex presidente un a\u00f1o antes de su fallecimiento, cumpli\u00f3 130 a\u00f1os y lo celebr\u00f3 con un breve y sencillo acto delante del edificio de Avenida 29 entre 28 y 30.<\/p>\n<p><img loading=\"lazy\" decoding=\"async\" data-attachment-id=\"66784\" data-permalink=\"https:\/\/www.hoymercedes.com.ar\/principal\/2017\/09\/04\/celebraron-los-130-anos-de-la-biblioteca-sarmiento\/04-biblioteca-sarmiento\/#main\" data-orig-file=\"https:\/\/www.hoymercedes.com.ar\/principal\/wp-content\/uploads\/2017\/09\/04-biblioteca-sarmiento.jpg\" data-orig-size=\"630,378\" data-comments-opened=\"0\" data-image-meta=\"{&quot;aperture&quot;:&quot;2.6&quot;,&quot;credit&quot;:&quot;&quot;,&quot;camera&quot;:&quot;SM-G313MU&quot;,&quot;caption&quot;:&quot;&quot;,&quot;created_timestamp&quot;:&quot;1504524608&quot;,&quot;copyright&quot;:&quot;&quot;,&quot;focal_length&quot;:&quot;3.31&quot;,&quot;iso&quot;:&quot;40&quot;,&quot;shutter_speed&quot;:&quot;0.010526315789474&quot;,&quot;title&quot;:&quot;&quot;,&quot;orientation&quot;:&quot;1&quot;}\" data-image-title=\"04 biblioteca sarmiento\" data-image-description=\"\" data-image-caption=\"\" data-large-file=\"https:\/\/www.hoymercedes.com.ar\/principal\/wp-content\/uploads\/2017\/09\/04-biblioteca-sarmiento.jpg\" class=\"aligncenter size-medium wp-image-66784\" src=\"https:\/\/www.hoymercedes.com.ar\/principal\/wp-content\/uploads\/2017\/09\/04-biblioteca-sarmiento-630x378.jpg\" alt=\"\" width=\"630\" height=\"378\" srcset=\"https:\/\/www.hoymercedes.com.ar\/principal\/wp-content\/uploads\/2017\/09\/04-biblioteca-sarmiento.jpg 630w, https:\/\/www.hoymercedes.com.ar\/principal\/wp-content\/uploads\/2017\/09\/04-biblioteca-sarmiento-150x90.jpg 150w\" sizes=\"auto, (max-width: 630px) 100vw, 630px\" \/><\/p>\n<p>Promediando la ma\u00f1ana de este lunes, las autoridades de la Biblioteca Sarmiento llevaron adelante un acto acotado del que participaron integrantes del Departamento Ejecutivo y Legislativo. La Presidenta de la centenaria instituci\u00f3n, Margot Loiza, dio cuenta de la historia de la Biblioteca Sarmiento y\u00a0resalt\u00f3 \u201clas fuerzas que impulsaron a los miembros de las distintas comisiones directivas a dotar a la ciudad de un medio id\u00f3neo en la b\u00fasqueda de la informaci\u00f3n\u201d.<\/p>\n<p>Luego, se descubri\u00f3 la placa conmemorativa de la mano de Margot, la Bibliotecaria oficial de la instituci\u00f3n, adem\u00e1s del Diputado Provincial Santiago R\u00e9vora, y el\u00a0Secretario de Gobierno, Juan Pablo L\u00f3pez Baggio, qui\u00e9n cerr\u00f3 el acto con sus palabras en nombre del Jefe Comunal.<\/p>\n","protected":false},"excerpt":{"rendered":"<p>Este 4 de septiembre de 2017, la Biblioteca Popular Domingo Faustino Sarmiento de Mercedes, instituci\u00f3n que se cre\u00f3 en 1887 &#8230; <a title=\"Celebraron los 130 a\u00f1os de la Biblioteca Sarmiento\" class=\"read-more\" href=\"https:\/\/www.hoymercedes.com.ar\/principal\/2017\/09\/04\/celebraron-los-130-anos-de-la-biblioteca-sarmiento\/\" aria-label=\"Leer m\u00e1s sobre Celebraron los 130 a\u00f1os de la Biblioteca Sarmiento\">Leer m\u00e1s<\/a><\/p>\n","protected":false},"author":1,"featured_media":66784,"comment_status":"closed","ping_status":"open","sticky":false,"template":"","format":"standard","meta":{"_monsterinsights_skip_tracking":false,"_monsterinsights_sitenote_active":false,"_monsterinsights_sitenote_note":"","_monsterinsights_sitenote_category":0,"jetpack_post_was_ever_published":false,"_jetpack_newsletter_access":"","_jetpack_dont_email_post_to_subs":false,"_jetpack_newsletter_tier_id":0,"_jetpack_memberships_contains_paywalled_content":false,"_jetpack_memberships_contains_paid_content":false,"footnotes":"","jetpack_publicize_message":"","jetpack_publicize_feature_enabled":true,"jetpack_social_post_already_shared":true,"jetpack_social_options":{"image_generator_settings":{"template":"highway","default_image_id":0,"font":"","enabled":false},"version":2},"_wpas_customize_per_network":false},"categories":[104,8],"tags":[10727,8829,3066,10],"class_list":["post-66783","post","type-post","status-publish","format-standard","has-post-thumbnail","hentry","category-cultura","category-sociedad","tag-130-anos","tag-aniversario","tag-biblioteca-sarmiento","tag-mercedes","generate-columns","tablet-grid-50","mobile-grid-100","grid-parent","grid-50"],"jetpack_publicize_connections":[],"jetpack_featured_media_url":"https:\/\/www.hoymercedes.com.ar\/principal\/wp-content\/uploads\/2017\/09\/04-biblioteca-sarmiento.jpg","wps_subtitle":"Breve acto aniversario","jetpack_sharing_enabled":true,"_links":{"self":[{"href":"https:\/\/www.hoymercedes.com.ar\/principal\/wp-json\/wp\/v2\/posts\/66783","targetHints":{"allow":["GET"]}}],"collection":[{"href":"https:\/\/www.hoymercedes.com.ar\/principal\/wp-json\/wp\/v2\/posts"}],"about":[{"href":"https:\/\/www.hoymercedes.com.ar\/principal\/wp-json\/wp\/v2\/types\/post"}],"author":[{"embeddable":true,"href":"https:\/\/www.hoymercedes.com.ar\/principal\/wp-json\/wp\/v2\/users\/1"}],"replies":[{"embeddable":true,"href":"https:\/\/www.hoymercedes.com.ar\/principal\/wp-json\/wp\/v2\/comments?post=66783"}],"version-history":[{"count":0,"href":"https:\/\/www.hoymercedes.com.ar\/principal\/wp-json\/wp\/v2\/posts\/66783\/revisions"}],"wp:featuredmedia":[{"embeddable":true,"href":"https:\/\/www.hoymercedes.com.ar\/principal\/wp-json\/wp\/v2\/media\/66784"}],"wp:attachment":[{"href":"https:\/\/www.hoymercedes.com.ar\/principal\/wp-json\/wp\/v2\/media?parent=66783"}],"wp:term":[{"taxonomy":"category","embeddable":true,"href":"https:\/\/www.hoymercedes.com.ar\/principal\/wp-json\/wp\/v2\/categories?post=66783"},{"taxonomy":"post_tag","embeddable":true,"href":"https:\/\/www.hoymercedes.com.ar\/principal\/wp-json\/wp\/v2\/tags?post=66783"}],"curies":[{"name":"wp","href":"https:\/\/api.w.org\/{rel}","templated":true}]}}