{"id":66794,"date":"2017-09-07T10:34:33","date_gmt":"2017-09-07T13:34:33","guid":{"rendered":"http:\/\/www.hoymercedes.com.ar\/principal\/?p=66794"},"modified":"2017-09-12T16:43:47","modified_gmt":"2017-09-12T19:43:47","slug":"encuentros-con-el-arte-del-pasado","status":"publish","type":"post","link":"https:\/\/www.hoymercedes.com.ar\/principal\/2017\/09\/07\/encuentros-con-el-arte-del-pasado\/","title":{"rendered":"Encuentros con el Arte del Pasado"},"content":{"rendered":"<p>Este pr\u00f3ximo s\u00e1bado 9 de septiembre, el Museo de Arte de Mercedes recibe nuevamente al Prof. Axel Libenson quien contin\u00faa con el programa de Encuentros con el Arte del Pasado. Esta sexta clase, estar\u00e1 centrada en el Arte Griego. El encuentro es a la hora 18. El valor del curso es de 100 pesos.<\/p>\n","protected":false},"excerpt":{"rendered":"<p>Este pr\u00f3ximo s\u00e1bado 9 de septiembre, el Museo de Arte de Mercedes recibe nuevamente al Prof. Axel Libenson quien contin\u00faa &#8230; <a title=\"Encuentros con el Arte del Pasado\" class=\"read-more\" href=\"https:\/\/www.hoymercedes.com.ar\/principal\/2017\/09\/07\/encuentros-con-el-arte-del-pasado\/\" aria-label=\"Leer m\u00e1s sobre Encuentros con el Arte del Pasado\">Leer m\u00e1s<\/a><\/p>\n","protected":false},"author":1,"featured_media":0,"comment_status":"closed","ping_status":"open","sticky":false,"template":"","format":"standard","meta":{"_monsterinsights_skip_tracking":false,"_monsterinsights_sitenote_active":false,"_monsterinsights_sitenote_note":"","_monsterinsights_sitenote_category":0,"jetpack_post_was_ever_published":false,"_jetpack_newsletter_access":"","_jetpack_dont_email_post_to_subs":false,"_jetpack_newsletter_tier_id":0,"_jetpack_memberships_contains_paywalled_content":false,"_jetpack_memberships_contains_paid_content":false,"footnotes":"","jetpack_publicize_message":"","jetpack_publicize_feature_enabled":true,"jetpack_social_post_already_shared":true,"jetpack_social_options":{"image_generator_settings":{"template":"highway","default_image_id":0,"font":"","enabled":false},"version":2},"_wpas_customize_per_network":false},"categories":[104],"tags":[11823,7805,8674,10],"class_list":["post-66794","post","type-post","status-publish","format-standard","hentry","category-cultura","tag-arte-del-pasado","tag-cultura","tag-mamm","tag-mercedes","generate-columns","tablet-grid-50","mobile-grid-100","grid-parent","grid-50"],"jetpack_publicize_connections":[],"jetpack_featured_media_url":"","wps_subtitle":"","jetpack_sharing_enabled":true,"_links":{"self":[{"href":"https:\/\/www.hoymercedes.com.ar\/principal\/wp-json\/wp\/v2\/posts\/66794","targetHints":{"allow":["GET"]}}],"collection":[{"href":"https:\/\/www.hoymercedes.com.ar\/principal\/wp-json\/wp\/v2\/posts"}],"about":[{"href":"https:\/\/www.hoymercedes.com.ar\/principal\/wp-json\/wp\/v2\/types\/post"}],"author":[{"embeddable":true,"href":"https:\/\/www.hoymercedes.com.ar\/principal\/wp-json\/wp\/v2\/users\/1"}],"replies":[{"embeddable":true,"href":"https:\/\/www.hoymercedes.com.ar\/principal\/wp-json\/wp\/v2\/comments?post=66794"}],"version-history":[{"count":0,"href":"https:\/\/www.hoymercedes.com.ar\/principal\/wp-json\/wp\/v2\/posts\/66794\/revisions"}],"wp:attachment":[{"href":"https:\/\/www.hoymercedes.com.ar\/principal\/wp-json\/wp\/v2\/media?parent=66794"}],"wp:term":[{"taxonomy":"category","embeddable":true,"href":"https:\/\/www.hoymercedes.com.ar\/principal\/wp-json\/wp\/v2\/categories?post=66794"},{"taxonomy":"post_tag","embeddable":true,"href":"https:\/\/www.hoymercedes.com.ar\/principal\/wp-json\/wp\/v2\/tags?post=66794"}],"curies":[{"name":"wp","href":"https:\/\/api.w.org\/{rel}","templated":true}]}}